{"id":13943,"date":"2020-03-23T13:06:53","date_gmt":"2020-03-23T16:06:53","guid":{"rendered":"http:\/\/sindesvdf.com.br\/news\/?p=13943"},"modified":"2020-03-24T16:56:08","modified_gmt":"2020-03-24T19:56:08","slug":"seguindo-orientacoes-de-autoridades-locais-sindicato-suspendera-atendimento-por-uma-semana","status":"publish","type":"post","link":"https:\/\/sindesvdf.com.br\/news\/seguindo-orientacoes-de-autoridades-locais-sindicato-suspendera-atendimento-por-uma-semana\/","title":{"rendered":"Seguindo orienta\u00e7\u00f5es de autoridades locais, Sindicato suspender\u00e1 atendimento por uma semana"},"content":{"rendered":"<figure id=\"attachment_13944\" aria-describedby=\"caption-attachment-13944\" style=\"width: 700px\" class=\"wp-caption aligncenter\"><img loading=\"lazy\" decoding=\"async\" class=\"size-full wp-image-13944\" src=\"http:\/\/sindesvdf.com.br\/news\/wp-content\/uploads\/2020\/03\/Sindesv.png\" alt=\"\" width=\"700\" height=\"400\" srcset=\"https:\/\/sindesvdf.com.br\/news\/wp-content\/uploads\/2020\/03\/Sindesv.png 700w, https:\/\/sindesvdf.com.br\/news\/wp-content\/uploads\/2020\/03\/Sindesv-300x171.png 300w\" sizes=\"auto, (max-width: 700px) 100vw, 700px\" \/><figcaption id=\"caption-attachment-13944\" class=\"wp-caption-text\">Os diretores do Sindicato estar\u00e3o com seus celulares ligados e preparados para atender as emerg\u00eancias que surgirem<\/figcaption><\/figure>\n<p><span style=\"font-size: 14pt;\">A partir desta segunda-feira, 23\/03\/2020, o Sindicato estar\u00e1 com suas atividades suspensas por uma semana, entre essas atividades est\u00e3o as homologa\u00e7\u00f5es e demais servi\u00e7os. Esperamos, desta forma, contribuir para reduzir o n\u00famero de pessoas nas ruas e ajudando que aquelas que precisam trabalhar, tenham o menor contato poss\u00edvel com as pessoas que podem trabalhar de casa.<\/span><\/p>\n<p><span style=\"font-size: 14pt;\">Os diretores do Sindicato, conforme rela\u00e7\u00e3o abaixo, estar\u00e3o com seus celulares ligados e preparados para atender as emerg\u00eancias que surgirem, dando total aten\u00e7\u00e3o a esses casos. Lembramos que a maioria dos diretores tamb\u00e9m estar\u00e1 trabalhando no per\u00edodo noturno em seus postos de servi\u00e7o, mas durante o dia, poder\u00e3o atender as emerg\u00eancias e durante \u00e0 noite, alguns estar\u00e3o livres para lhes atender.<\/span><\/p>\n<p><span style=\"font-size: 14pt;\">As salas de atendimento do plano de sa\u00fade tamb\u00e9m estar\u00e3o fechadas, mas a central estar\u00e1 atendendo normalmente e em caso de emerg\u00eancia, podem procurar um de nossos diretores.<\/span><\/p>\n<p><span style=\"font-size: 14pt;\">Segundo as autoridades, inclusive o Ministro da Sa\u00fade do governo Federal, esta pr\u00f3xima semana \u00e9 a mais problem\u00e1tica para a contamina\u00e7\u00e3o do coronav\u00edrus, portanto, quanto menos pessoas circulando, melhor para conter a pandemia e evitar um colapso no sistema de sa\u00fade.<\/span><\/p>\n<p><span style=\"font-size: 14pt;\"><strong>CONTATO DOS DIRETORES DO SINDICATO DOS VIGILANTES DO DF<br \/>\n<\/strong><\/span><br \/>\n<span style=\"font-size: 14pt;\">Gilmar \u2013 98581-5670<\/span><br \/>\n<span style=\"font-size: 14pt;\">Edmar &#8211; 99318-8731<\/span><br \/>\n<span style=\"font-size: 14pt;\">Amarildo \u2013 99370-5959<\/span><br \/>\n<span style=\"font-size: 14pt;\">Arlem &#8211; 98408-5850<\/span><br \/>\n<span style=\"font-size: 14pt;\">Eduardo &#8211; 98229-2782<\/span><br \/>\n<span style=\"font-size: 14pt;\">Edmilson \u2013 98182-5919<\/span><br \/>\n<span style=\"font-size: 14pt;\">Elton John \u2013 99510-0810<\/span><br \/>\n<span style=\"font-size: 14pt;\">Gilvan &#8211; 99369-9880<\/span><br \/>\n<span style=\"font-size: 14pt;\">Florismar \u2013 99387-3596<\/span><br \/>\n<span style=\"font-size: 14pt;\">Jo\u00e3o Vianey &#8211; 99835-4399<\/span><br \/>\n<span style=\"font-size: 14pt;\">Ismael &#8211; 99583-7779<\/span><br \/>\n<span style=\"font-size: 14pt;\">Luiz Nascimento &#8211; 98455-5349<\/span><br \/>\n<span style=\"font-size: 14pt;\">Luiz Paulo &#8211; 99672-6393<\/span><br \/>\n<span style=\"font-size: 14pt;\">Melk \u2013 99811-1753<\/span><br \/>\n<span style=\"font-size: 14pt;\">Manoel \u2013 99981-0665<\/span><br \/>\n<span style=\"font-size: 14pt;\">Santiago \u2013 99684-1858<\/span><br \/>\n<span style=\"font-size: 14pt;\">Ti\u00e3o &#8211; 99621-7550<\/span><br \/>\n<span style=\"font-size: 14pt;\">Maura &#8211; 99177-7924<\/span><br \/>\n<span style=\"font-size: 14pt;\">Rog\u00e9rio \u2013 98242-1725<\/span><br \/>\n<span style=\"font-size: 14pt;\">Joseni &#8211; 99408-1212<\/span><\/p>\n<p><span style=\"font-size: 14pt;\">Plant\u00e3o Sa\u00fadeSim: 4090 &#8211; 1718 (Call Center)<\/span><\/p>\n<p class=\"wpf_wrapper\"><a class=\"print_link\" href=\"\" target=\"_blank\">Preparar para impress\u00e3o<\/a><\/p><!-- .wpf_wrapper -->","protected":false},"excerpt":{"rendered":"<p>A partir desta segunda-feira, 23\/03\/2020, o Sindicato estar\u00e1 com suas atividades suspensas por uma semana, entre essas atividades est\u00e3o as&hellip; <\/p>\n","protected":false},"author":4,"featured_media":13944,"comment_status":"closed","ping_status":"closed","sticky":false,"template":"","format":"standard","meta":{"footnotes":""},"categories":[7,101],"tags":[],"class_list":["post-13943","post","type-post","status-publish","format-standard","has-post-thumbnail","hentry","category-noticias","category-olho-vivo"],"jetpack_featured_media_url":"https:\/\/sindesvdf.com.br\/news\/wp-content\/uploads\/2020\/03\/Sindesv.png","_links":{"self":[{"href":"https:\/\/sindesvdf.com.br\/news\/wp-json\/wp\/v2\/posts\/13943","targetHints":{"allow":["GET"]}}],"collection":[{"href":"https:\/\/sindesvdf.com.br\/news\/wp-json\/wp\/v2\/posts"}],"about":[{"href":"https:\/\/sindesvdf.com.br\/news\/wp-json\/wp\/v2\/types\/post"}],"author":[{"embeddable":true,"href":"https:\/\/sindesvdf.com.br\/news\/wp-json\/wp\/v2\/users\/4"}],"replies":[{"embeddable":true,"href":"https:\/\/sindesvdf.com.br\/news\/wp-json\/wp\/v2\/comments?post=13943"}],"version-history":[{"count":3,"href":"https:\/\/sindesvdf.com.br\/news\/wp-json\/wp\/v2\/posts\/13943\/revisions"}],"predecessor-version":[{"id":13961,"href":"https:\/\/sindesvdf.com.br\/news\/wp-json\/wp\/v2\/posts\/13943\/revisions\/13961"}],"wp:featuredmedia":[{"embeddable":true,"href":"https:\/\/sindesvdf.com.br\/news\/wp-json\/wp\/v2\/media\/13944"}],"wp:attachment":[{"href":"https:\/\/sindesvdf.com.br\/news\/wp-json\/wp\/v2\/media?parent=13943"}],"wp:term":[{"taxonomy":"category","embeddable":true,"href":"https:\/\/sindesvdf.com.br\/news\/wp-json\/wp\/v2\/categories?post=13943"},{"taxonomy":"post_tag","embeddable":true,"href":"https:\/\/sindesvdf.com.br\/news\/wp-json\/wp\/v2\/tags?post=13943"}],"curies":[{"name":"wp","href":"https:\/\/api.w.org\/{rel}","templated":true}]}}