{"id":13949,"date":"2020-03-24T13:09:36","date_gmt":"2020-03-24T16:09:36","guid":{"rendered":"http:\/\/sindesvdf.com.br\/news\/?p=13949"},"modified":"2020-03-24T16:53:09","modified_gmt":"2020-03-24T19:53:09","slug":"atencao-vigilantes-que-moram-no-entorno-do-df-e-trabalham-em-brasilia","status":"publish","type":"post","link":"https:\/\/sindesvdf.com.br\/news\/atencao-vigilantes-que-moram-no-entorno-do-df-e-trabalham-em-brasilia\/","title":{"rendered":"Aten\u00e7\u00e3o Vigilantes que moram no Entorno do DF e trabalham em Bras\u00edlia"},"content":{"rendered":"<p>&nbsp;<\/p>\n<p><img loading=\"lazy\" decoding=\"async\" class=\"aligncenter size-full wp-image-13955\" src=\"http:\/\/sindesvdf.com.br\/news\/wp-content\/uploads\/2020\/03\/CNV_SiteOk.png\" alt=\"\" width=\"700\" height=\"400\" srcset=\"https:\/\/sindesvdf.com.br\/news\/wp-content\/uploads\/2020\/03\/CNV_SiteOk.png 700w, https:\/\/sindesvdf.com.br\/news\/wp-content\/uploads\/2020\/03\/CNV_SiteOk-300x171.png 300w\" sizes=\"auto, (max-width: 700px) 100vw, 700px\" \/><\/p>\n<p><span style=\"font-size: 14pt;\">Diante da proibi\u00e7\u00e3o de circula\u00e7\u00e3o de pessoas das cidades do Entorno para Bras\u00edlia, inclusive com barreiras policiais para adentrar no Distrito Federal, alguns vigilantes est\u00e3o encontrando dificuldades e at\u00e9 impedimento de chegarem aos seus postos de servi\u00e7o para trabalhar.<\/span><\/p>\n<p><span style=\"font-size: 14pt;\">Quando ocorrer esta situa\u00e7\u00e3o, o vigilante deve mostrar a sua CNV \u2013 Carteira Nacional de Vigilante ao policial e informar que a seguran\u00e7a privada est\u00e1 entre os servi\u00e7os essenciais definidos em decreto pelo Presidente da Rep\u00fablica, Jair Bolsonaro.<\/span><\/p>\n<p><span style=\"font-size: 14pt;\">Dentre os artigos do Decreto, est\u00e1 este, definido como essencial e que n\u00e3o pode ser interrompido:<\/span><\/p>\n<p><em><span style=\"font-size: 14pt;\">III &#8211; atividades de seguran\u00e7a p\u00fablica e privada, inclu\u00eddas a vigil\u00e2ncia, a guarda e a cust\u00f3dia de presos;<\/span><\/em><\/p>\n<p><span style=\"font-size: 14pt;\">Na hora que o vigilante for abordado, deve mostrar sua CNV e citar o decreto do presidente Bolsonaro.<\/span><\/p>\n<p><span style=\"font-size: 14pt;\">DECRETO N\u00ba 10.282, DE 20 DE MAR\u00c7O DE 2020 &#8211; Regulamenta a Lei n\u00ba 13.979, de 6 de fevereiro de 2020, para definir os servi\u00e7os p\u00fablicos e as atividades essenciais.<\/span><\/p>\n<p><img loading=\"lazy\" decoding=\"async\" class=\"aligncenter size-full wp-image-13952\" src=\"http:\/\/sindesvdf.com.br\/news\/wp-content\/uploads\/2020\/03\/entorno.jpg\" alt=\"\" width=\"372\" height=\"300\" srcset=\"https:\/\/sindesvdf.com.br\/news\/wp-content\/uploads\/2020\/03\/entorno.jpg 372w, https:\/\/sindesvdf.com.br\/news\/wp-content\/uploads\/2020\/03\/entorno-300x242.jpg 300w\" sizes=\"auto, (max-width: 372px) 100vw, 372px\" \/><\/p>\n<p class=\"wpf_wrapper\"><a class=\"print_link\" href=\"\" target=\"_blank\">Preparar para impress\u00e3o<\/a><\/p><!-- .wpf_wrapper -->","protected":false},"excerpt":{"rendered":"<p>&nbsp; Diante da proibi\u00e7\u00e3o de circula\u00e7\u00e3o de pessoas das cidades do Entorno para Bras\u00edlia, inclusive com barreiras policiais para adentrar&hellip; <\/p>\n","protected":false},"author":4,"featured_media":13955,"comment_status":"closed","ping_status":"closed","sticky":false,"template":"","format":"standard","meta":{"footnotes":""},"categories":[7,101],"tags":[],"class_list":["post-13949","post","type-post","status-publish","format-standard","has-post-thumbnail","hentry","category-noticias","category-olho-vivo"],"jetpack_featured_media_url":"https:\/\/sindesvdf.com.br\/news\/wp-content\/uploads\/2020\/03\/CNV_SiteOk.png","_links":{"self":[{"href":"https:\/\/sindesvdf.com.br\/news\/wp-json\/wp\/v2\/posts\/13949","targetHints":{"allow":["GET"]}}],"collection":[{"href":"https:\/\/sindesvdf.com.br\/news\/wp-json\/wp\/v2\/posts"}],"about":[{"href":"https:\/\/sindesvdf.com.br\/news\/wp-json\/wp\/v2\/types\/post"}],"author":[{"embeddable":true,"href":"https:\/\/sindesvdf.com.br\/news\/wp-json\/wp\/v2\/users\/4"}],"replies":[{"embeddable":true,"href":"https:\/\/sindesvdf.com.br\/news\/wp-json\/wp\/v2\/comments?post=13949"}],"version-history":[{"count":4,"href":"https:\/\/sindesvdf.com.br\/news\/wp-json\/wp\/v2\/posts\/13949\/revisions"}],"predecessor-version":[{"id":13956,"href":"https:\/\/sindesvdf.com.br\/news\/wp-json\/wp\/v2\/posts\/13949\/revisions\/13956"}],"wp:featuredmedia":[{"embeddable":true,"href":"https:\/\/sindesvdf.com.br\/news\/wp-json\/wp\/v2\/media\/13955"}],"wp:attachment":[{"href":"https:\/\/sindesvdf.com.br\/news\/wp-json\/wp\/v2\/media?parent=13949"}],"wp:term":[{"taxonomy":"category","embeddable":true,"href":"https:\/\/sindesvdf.com.br\/news\/wp-json\/wp\/v2\/categories?post=13949"},{"taxonomy":"post_tag","embeddable":true,"href":"https:\/\/sindesvdf.com.br\/news\/wp-json\/wp\/v2\/tags?post=13949"}],"curies":[{"name":"wp","href":"https:\/\/api.w.org\/{rel}","templated":true}]}}