{"id":13978,"date":"2020-03-25T15:10:08","date_gmt":"2020-03-25T18:10:08","guid":{"rendered":"http:\/\/sindesvdf.com.br\/news\/?p=13978"},"modified":"2020-03-25T15:12:22","modified_gmt":"2020-03-25T18:12:22","slug":"em-tempos-de-pandemia-vigilantes-mostram-o-valor-e-a-importancia-da-profissao","status":"publish","type":"post","link":"https:\/\/sindesvdf.com.br\/news\/em-tempos-de-pandemia-vigilantes-mostram-o-valor-e-a-importancia-da-profissao\/","title":{"rendered":"Em tempos de pandemia, vigilantes mostram o valor e a import\u00e2ncia da profiss\u00e3o."},"content":{"rendered":"<p><img loading=\"lazy\" decoding=\"async\" class=\"aligncenter size-full wp-image-13979\" src=\"http:\/\/sindesvdf.com.br\/news\/wp-content\/uploads\/2020\/03\/vigilantes.png\" alt=\"\" width=\"700\" height=\"400\" srcset=\"https:\/\/sindesvdf.com.br\/news\/wp-content\/uploads\/2020\/03\/vigilantes.png 700w, https:\/\/sindesvdf.com.br\/news\/wp-content\/uploads\/2020\/03\/vigilantes-300x171.png 300w\" sizes=\"auto, (max-width: 700px) 100vw, 700px\" \/><\/p>\n<p><span style=\"font-size: 14pt;\">Que recado importante os vigilantes est\u00e3o dando ao Brasil, mas tamb\u00e9m para aqueles empres\u00e1rios que est\u00e3o sempre pensando em retirar direitos e conquistas desta valorosa categoria.<\/span><\/p>\n<p><span style=\"font-size: 14pt;\">\u00c9 deste trabalho considerado essencial, com todos os riscos inerentes \u00e0 profiss\u00e3o, inclusive risco \u00e0 vida, que os empres\u00e1rios tiram os seus lucros e, por isso, deviam valorizar mais os seus empregados e empregadas, pois os vigilantes est\u00e3o de parab\u00e9ns por estarem na linha de frente, junto com outras categorias da sa\u00fade, da limpeza, da seguran\u00e7a p\u00fablica, etc para fazer este pa\u00eds funcionar enquanto se combate o COVID-19.<\/span><\/p>\n<p><span style=\"font-size: 14pt;\">A dire\u00e7\u00e3o do Sindicato dos Vigilantes pede aos vigilantes paci\u00eancia neste momento de afli\u00e7\u00e3o e acreditamos que esta situa\u00e7\u00e3o ser\u00e1 passageira e sairemos dela mais fortes e mais conscientes do importante papel da seguran\u00e7a privada na presta\u00e7\u00e3o de servi\u00e7os \u00e0 sociedade.<\/span><\/p>\n<p><span style=\"font-size: 14pt;\">Tamb\u00e9m agradecemos \u00e0s empresas que est\u00e3o adotando medidas protetivas aos seus empregados, remanejando vigilantes que est\u00e3o no grupo de risco para postos menos vulner\u00e1veis ou antecipando f\u00e9rias para que n\u00e3o corram risco. \u00c9 fundamental que todos compreendam que estamos juntos nesta luta contra o coronav\u00edrus.<\/span><\/p>\n<p><span style=\"font-size: 14pt;\">A dire\u00e7\u00e3o do Sindicato dos Vigilantes do DF e seus funcion\u00e1rios est\u00e3o de plant\u00e3o permanente para dar todo o suporte que os vigilantes precisam para superar as adversidades que surgirem e resolver situa\u00e7\u00f5es emergenciais.<\/span><\/p>\n<p><span style=\"font-size: 14pt;\">Cada vida \u00e9 importante e insubstitu\u00edvel.<\/span><\/p>\n<p><span style=\"font-size: 14pt;\">SINDICATO DOS VIGILANTES DO DF &#8211; SEMPRE EM DEFESA DE SEUS REPRESENTADOS<\/span><\/p>\n<p class=\"wpf_wrapper\"><a class=\"print_link\" href=\"\" target=\"_blank\">Preparar para impress\u00e3o<\/a><\/p><!-- .wpf_wrapper -->","protected":false},"excerpt":{"rendered":"<p>Que recado importante os vigilantes est\u00e3o dando ao Brasil, mas tamb\u00e9m para aqueles empres\u00e1rios que est\u00e3o sempre pensando em retirar&hellip; <\/p>\n","protected":false},"author":4,"featured_media":13979,"comment_status":"closed","ping_status":"closed","sticky":false,"template":"","format":"standard","meta":{"footnotes":""},"categories":[7,101],"tags":[],"class_list":["post-13978","post","type-post","status-publish","format-standard","has-post-thumbnail","hentry","category-noticias","category-olho-vivo"],"jetpack_featured_media_url":"https:\/\/sindesvdf.com.br\/news\/wp-content\/uploads\/2020\/03\/vigilantes.png","_links":{"self":[{"href":"https:\/\/sindesvdf.com.br\/news\/wp-json\/wp\/v2\/posts\/13978","targetHints":{"allow":["GET"]}}],"collection":[{"href":"https:\/\/sindesvdf.com.br\/news\/wp-json\/wp\/v2\/posts"}],"about":[{"href":"https:\/\/sindesvdf.com.br\/news\/wp-json\/wp\/v2\/types\/post"}],"author":[{"embeddable":true,"href":"https:\/\/sindesvdf.com.br\/news\/wp-json\/wp\/v2\/users\/4"}],"replies":[{"embeddable":true,"href":"https:\/\/sindesvdf.com.br\/news\/wp-json\/wp\/v2\/comments?post=13978"}],"version-history":[{"count":1,"href":"https:\/\/sindesvdf.com.br\/news\/wp-json\/wp\/v2\/posts\/13978\/revisions"}],"predecessor-version":[{"id":13980,"href":"https:\/\/sindesvdf.com.br\/news\/wp-json\/wp\/v2\/posts\/13978\/revisions\/13980"}],"wp:featuredmedia":[{"embeddable":true,"href":"https:\/\/sindesvdf.com.br\/news\/wp-json\/wp\/v2\/media\/13979"}],"wp:attachment":[{"href":"https:\/\/sindesvdf.com.br\/news\/wp-json\/wp\/v2\/media?parent=13978"}],"wp:term":[{"taxonomy":"category","embeddable":true,"href":"https:\/\/sindesvdf.com.br\/news\/wp-json\/wp\/v2\/categories?post=13978"},{"taxonomy":"post_tag","embeddable":true,"href":"https:\/\/sindesvdf.com.br\/news\/wp-json\/wp\/v2\/tags?post=13978"}],"curies":[{"name":"wp","href":"https:\/\/api.w.org\/{rel}","templated":true}]}}