{"id":13981,"date":"2020-03-27T12:21:51","date_gmt":"2020-03-27T15:21:51","guid":{"rendered":"http:\/\/sindesvdf.com.br\/news\/?p=13981"},"modified":"2020-03-27T12:26:47","modified_gmt":"2020-03-27T15:26:47","slug":"plenario-aprova-dispensa-de-atestado-medico-para-trabalhador-infectado-pelo-coronavirus","status":"publish","type":"post","link":"https:\/\/sindesvdf.com.br\/news\/plenario-aprova-dispensa-de-atestado-medico-para-trabalhador-infectado-pelo-coronavirus\/","title":{"rendered":"Plen\u00e1rio aprova dispensa de atestado m\u00e9dico para trabalhador infectado pelo coronav\u00edrus"},"content":{"rendered":"<h5 style=\"text-align: center;\"><span style=\"color: #808080; font-size: 14pt;\"><em><strong>O objetivo \u00e9 evitar uma corrida aos hospitais na busca de atestado para justificar faltas<\/strong><\/em><\/span><\/h5>\n<figure id=\"attachment_13984\" aria-describedby=\"caption-attachment-13984\" style=\"width: 700px\" class=\"wp-caption aligncenter\"><img loading=\"lazy\" decoding=\"async\" class=\"wp-image-13984 size-full\" src=\"http:\/\/sindesvdf.com.br\/news\/wp-content\/uploads\/2020\/03\/CLDF.jpeg\" alt=\"\" width=\"700\" height=\"400\" srcset=\"https:\/\/sindesvdf.com.br\/news\/wp-content\/uploads\/2020\/03\/CLDF.jpeg 700w, https:\/\/sindesvdf.com.br\/news\/wp-content\/uploads\/2020\/03\/CLDF-300x171.jpeg 300w\" sizes=\"auto, (max-width: 700px) 100vw, 700px\" \/><figcaption id=\"caption-attachment-13984\" class=\"wp-caption-text\"><span style=\"font-size: 10pt;\"> Proposta foi aprovada em Plen\u00e1rio por meio de vota\u00e7\u00e3o remota || Foto: Michel Jesus\/ C\u00e2mara dos Deputados<\/span><\/figcaption><\/figure>\n<p><span style=\"font-size: 14pt;\">O Plen\u00e1rio da C\u00e2mara dos Deputados aprovou, nesta quinta-feira (26), o Projeto de Lei 702\/20, que dispensa apresenta\u00e7\u00e3o de atestado m\u00e9dico para justificar falta de trabalhador infectado por coronav\u00edrus ou que teve contato com doentes. A proposta segue para o Senado Federal.<\/span><\/p>\n<p><span style=\"font-size: 14pt;\">O projeto garante afastamento por sete dias, dispensado o atestado m\u00e9dico, mas obriga o empregado a notificar o empregador imediatamente.<\/span><\/p>\n<p><span style=\"font-size: 14pt;\">Em caso de quarentena imposta, o trabalhador poder\u00e1 apresentar, a partir do oitavo dia, justificativa v\u00e1lida, atestado m\u00e9dico, documento de unidade de sa\u00fade do Sistema \u00danico de Sa\u00fade (SUS) ou documento eletr\u00f4nico regulamentado pelo Minist\u00e9rio da Sa\u00fade.<\/span><\/p>\n<p><span style=\"font-size: 14pt;\">A regra vale enquanto durar a emerg\u00eancia p\u00fablica em sa\u00fade relacionada \u00e0 pandemia do coronav\u00edrus.<\/span><\/p>\n<p><strong><span style=\"font-size: 14pt;\">Desburocratiza\u00e7\u00e3o<\/span><\/strong><br \/>\n<span style=\"font-size: 14pt;\">O projeto \u00e9 de autoria do deputado Alexandre Padilha (PT-SP) e outros nove parlamentares que integram a comiss\u00e3o externa criada para acompanhar as a\u00e7\u00f5es contra o coronav\u00edrus (Covid-19).<\/span><\/p>\n<p><span style=\"font-size: 14pt;\">Padilha disse que a norma segue orienta\u00e7\u00e3o do Minist\u00e9rio da Sa\u00fade para desafogar as unidades de sa\u00fade diante da pandemia. <em>&#8220;Hoje, quem tem sintomas e precisa ficar em casa tem que ir atr\u00e1s da unidade de sa\u00fade ou de um m\u00e9dico para arrumar um atestado e comprovar os dias que est\u00e1 em casa. Com a proposta, ele ser\u00e1 dispensado por sete dias e, a partir do oitavo, tem outras op\u00e7\u00f5es. Vamos reduzir a press\u00e3o sobre os sistemas de sa\u00fade&#8221;<\/em>, afirmou.<\/span><\/p>\n<p><span style=\"font-size: 14pt;\">O texto aprovado \u00e9 o substitutivo da deputada Alice Portugal (PCdoB-BA), que incluiu algumas altera\u00e7\u00f5es a pedido de l\u00edderes partid\u00e1rios. Ela destacou a import\u00e2ncia de desburocratizar as faltas por sa\u00fade durante a pandemia de coronav\u00edrus.<\/span><\/p>\n<p><span style=\"font-size: 14pt;\">O l\u00edder do PSDB, deputado Carlos Sampaio (SP), foi quem sugeriu a isen\u00e7\u00e3o do atestado tamb\u00e9m para as pessoas que tiveram contato com infectados por coronav\u00edrus \u2013 o texto inicial falava apenas dos doentes.<\/span><\/p>\n<p><span style=\"font-size: 14pt;\">Sampaio destacou que \u00e9 preciso comunicar o empregador de antem\u00e3o. <em>&#8220;Podemos estar falando de um grande n\u00famero de empregados que estiveram em contato com infectados, por isso \u00e9 importante notificar o empregador de alguma forma&#8221;<\/em>, afirmou.<\/span><\/p>\n<p style=\"text-align: right;\"><strong>Reportagem \u2013 Carol Siqueira<\/strong><br \/>\n<strong>Edi\u00e7\u00e3o \u2013 Pierre Triboli<\/strong><\/p>\n<p style=\"text-align: right;\"><strong><em>Fonte: Ag\u00eancia C\u00e2mara de Not\u00edcias<\/em><\/strong><\/p>\n<p class=\"wpf_wrapper\"><a class=\"print_link\" href=\"\" target=\"_blank\">Preparar para impress\u00e3o<\/a><\/p><!-- .wpf_wrapper -->","protected":false},"excerpt":{"rendered":"<p>O objetivo \u00e9 evitar uma corrida aos hospitais na busca de atestado para justificar faltas O Plen\u00e1rio da C\u00e2mara dos&hellip; <\/p>\n","protected":false},"author":4,"featured_media":13984,"comment_status":"closed","ping_status":"closed","sticky":false,"template":"","format":"standard","meta":{"footnotes":""},"categories":[115],"tags":[],"class_list":["post-13981","post","type-post","status-publish","format-standard","has-post-thumbnail","hentry","category-plantao-olho-vivo"],"jetpack_featured_media_url":"https:\/\/sindesvdf.com.br\/news\/wp-content\/uploads\/2020\/03\/CLDF.jpeg","_links":{"self":[{"href":"https:\/\/sindesvdf.com.br\/news\/wp-json\/wp\/v2\/posts\/13981","targetHints":{"allow":["GET"]}}],"collection":[{"href":"https:\/\/sindesvdf.com.br\/news\/wp-json\/wp\/v2\/posts"}],"about":[{"href":"https:\/\/sindesvdf.com.br\/news\/wp-json\/wp\/v2\/types\/post"}],"author":[{"embeddable":true,"href":"https:\/\/sindesvdf.com.br\/news\/wp-json\/wp\/v2\/users\/4"}],"replies":[{"embeddable":true,"href":"https:\/\/sindesvdf.com.br\/news\/wp-json\/wp\/v2\/comments?post=13981"}],"version-history":[{"count":8,"href":"https:\/\/sindesvdf.com.br\/news\/wp-json\/wp\/v2\/posts\/13981\/revisions"}],"predecessor-version":[{"id":13990,"href":"https:\/\/sindesvdf.com.br\/news\/wp-json\/wp\/v2\/posts\/13981\/revisions\/13990"}],"wp:featuredmedia":[{"embeddable":true,"href":"https:\/\/sindesvdf.com.br\/news\/wp-json\/wp\/v2\/media\/13984"}],"wp:attachment":[{"href":"https:\/\/sindesvdf.com.br\/news\/wp-json\/wp\/v2\/media?parent=13981"}],"wp:term":[{"taxonomy":"category","embeddable":true,"href":"https:\/\/sindesvdf.com.br\/news\/wp-json\/wp\/v2\/categories?post=13981"},{"taxonomy":"post_tag","embeddable":true,"href":"https:\/\/sindesvdf.com.br\/news\/wp-json\/wp\/v2\/tags?post=13981"}],"curies":[{"name":"wp","href":"https:\/\/api.w.org\/{rel}","templated":true}]}}