{"id":14061,"date":"2020-04-17T16:04:40","date_gmt":"2020-04-17T19:04:40","guid":{"rendered":"http:\/\/sindesvdf.com.br\/news\/?p=14061"},"modified":"2020-04-17T16:04:40","modified_gmt":"2020-04-17T19:04:40","slug":"e-obrigacao-mesmo-assim-sindesv-df-agradece-empresas-que-estao-fornecendo-epis-aos-vigilantes","status":"publish","type":"post","link":"https:\/\/sindesvdf.com.br\/news\/e-obrigacao-mesmo-assim-sindesv-df-agradece-empresas-que-estao-fornecendo-epis-aos-vigilantes\/","title":{"rendered":"\u00c9 OBRIGA\u00c7\u00c3O! MESMO ASSIM, SINDESV-DF AGRADECE EMPRESAS QUE EST\u00c3O FORNECENDO EPIs AOS VIGILANTES"},"content":{"rendered":"<p><img loading=\"lazy\" decoding=\"async\" class=\"aligncenter size-full wp-image-14062\" src=\"http:\/\/sindesvdf.com.br\/news\/wp-content\/uploads\/2020\/04\/epis.png\" alt=\"\" width=\"700\" height=\"400\" srcset=\"https:\/\/sindesvdf.com.br\/news\/wp-content\/uploads\/2020\/04\/epis.png 700w, https:\/\/sindesvdf.com.br\/news\/wp-content\/uploads\/2020\/04\/epis-300x171.png 300w\" sizes=\"auto, (max-width: 700px) 100vw, 700px\" \/><\/p>\n<p><span style=\"font-size: 14pt;\">Diretores do Sindicato dos Vigilantes t\u00eam intensificado as fiscaliza\u00e7\u00f5es nos postos de servi\u00e7os e atendido emerg\u00eancias que surgem no dia-a-dia nesta \u00e9poca de pandemia pelo coronav\u00edrus. Temos observado o fornecimento de equipamentos de prote\u00e7\u00e3o aos vigilantes, principalmente as m\u00e1scaras e que agora, o GDF determinou o seu uso como obrigat\u00f3rio por toda a popula\u00e7\u00e3o do DF, inclusive crian\u00e7as.<\/span><\/p>\n<p><span style=\"font-size: 14pt;\">Acreditamos que esta medida, do uso obrigat\u00f3rio de m\u00e1scaras \u00e9 importante e assim, caso alguma empresa ainda esteja descumprindo suas obriga\u00e7\u00f5es no fornecimento do equipamento aos seus empregados, agora ter\u00e1 de se enquadrar. No entanto, esses n\u00fameros s\u00e3o m\u00ednimos. Mas a maioria das empresas vem fornecendo as m\u00e1scaras e empresas, como a Ipanema, que mandou confeccionar m\u00e1scaras pr\u00f3prias para seusempregados, com a logo da empresa. Uma \u00f3tima iniciativa e que deveria ser copiada por todas e a quem agradecemos pela iniciativa.<\/span><\/p>\n<p><span style=\"font-size: 14pt;\">Ressaltamos a import\u00e2ncia do uso da m\u00e1scara e se a mesma n\u00e3o for descart\u00e1vel, esta deve ser lavada diariamente, assim como o uniforme, lembrando tamb\u00e9m dos cuidados com os sapatos e botas. Lembre-se que, ao retornar para casa, voc\u00ea deve pensar na fam\u00edlia e assim tomar todas as precau\u00e7\u00f5es para proteg\u00ea-los, uma vez que a seguran\u00e7a privada \u00e9 atividade considerada essencial e n\u00e3o podemos ficar em casa.<\/span><\/p>\n<p><span style=\"font-size: 14pt;\">Cuidem-se. Estamos trabalhando diariamente para ajudar na prote\u00e7\u00e3o de cada vigilante em seu posto de servi\u00e7o.<\/span><\/p>\n<p class=\"wpf_wrapper\"><a class=\"print_link\" href=\"\" target=\"_blank\">Preparar para impress\u00e3o<\/a><\/p><!-- .wpf_wrapper -->","protected":false},"excerpt":{"rendered":"<p>Diretores do Sindicato dos Vigilantes t\u00eam intensificado as fiscaliza\u00e7\u00f5es nos postos de servi\u00e7os e atendido emerg\u00eancias que surgem no dia-a-dia&hellip; <\/p>\n","protected":false},"author":4,"featured_media":14062,"comment_status":"closed","ping_status":"open","sticky":false,"template":"","format":"standard","meta":{"footnotes":""},"categories":[7,101],"tags":[],"class_list":["post-14061","post","type-post","status-publish","format-standard","has-post-thumbnail","hentry","category-noticias","category-olho-vivo"],"jetpack_featured_media_url":"https:\/\/sindesvdf.com.br\/news\/wp-content\/uploads\/2020\/04\/epis.png","_links":{"self":[{"href":"https:\/\/sindesvdf.com.br\/news\/wp-json\/wp\/v2\/posts\/14061","targetHints":{"allow":["GET"]}}],"collection":[{"href":"https:\/\/sindesvdf.com.br\/news\/wp-json\/wp\/v2\/posts"}],"about":[{"href":"https:\/\/sindesvdf.com.br\/news\/wp-json\/wp\/v2\/types\/post"}],"author":[{"embeddable":true,"href":"https:\/\/sindesvdf.com.br\/news\/wp-json\/wp\/v2\/users\/4"}],"replies":[{"embeddable":true,"href":"https:\/\/sindesvdf.com.br\/news\/wp-json\/wp\/v2\/comments?post=14061"}],"version-history":[{"count":2,"href":"https:\/\/sindesvdf.com.br\/news\/wp-json\/wp\/v2\/posts\/14061\/revisions"}],"predecessor-version":[{"id":14064,"href":"https:\/\/sindesvdf.com.br\/news\/wp-json\/wp\/v2\/posts\/14061\/revisions\/14064"}],"wp:featuredmedia":[{"embeddable":true,"href":"https:\/\/sindesvdf.com.br\/news\/wp-json\/wp\/v2\/media\/14062"}],"wp:attachment":[{"href":"https:\/\/sindesvdf.com.br\/news\/wp-json\/wp\/v2\/media?parent=14061"}],"wp:term":[{"taxonomy":"category","embeddable":true,"href":"https:\/\/sindesvdf.com.br\/news\/wp-json\/wp\/v2\/categories?post=14061"},{"taxonomy":"post_tag","embeddable":true,"href":"https:\/\/sindesvdf.com.br\/news\/wp-json\/wp\/v2\/tags?post=14061"}],"curies":[{"name":"wp","href":"https:\/\/api.w.org\/{rel}","templated":true}]}}