{"id":14074,"date":"2020-04-27T08:43:41","date_gmt":"2020-04-27T11:43:41","guid":{"rendered":"http:\/\/sindesvdf.com.br\/news\/?p=14074"},"modified":"2020-06-01T09:18:38","modified_gmt":"2020-06-01T12:18:38","slug":"com-abertura-programada-para-esta-segunda-27-04-2020-sede-do-sindicato-dos-vigilantes-do-df-passa-por-sanitizacao","status":"publish","type":"post","link":"https:\/\/sindesvdf.com.br\/news\/com-abertura-programada-para-esta-segunda-27-04-2020-sede-do-sindicato-dos-vigilantes-do-df-passa-por-sanitizacao\/","title":{"rendered":"Com abertura programada para esta segunda, 27\/04\/2020, sede do Sindicato dos Vigilantes do DF passa por sanitiza\u00e7\u00e3o"},"content":{"rendered":"<figure id=\"attachment_14075\" aria-describedby=\"caption-attachment-14075\" style=\"width: 700px\" class=\"wp-caption aligncenter\"><img loading=\"lazy\" decoding=\"async\" class=\"wp-image-14075 size-full\" src=\"http:\/\/sindesvdf.com.br\/news\/wp-content\/uploads\/2020\/04\/reabertura-1.png\" alt=\"\" width=\"700\" height=\"400\" srcset=\"https:\/\/sindesvdf.com.br\/news\/wp-content\/uploads\/2020\/04\/reabertura-1.png 700w, https:\/\/sindesvdf.com.br\/news\/wp-content\/uploads\/2020\/04\/reabertura-1-300x171.png 300w\" sizes=\"auto, (max-width: 700px) 100vw, 700px\" \/><figcaption id=\"caption-attachment-14075\" class=\"wp-caption-text\">Refor\u00e7amos o pedido para que os vigilantes, quando n\u00e3o estiverem de plant\u00e3o em seu posto de servi\u00e7o, fiquem em casa e atendam \u00e0s recomenda\u00e7\u00f5es dos \u00f3rg\u00e3os oficiais de sa\u00fade.<\/figcaption><\/figure>\n<p>&nbsp;<\/p>\n<p><span style=\"font-size: 14pt;\">O Sindicato dos Vigilantes do DF, em mais uma demonstra\u00e7\u00e3o de cuidado com a sa\u00fade de seus associados, diretores e funcion\u00e1rios passou por um amplo processo de sanitiza\u00e7\u00e3o em todas as depend\u00eancias de sua sede na manh\u00e3 do dia 25\/04\/2020. O servi\u00e7o foi feito por uma empresa certificada e autorizada pela vigil\u00e2ncia sanit\u00e1ria.<\/span><\/p>\n<p><span style=\"font-size: 14pt;\">As medidas adotadas s\u00e3o para prevenir a contamina\u00e7\u00e3o pelo covid-19, e todo o trabalho foi minucioso com a sanitiza\u00e7\u00e3o dos corrim\u00e3os, paredes, tetos, vidra\u00e7as, puxadores, portas, banheiros, ch\u00e3o, m\u00f3veis, entre outros.<\/span><\/p>\n<p><span style=\"font-size: 14pt;\">O produto usado foi combater 800, a base de am\u00f4nia quatern\u00e1ria, 5\u00aa gera\u00e7\u00e3o, autorizado \u00e9 controlado pela ANVISA para eliminar bact\u00e9rias, fungos e v\u00edrus.<\/span><\/p>\n<p><span style=\"font-size: 14pt;\">O produto quebra a capa que envolve o v\u00edrus e assim deixa o mesmo inativo e inofensivo.<\/span><\/p>\n<p><span style=\"font-size: 14pt;\">Refor\u00e7amos o pedido para que os vigilantes, quando n\u00e3o estiverem de plant\u00e3o em seu posto de servi\u00e7o, fiquem em casa e atendam \u00e0s recomenda\u00e7\u00f5es dos \u00f3rg\u00e3os oficiais de sa\u00fade. Os diretores e demais funcion\u00e1rios precisam focar o trabalho nas demandas pr\u00e9-agendadas. Dirija-se ao Sindicato somente em caso de extrema necessidade.<\/span><\/p>\n<p><span style=\"font-size: 14pt;\">Precisamos do esfor\u00e7o de todos nesse momento.<\/span><\/p>\n<p class=\"wpf_wrapper\"><a class=\"print_link\" href=\"\" target=\"_blank\">Preparar para impress\u00e3o<\/a><\/p><!-- .wpf_wrapper -->","protected":false},"excerpt":{"rendered":"<p>&nbsp; O Sindicato dos Vigilantes do DF, em mais uma demonstra\u00e7\u00e3o de cuidado com a sa\u00fade de seus associados, diretores&hellip; <\/p>\n","protected":false},"author":4,"featured_media":14075,"comment_status":"closed","ping_status":"closed","sticky":false,"template":"","format":"standard","meta":{"footnotes":""},"categories":[],"tags":[],"class_list":["post-14074","post","type-post","status-publish","format-standard","has-post-thumbnail","hentry"],"jetpack_featured_media_url":"https:\/\/sindesvdf.com.br\/news\/wp-content\/uploads\/2020\/04\/reabertura-1.png","_links":{"self":[{"href":"https:\/\/sindesvdf.com.br\/news\/wp-json\/wp\/v2\/posts\/14074","targetHints":{"allow":["GET"]}}],"collection":[{"href":"https:\/\/sindesvdf.com.br\/news\/wp-json\/wp\/v2\/posts"}],"about":[{"href":"https:\/\/sindesvdf.com.br\/news\/wp-json\/wp\/v2\/types\/post"}],"author":[{"embeddable":true,"href":"https:\/\/sindesvdf.com.br\/news\/wp-json\/wp\/v2\/users\/4"}],"replies":[{"embeddable":true,"href":"https:\/\/sindesvdf.com.br\/news\/wp-json\/wp\/v2\/comments?post=14074"}],"version-history":[{"count":1,"href":"https:\/\/sindesvdf.com.br\/news\/wp-json\/wp\/v2\/posts\/14074\/revisions"}],"predecessor-version":[{"id":14076,"href":"https:\/\/sindesvdf.com.br\/news\/wp-json\/wp\/v2\/posts\/14074\/revisions\/14076"}],"wp:featuredmedia":[{"embeddable":true,"href":"https:\/\/sindesvdf.com.br\/news\/wp-json\/wp\/v2\/media\/14075"}],"wp:attachment":[{"href":"https:\/\/sindesvdf.com.br\/news\/wp-json\/wp\/v2\/media?parent=14074"}],"wp:term":[{"taxonomy":"category","embeddable":true,"href":"https:\/\/sindesvdf.com.br\/news\/wp-json\/wp\/v2\/categories?post=14074"},{"taxonomy":"post_tag","embeddable":true,"href":"https:\/\/sindesvdf.com.br\/news\/wp-json\/wp\/v2\/tags?post=14074"}],"curies":[{"name":"wp","href":"https:\/\/api.w.org\/{rel}","templated":true}]}}