{"id":14091,"date":"2020-05-04T11:06:34","date_gmt":"2020-05-04T14:06:34","guid":{"rendered":"http:\/\/sindesvdf.com.br\/news\/?p=14091"},"modified":"2020-06-01T09:18:21","modified_gmt":"2020-06-01T12:18:21","slug":"uma-semana-de-muito-trabalho-no-sindicato-e-de-fiscalizacao-em-postos-de-servico","status":"publish","type":"post","link":"https:\/\/sindesvdf.com.br\/news\/uma-semana-de-muito-trabalho-no-sindicato-e-de-fiscalizacao-em-postos-de-servico\/","title":{"rendered":"Uma semana de muito trabalho no Sindicato e de fiscaliza\u00e7\u00e3o em postos de servi\u00e7o"},"content":{"rendered":"<p><img loading=\"lazy\" decoding=\"async\" class=\"aligncenter size-full wp-image-14092\" src=\"http:\/\/sindesvdf.com.br\/news\/wp-content\/uploads\/2020\/05\/semana.png\" alt=\"\" width=\"700\" height=\"400\" srcset=\"https:\/\/sindesvdf.com.br\/news\/wp-content\/uploads\/2020\/05\/semana.png 700w, https:\/\/sindesvdf.com.br\/news\/wp-content\/uploads\/2020\/05\/semana-300x171.png 300w\" sizes=\"auto, (max-width: 700px) 100vw, 700px\" \/><\/p>\n<p><span style=\"font-size: 18pt;\">Com a abertura do Sindicato na segunda, 27\/04, para atender as demandas agendas e casos emergenciais, nos desdobramos tamb\u00e9m para fazer fiscaliza\u00e7\u00f5es nos postos de servi\u00e7o mais vulner\u00e1veis. A preocupa\u00e7\u00e3o \u00e9 grande diante do avan\u00e7o do cont\u00e1gio pelo coronav\u00edrus. O Distrito Federal ainda n\u00e3o conseguiu conter a curva do crescimento, exigindo daqueles que est\u00e3o trabalhando em atividades essenciais, como \u00e9 o caso da seguran\u00e7a privada, muito cuidado e aten\u00e7\u00e3o, n\u00e3o descuidando nunca, usando a m\u00e1scara e fazendo a higieniza\u00e7\u00e3o das m\u00e3os regularmente com \u00e1lcool em gel ou lavando com sab\u00e3o. Esses cuidados s\u00e3o fundamentais para evitarmos o cont\u00e1gio. Al\u00e9m disso, o isolamento social \u00e9 extremamente eficaz e sempre que n\u00e3o estiverem de plant\u00e3o, o melhor \u00e9 ficar em casa, evitando aglomera\u00e7\u00f5es e outros contatos desnecess\u00e1rios neste momento dif\u00edcil.<\/span><\/p>\n<p><span style=\"font-size: 18pt;\">Nesta semana que passou, verificamos que a Aval n\u00e3o forneceu m\u00e1scara para os vigilantes que prestam servi\u00e7o na BRT de Santa Maria. Diretores tamb\u00e9m foram em outros postos de servi\u00e7o no Gama e os vigilantes que prestam servi\u00e7o em v\u00e1rios postos, est\u00e3o usando m\u00e1scaras. Outra preocupa\u00e7\u00e3o dos diretores foram os postos em bancos, uma vez que os mesmos reabriram e as filas s\u00e3o longas, principalmente de pessoas tentando receber o benef\u00edcio de R$ 600,00 nas ag\u00eancias da Caixa. Com isso, os vigilantes ficam mais expostos e fomos verificar a situa\u00e7\u00e3o. Nos BRTs que foram constados o descaso com os vigilantes em n\u00e3o fornecer EPIs (m\u00e1scaras e \u00e1lcool em gel), o Sindicato cobrou provid\u00eancias da Empresa e tamb\u00e9m do GDF.<\/span><\/p>\n<p><span style=\"font-size: 18pt;\">No Sindicato, antes da abertura da entidade foi contratada uma empresa para higieniza\u00e7\u00e3o de todas as salas, banheiros, m\u00f3veis e demais equipamentos. Durante o atendimento, os vigilantes fazem o teste da temperatura e s\u00e3o orientados a manter o distanciamento necess\u00e1rio, entre outras medidas, al\u00e9m do uso de m\u00e1scara e higieniza\u00e7\u00e3o das m\u00e3os.<\/span><\/p>\n<p><span style=\"font-size: 18pt;\">Cada um fazendo a sua parte, tomando todos os cuidados e as medidas necess\u00e1rias para n\u00e3o se contaminar pelo covid-19, em breve sairemos desta pandemia mais fortalecidos e mais preparados para enfrentar os desafios que surgirem.<\/span><\/p>\n<p><span style=\"font-size: 18pt;\">Fiquem bem. Cuidem-se e procurem o Sindicato sempre que precisarem. Mas prefiram o contato por telefone e s\u00f3 venham \u00e0 entidade em situa\u00e7\u00f5es agendadas ou casos de extrema necessidade.<\/span><\/p>\n<p class=\"wpf_wrapper\"><a class=\"print_link\" href=\"\" target=\"_blank\">Preparar para impress\u00e3o<\/a><\/p><!-- .wpf_wrapper -->","protected":false},"excerpt":{"rendered":"<p>Com a abertura do Sindicato na segunda, 27\/04, para atender as demandas agendas e casos emergenciais, nos desdobramos tamb\u00e9m para&hellip; <\/p>\n","protected":false},"author":4,"featured_media":14092,"comment_status":"closed","ping_status":"closed","sticky":false,"template":"","format":"standard","meta":{"footnotes":""},"categories":[7,101],"tags":[],"class_list":["post-14091","post","type-post","status-publish","format-standard","has-post-thumbnail","hentry","category-noticias","category-olho-vivo"],"jetpack_featured_media_url":"https:\/\/sindesvdf.com.br\/news\/wp-content\/uploads\/2020\/05\/semana.png","_links":{"self":[{"href":"https:\/\/sindesvdf.com.br\/news\/wp-json\/wp\/v2\/posts\/14091","targetHints":{"allow":["GET"]}}],"collection":[{"href":"https:\/\/sindesvdf.com.br\/news\/wp-json\/wp\/v2\/posts"}],"about":[{"href":"https:\/\/sindesvdf.com.br\/news\/wp-json\/wp\/v2\/types\/post"}],"author":[{"embeddable":true,"href":"https:\/\/sindesvdf.com.br\/news\/wp-json\/wp\/v2\/users\/4"}],"replies":[{"embeddable":true,"href":"https:\/\/sindesvdf.com.br\/news\/wp-json\/wp\/v2\/comments?post=14091"}],"version-history":[{"count":1,"href":"https:\/\/sindesvdf.com.br\/news\/wp-json\/wp\/v2\/posts\/14091\/revisions"}],"predecessor-version":[{"id":14093,"href":"https:\/\/sindesvdf.com.br\/news\/wp-json\/wp\/v2\/posts\/14091\/revisions\/14093"}],"wp:featuredmedia":[{"embeddable":true,"href":"https:\/\/sindesvdf.com.br\/news\/wp-json\/wp\/v2\/media\/14092"}],"wp:attachment":[{"href":"https:\/\/sindesvdf.com.br\/news\/wp-json\/wp\/v2\/media?parent=14091"}],"wp:term":[{"taxonomy":"category","embeddable":true,"href":"https:\/\/sindesvdf.com.br\/news\/wp-json\/wp\/v2\/categories?post=14091"},{"taxonomy":"post_tag","embeddable":true,"href":"https:\/\/sindesvdf.com.br\/news\/wp-json\/wp\/v2\/tags?post=14091"}],"curies":[{"name":"wp","href":"https:\/\/api.w.org\/{rel}","templated":true}]}}