{"id":14110,"date":"2020-05-11T09:03:17","date_gmt":"2020-05-11T12:03:17","guid":{"rendered":"http:\/\/sindesvdf.com.br\/news\/?p=14110"},"modified":"2020-06-01T09:17:58","modified_gmt":"2020-06-01T12:17:58","slug":"sindicato-dos-vigilantes-tem-reuniao-com-diretor-do-hospital-de-brazlandia","status":"publish","type":"post","link":"https:\/\/sindesvdf.com.br\/news\/sindicato-dos-vigilantes-tem-reuniao-com-diretor-do-hospital-de-brazlandia\/","title":{"rendered":"Sindicato dos Vigilantes tem reuni\u00e3o com diretor do Hospital de Brazl\u00e2ndia"},"content":{"rendered":"<p><img loading=\"lazy\" decoding=\"async\" class=\"aligncenter size-full wp-image-14111\" src=\"http:\/\/sindesvdf.com.br\/news\/wp-content\/uploads\/2020\/05\/Coronel.png\" alt=\"\" width=\"700\" height=\"400\" srcset=\"https:\/\/sindesvdf.com.br\/news\/wp-content\/uploads\/2020\/05\/Coronel.png 700w, https:\/\/sindesvdf.com.br\/news\/wp-content\/uploads\/2020\/05\/Coronel-300x171.png 300w\" sizes=\"auto, (max-width: 700px) 100vw, 700px\" \/><\/p>\n<p><span style=\"font-size: 14pt;\">Na manh\u00e3 de segunda, 4 de maio de 2020, os diretores do SINDESV-DF, Luiz Nascimento e Maura Alves, tiveram uma reuni\u00e3o com o diretor do Hospital Regional de Brazl\u00e2ndia, coronel Cordeiro, para tratar do teste r\u00e1pido da COVID-19.<\/span><\/p>\n<p><span style=\"font-size: 14pt;\">Ficou acordado que todos os terceirizados ter\u00e3o direito ao teste em mais uma negocia\u00e7\u00e3o acertada e importante para proteger vidas. Os vigilantes precisam exercer suas atividades em ambiente seguro e, para garantir isso, estamos trabalhando diariamente, seja cobrando das empresas ou dos \u00f3rg\u00e3os o fornecimento de EPIs e agora, tamb\u00e9m os testes r\u00e1pidos para o coronavirus.<\/span><\/p>\n<p class=\"wpf_wrapper\"><a class=\"print_link\" href=\"\" target=\"_blank\">Preparar para impress\u00e3o<\/a><\/p><!-- .wpf_wrapper -->","protected":false},"excerpt":{"rendered":"<p>Na manh\u00e3 de segunda, 4 de maio de 2020, os diretores do SINDESV-DF, Luiz Nascimento e Maura Alves, tiveram uma&hellip; <\/p>\n","protected":false},"author":4,"featured_media":14111,"comment_status":"closed","ping_status":"closed","sticky":false,"template":"","format":"standard","meta":{"footnotes":""},"categories":[101],"tags":[],"class_list":["post-14110","post","type-post","status-publish","format-standard","has-post-thumbnail","hentry","category-olho-vivo"],"jetpack_featured_media_url":"https:\/\/sindesvdf.com.br\/news\/wp-content\/uploads\/2020\/05\/Coronel.png","_links":{"self":[{"href":"https:\/\/sindesvdf.com.br\/news\/wp-json\/wp\/v2\/posts\/14110","targetHints":{"allow":["GET"]}}],"collection":[{"href":"https:\/\/sindesvdf.com.br\/news\/wp-json\/wp\/v2\/posts"}],"about":[{"href":"https:\/\/sindesvdf.com.br\/news\/wp-json\/wp\/v2\/types\/post"}],"author":[{"embeddable":true,"href":"https:\/\/sindesvdf.com.br\/news\/wp-json\/wp\/v2\/users\/4"}],"replies":[{"embeddable":true,"href":"https:\/\/sindesvdf.com.br\/news\/wp-json\/wp\/v2\/comments?post=14110"}],"version-history":[{"count":1,"href":"https:\/\/sindesvdf.com.br\/news\/wp-json\/wp\/v2\/posts\/14110\/revisions"}],"predecessor-version":[{"id":14112,"href":"https:\/\/sindesvdf.com.br\/news\/wp-json\/wp\/v2\/posts\/14110\/revisions\/14112"}],"wp:featuredmedia":[{"embeddable":true,"href":"https:\/\/sindesvdf.com.br\/news\/wp-json\/wp\/v2\/media\/14111"}],"wp:attachment":[{"href":"https:\/\/sindesvdf.com.br\/news\/wp-json\/wp\/v2\/media?parent=14110"}],"wp:term":[{"taxonomy":"category","embeddable":true,"href":"https:\/\/sindesvdf.com.br\/news\/wp-json\/wp\/v2\/categories?post=14110"},{"taxonomy":"post_tag","embeddable":true,"href":"https:\/\/sindesvdf.com.br\/news\/wp-json\/wp\/v2\/tags?post=14110"}],"curies":[{"name":"wp","href":"https:\/\/api.w.org\/{rel}","templated":true}]}}