{"id":14152,"date":"2020-06-02T19:06:05","date_gmt":"2020-06-02T22:06:05","guid":{"rendered":"http:\/\/sindesvdf.com.br\/news\/?p=14152"},"modified":"2020-06-02T19:06:05","modified_gmt":"2020-06-02T22:06:05","slug":"df-numero-de-vigilantes-com-coronavirus-sobe-de-20-para-34-tres-morreram","status":"publish","type":"post","link":"https:\/\/sindesvdf.com.br\/news\/df-numero-de-vigilantes-com-coronavirus-sobe-de-20-para-34-tres-morreram\/","title":{"rendered":"DF: n\u00famero de vigilantes com coronav\u00edrus sobe de 20 para 34. Tr\u00eas morreram"},"content":{"rendered":"<figure style=\"width: 800px\" class=\"wp-caption alignnone\"><img loading=\"lazy\" decoding=\"async\" src=\"https:\/\/uploads.metropoles.com\/wp-content\/uploads\/2017\/06\/22214710\/WhatsApp-Image-2017-06-22-at-21.43.23.jpeg\" alt=\"vigilante\" width=\"800\" height=\"500\" \/><figcaption class=\"wp-caption-text\">Em Samambaia, o n\u00famero de casos com o pessoal lotado em unidades de sa\u00fade \u00e9 o mais preocupante: s\u00e3o seis vigilantes com diagn\u00f3stico positivo<\/figcaption><\/figure>\n<p><span style=\"font-size: 14pt;\">Nesta segunda-feira (01\/06), o Sindicato dos Empregados de Empresas de Seguran\u00e7a e Vigil\u00e2ncia (Sindesv-DF) atualizou os dados dos vigilantes contaminados pelo novo coronav\u00edrus. <a href=\"https:\/\/www.metropoles.com\/distrito-federal\/sindicato-registra-terceira-morte-de-vigilante-por-coronavirus-no-df\" target=\"_blank\" rel=\"noopener noreferrer\">De acordo com a entidade, 34 pessoas testaram positivo para a doen\u00e7a. H\u00e1 uma semana, o n\u00famero estava em 20 casos<\/a>. O registro de mortes permanece o mesmo: tr\u00eas \u00f3bitos de trabalhadores da \u00e1rea.<\/span><\/p>\n<p><span style=\"font-size: 14pt;\">Ainda segundo o Sindesv-DF, os profissionais contaminados trabalham em hospitais do DF e foram diagnosticados com a doen\u00e7a. Em Samambaia, o n\u00famero de casos com o pessoal lotado em unidades de sa\u00fade \u00e9 o mais preocupante: s\u00e3o seis vigilantes com diagn\u00f3stico positivo.<\/span><\/p>\n<p><span style=\"font-size: 14pt;\">De acordo com Gilmar Rodrigues, diretor de Comunica\u00e7\u00e3o do Sindesv-DF, o mais importante no momento tem sido passar as orienta\u00e7\u00f5es b\u00e1sicas para que os vigilantes possam estar informados do que fazer para se protegerem de contamina\u00e7\u00e3o. \u201cEvitar contato f\u00edsico, lavar bem as m\u00e3os e ter equipamentos de prote\u00e7\u00e3o individual (EPI), como luvas e m\u00e1scaras\u201d, pontua.<\/span><\/p>\n<p><span style=\"font-size: 14pt;\">Entre os mortos, est\u00e1 um vigilante de 51 anos da empresa Confederal. Morador de Ceil\u00e2ndia.\u00a0<a href=\"https:\/\/www.metropoles.com\/colunas-blogs\/janela-indiscreta\/vigilante-da-residencia-oficial-de-aguas-claras-morre-por-coronavirus\" target=\"_blank\" rel=\"noopener noreferrer\">Reginaldo de Almeida prestava servi\u00e7os<\/a>\u00a0na\u00a0<a href=\"https:\/\/www.metropoles.com\/search?q=Resid%C3%AAncia+Oficial+de+%C3%81guas+Claras\" target=\"_blank\" rel=\"noopener noreferrer\">Resid\u00eancia Oficial de \u00c1guas Claras<\/a>\u00a0e ficou internado h\u00e1 mais de uma semana no Hospital S\u00e3o Francisco, em Ceil\u00e2ndia.<\/span><\/p>\n<p><span style=\"font-size: 14pt;\">Tamb\u00e9m diagnosticada com Covid-19, a esposa da v\u00edtima ficou sob cuidados m\u00e9dicos por um m\u00eas, mas decidiu por conta pr\u00f3pria deixar a unidade de sa\u00fade depois de saber do \u00f3bito do marido, no dia 22 de maio.<\/span><\/p>\n<p style=\"text-align: right;\"><em><strong>Fonte: Metr\u00f3poles<\/strong><\/em><\/p>\n<p class=\"wpf_wrapper\"><a class=\"print_link\" href=\"\" target=\"_blank\">Preparar para impress\u00e3o<\/a><\/p><!-- .wpf_wrapper -->","protected":false},"excerpt":{"rendered":"<p>Nesta segunda-feira (01\/06), o Sindicato dos Empregados de Empresas de Seguran\u00e7a e Vigil\u00e2ncia (Sindesv-DF) atualizou os dados dos vigilantes contaminados&hellip; <\/p>\n","protected":false},"author":4,"featured_media":14153,"comment_status":"closed","ping_status":"open","sticky":false,"template":"","format":"standard","meta":{"footnotes":""},"categories":[149,7],"tags":[],"class_list":["post-14152","post","type-post","status-publish","format-standard","has-post-thumbnail","hentry","category-covid-19","category-noticias"],"jetpack_featured_media_url":"https:\/\/sindesvdf.com.br\/news\/wp-content\/uploads\/2020\/06\/metropoles-2.jpeg","_links":{"self":[{"href":"https:\/\/sindesvdf.com.br\/news\/wp-json\/wp\/v2\/posts\/14152","targetHints":{"allow":["GET"]}}],"collection":[{"href":"https:\/\/sindesvdf.com.br\/news\/wp-json\/wp\/v2\/posts"}],"about":[{"href":"https:\/\/sindesvdf.com.br\/news\/wp-json\/wp\/v2\/types\/post"}],"author":[{"embeddable":true,"href":"https:\/\/sindesvdf.com.br\/news\/wp-json\/wp\/v2\/users\/4"}],"replies":[{"embeddable":true,"href":"https:\/\/sindesvdf.com.br\/news\/wp-json\/wp\/v2\/comments?post=14152"}],"version-history":[{"count":2,"href":"https:\/\/sindesvdf.com.br\/news\/wp-json\/wp\/v2\/posts\/14152\/revisions"}],"predecessor-version":[{"id":14155,"href":"https:\/\/sindesvdf.com.br\/news\/wp-json\/wp\/v2\/posts\/14152\/revisions\/14155"}],"wp:featuredmedia":[{"embeddable":true,"href":"https:\/\/sindesvdf.com.br\/news\/wp-json\/wp\/v2\/media\/14153"}],"wp:attachment":[{"href":"https:\/\/sindesvdf.com.br\/news\/wp-json\/wp\/v2\/media?parent=14152"}],"wp:term":[{"taxonomy":"category","embeddable":true,"href":"https:\/\/sindesvdf.com.br\/news\/wp-json\/wp\/v2\/categories?post=14152"},{"taxonomy":"post_tag","embeddable":true,"href":"https:\/\/sindesvdf.com.br\/news\/wp-json\/wp\/v2\/tags?post=14152"}],"curies":[{"name":"wp","href":"https:\/\/api.w.org\/{rel}","templated":true}]}}