{"id":14191,"date":"2020-06-17T16:13:59","date_gmt":"2020-06-17T19:13:59","guid":{"rendered":"http:\/\/sindesvdf.com.br\/news\/?p=14191"},"modified":"2021-05-26T11:00:40","modified_gmt":"2021-05-26T14:00:40","slug":"20-de-junho-dia-do-vigilante-2","status":"publish","type":"post","link":"https:\/\/sindesvdf.com.br\/news\/20-de-junho-dia-do-vigilante-2\/","title":{"rendered":"20 de junho \u2013 Dia do Vigilante"},"content":{"rendered":"<figure id=\"attachment_14211\" aria-describedby=\"caption-attachment-14211\" style=\"width: 700px\" class=\"wp-caption aligncenter\"><img loading=\"lazy\" decoding=\"async\" class=\"size-full wp-image-14211\" src=\"http:\/\/sindesvdf.com.br\/news\/wp-content\/uploads\/2020\/06\/site-2.jpg\" alt=\"\" width=\"700\" height=\"400\" srcset=\"https:\/\/sindesvdf.com.br\/news\/wp-content\/uploads\/2020\/06\/site-2.jpg 700w, https:\/\/sindesvdf.com.br\/news\/wp-content\/uploads\/2020\/06\/site-2-300x171.jpg 300w\" sizes=\"auto, (max-width: 700px) 100vw, 700px\" \/><figcaption id=\"caption-attachment-14211\" class=\"wp-caption-text\">Atividade essencial e diferenciada com profissionalismo e coragem<\/figcaption><\/figure>\n<p><span style=\"font-size: 14pt;\">Em 20 de junho, data que comemoramos o dia do vigilante, \u00e9 preciso lembrar o quanto esta categoria faz a diferen\u00e7a no seu posto de servi\u00e7o, sempre trabalhando com aten\u00e7\u00e3o redobrada para proteger vidas e patrim\u00f4nios.<\/span><\/p>\n<p><span style=\"font-size: 14pt;\">Neste momento de pandemia, os vigilantes se mostram ainda mais necess\u00e1rios e com atua\u00e7\u00e3o fundamental para que o servi\u00e7o prestado traga a seguran\u00e7a necess\u00e1ria para que outras atividades sejam exercidas com mais tranquilidade, como profissionais da sa\u00fade, banc\u00e1rios, servidores e empregados p\u00fablicos dos diversos \u00f3rg\u00e3os, trabalhadores de estabelecimentos comerciais, shoppings, condom\u00ednios, pr\u00e9dios p\u00fablicos e particulares, dentre tantos outros.<\/span><\/p>\n<p><span style=\"font-size: 14pt;\">A presen\u00e7a do vigilante \u00e9 um alento, uma necessidade de prote\u00e7\u00e3o que tranquiliza e ameniza o medo em tempos de incertezas, inseguran\u00e7as e medos.<\/span><\/p>\n<p><span style=\"font-size: 14pt;\">Mas n\u00e3o podemos esquecer que, quando o vigilante est\u00e1 em seu posto de servi\u00e7o, al\u00e9m do profissional qualificado, ali est\u00e1 tamb\u00e9m um pai ou m\u00e3e, um filho ou uma filha, um av\u00f4 ou av\u00f3, um neto ou uma neta, que t\u00e3o importante quanto proteger vidas e patrim\u00f4nio, \u00e9 o de voltar para casa em seguran\u00e7a, pleno em sa\u00fade e bem estar.<\/span><\/p>\n<p><span style=\"font-size: 14pt;\">Ser vigilante, acima de tudo, \u00e9 sin\u00f4nimo de amor \u00e0 profiss\u00e3o que \u00e9 abra\u00e7ada por todos e todas que sabem fazer a diferen\u00e7a e, por isso, merecem todas as homenagens, merecem tamb\u00e9m respeito, valoriza\u00e7\u00e3o, reconhecimento e manuten\u00e7\u00e3o e amplia\u00e7\u00e3o de todas as suas conquistas.<\/span><\/p>\n<p><span style=\"font-size: 14pt;\">Parab\u00e9ns pelo seu dia!<\/span><\/p>\n<div style=\"width: 1080px;\" class=\"wp-video\"><video class=\"wp-video-shortcode\" id=\"video-14191-1\" width=\"1080\" height=\"720\" preload=\"metadata\" controls=\"controls\"><source type=\"video\/mp4\" src=\"http:\/\/sindesvdf.com.br\/news\/wp-content\/uploads\/2020\/06\/Dia-Do-Vigilante-2020-1.m4v?_=1\" \/><a href=\"http:\/\/sindesvdf.com.br\/news\/wp-content\/uploads\/2020\/06\/Dia-Do-Vigilante-2020-1.m4v\">http:\/\/sindesvdf.com.br\/news\/wp-content\/uploads\/2020\/06\/Dia-Do-Vigilante-2020-1.m4v<\/a><\/video><\/div>\n<p class=\"wpf_wrapper\"><a class=\"print_link\" href=\"\" target=\"_blank\">Preparar para impress\u00e3o<\/a><\/p><!-- .wpf_wrapper -->","protected":false},"excerpt":{"rendered":"<p>Em 20 de junho, data que comemoramos o dia do vigilante, \u00e9 preciso lembrar o quanto esta categoria faz a&hellip; <\/p>\n","protected":false},"author":4,"featured_media":14211,"comment_status":"closed","ping_status":"open","sticky":false,"template":"","format":"standard","meta":{"footnotes":""},"categories":[7],"tags":[],"class_list":["post-14191","post","type-post","status-publish","format-standard","has-post-thumbnail","hentry","category-noticias"],"jetpack_featured_media_url":"https:\/\/sindesvdf.com.br\/news\/wp-content\/uploads\/2020\/06\/site-2.jpg","_links":{"self":[{"href":"https:\/\/sindesvdf.com.br\/news\/wp-json\/wp\/v2\/posts\/14191","targetHints":{"allow":["GET"]}}],"collection":[{"href":"https:\/\/sindesvdf.com.br\/news\/wp-json\/wp\/v2\/posts"}],"about":[{"href":"https:\/\/sindesvdf.com.br\/news\/wp-json\/wp\/v2\/types\/post"}],"author":[{"embeddable":true,"href":"https:\/\/sindesvdf.com.br\/news\/wp-json\/wp\/v2\/users\/4"}],"replies":[{"embeddable":true,"href":"https:\/\/sindesvdf.com.br\/news\/wp-json\/wp\/v2\/comments?post=14191"}],"version-history":[{"count":6,"href":"https:\/\/sindesvdf.com.br\/news\/wp-json\/wp\/v2\/posts\/14191\/revisions"}],"predecessor-version":[{"id":14212,"href":"https:\/\/sindesvdf.com.br\/news\/wp-json\/wp\/v2\/posts\/14191\/revisions\/14212"}],"wp:featuredmedia":[{"embeddable":true,"href":"https:\/\/sindesvdf.com.br\/news\/wp-json\/wp\/v2\/media\/14211"}],"wp:attachment":[{"href":"https:\/\/sindesvdf.com.br\/news\/wp-json\/wp\/v2\/media?parent=14191"}],"wp:term":[{"taxonomy":"category","embeddable":true,"href":"https:\/\/sindesvdf.com.br\/news\/wp-json\/wp\/v2\/categories?post=14191"},{"taxonomy":"post_tag","embeddable":true,"href":"https:\/\/sindesvdf.com.br\/news\/wp-json\/wp\/v2\/tags?post=14191"}],"curies":[{"name":"wp","href":"https:\/\/api.w.org\/{rel}","templated":true}]}}