{"id":14213,"date":"2020-06-24T13:48:28","date_gmt":"2020-06-24T16:48:28","guid":{"rendered":"http:\/\/sindesvdf.com.br\/news\/?p=14213"},"modified":"2020-06-29T21:51:32","modified_gmt":"2020-06-30T00:51:32","slug":"covid-19-com-7-mortes-vigilantes-denunciam-suspensao-de-testes-pela-saude","status":"publish","type":"post","link":"https:\/\/sindesvdf.com.br\/news\/covid-19-com-7-mortes-vigilantes-denunciam-suspensao-de-testes-pela-saude\/","title":{"rendered":"Covid-19: com 7 mortes, vigilantes denunciam suspens\u00e3o de testes pela Sa\u00fade"},"content":{"rendered":"<p class=\"m-resume-single\"><span style=\"font-size: 18pt;\"><em>De acordo com sindicato, os diagn\u00f3sticos foram interrompidos quando o \u00faltimo balan\u00e7o apontou 70 profissionais infectados no DF<\/em><\/span><\/p>\n<figure id=\"attachment_14216\" aria-describedby=\"caption-attachment-14216\" style=\"width: 700px\" class=\"wp-caption aligncenter\"><img loading=\"lazy\" decoding=\"async\" class=\"wp-image-14216\" src=\"http:\/\/sindesvdf.com.br\/news\/wp-content\/uploads\/2020\/06\/Coronavirus-Hran-5.jpeg\" alt=\"\" width=\"700\" height=\"467\" srcset=\"https:\/\/sindesvdf.com.br\/news\/wp-content\/uploads\/2020\/06\/Coronavirus-Hran-5.jpeg 600w, https:\/\/sindesvdf.com.br\/news\/wp-content\/uploads\/2020\/06\/Coronavirus-Hran-5-300x200.jpeg 300w\" sizes=\"auto, (max-width: 700px) 100vw, 700px\" \/><figcaption id=\"caption-attachment-14216\" class=\"wp-caption-text\"><span style=\"text-align: right;\">Foto: Mike Sena<\/span><\/figcaption><\/figure>\n<p style=\"text-align: right;\"><em>\u00a0Por Caio Barbieri via Metr\u00f3poles<\/em><\/p>\n<p><span style=\"font-size: 14pt;\">Com sete mortes de vigilantes confirmadas por infec\u00e7\u00e3o decorrente do\u00a0novo coronav\u00edrus, o\u00a0<strong>Sindicato dos Empregados de Empresas de Seguran\u00e7a e Vigil\u00e2ncia (Sindesv-DF)<\/strong>\u00a0denunciou, nesta sexta-feira (19\/06), que os exames para os integrantes da categoria que atuam nas unidades p\u00fablicas de sa\u00fade foram interrompidos.<\/span><\/p>\n<p><span style=\"font-size: 14pt;\">A mais recente v\u00edtima da\u00a0Sars-Cov-2\u00a0\u00e9 o vigilante Rodrigo Jaques Pereira, que morreu nesta sexta-feira em decorr\u00eancia de complica\u00e7\u00f5es respirat\u00f3rias causadas pela doen\u00e7a. Ele dava suporte na seguran\u00e7a do Instituto M\u00e9dico Legal (IML).<\/span><\/p>\n<p><span style=\"font-size: 14pt;\">De acordo com a entidade que representa a categoria, de todos os profissionais j\u00e1 testados, h\u00e1 pelo menos 70 vigilantes infectados pela Covid-19. Desses, a maior parte \u00e9 de Samambaia, onde h\u00e1 19 registros.<\/span><\/p>\n<p>&nbsp;<\/p>\n<p><strong><span style=\"font-size: 18pt;\">Sem testes em Centros de Sa\u00fade<\/span><\/strong><\/p>\n<p><span style=\"font-size: 14pt;\">Conforme o\u00a0<strong>Sindesv-DF<\/strong>\u00a0explicou ao\u00a0Metr\u00f3poles, o governo fez o teste dos vigilantes que prestam servi\u00e7o em hospitais e unidades de pronto atendimento (UPAs), mas deixou de aplic\u00e1-lo em trabalhadores que prestam servi\u00e7o em outros locais, como centros de sa\u00fade e Sa\u00fade da Fam\u00edlia.<\/span><\/p>\n<p><span style=\"color: #333333;\"><em><span style=\"font-size: 14pt;\">\u201cPara se ter ideia, s\u00f3 em S\u00e3o Sebasti\u00e3o e Parano\u00e1, s\u00e3o 29 centros de sa\u00fade. Al\u00e9m de n\u00e3o fazer nesses locais, o GDF n\u00e3o fez o segundo teste nos vigilantes de hospitais e UPAs. No Hospital de Campanha do Man\u00e9 Garrincha, os vigilantes tamb\u00e9m n\u00e3o fizeram o teste\u201d, <\/span><\/em><span style=\"font-size: 14pt;\">informa o sindicato, em nota enviada \u00e0 coluna.<\/span><\/span><\/p>\n<p><span style=\"font-size: 14pt;\">Ainda segundo a entidade, os profissionais vem demonstrando grande preocupa\u00e7\u00e3o e cobrando a realiza\u00e7\u00e3o dos testes, <em>\u201cmas s\u00e3o ignorados pelos gestores do GDF, infelizmente. Acreditamos que, numa nova testagem e mais ampla, chegaremos a um n\u00famero maior de vigilantes infectados e que deveriam estar em isolamento social\u201d<\/em>, argumenta o Sindesv-DF.<\/span><\/p>\n<p>&nbsp;<\/p>\n<p><strong><span style=\"font-size: 18pt;\">Greve<\/span><\/strong><\/p>\n<p><span style=\"font-size: 14pt;\">Para o representante da categoria na C\u00e2mara Legislativa, deputado\u00a0Chico Vigilante (PT), o governo precisa agir para evitar a prolifera\u00e7\u00e3o da doen\u00e7a entre esses trabalhadores, que est\u00e3o expostos ao novo coronav\u00edrus.<\/span><\/p>\n<div class=\"m-banner-wrap m-banner-rectangle m-publicity-content-middle\">\n<div id=\"div-gpt-ad-colunas-blogs-quadrado-3\" class=\"ad-quadrado\" data-google-query-id=\"CMHKoObymuoCFQhb7AodA20JpQ\">\n<div id=\"google_ads_iframe_\/123935210\/colunas-blogs-quadrado-3_0__container__\"><span style=\"font-size: 14pt;\"><em>\u201cEu tenho exigido do secret\u00e1rio de Sa\u00fade e todo dia eu cobro. Eles s\u00f3 v\u00e3o resolver testar todo mundo quando a categoria resolver fazer uma greve para exigir. O Minist\u00e9rio P\u00fablico do Trabalho\u00a0j\u00e1 deveria ter agido e n\u00e3o tem feito nada. Isso \u00e9 um absurdo e um descaso com a vida dos trabalhadores\u201d<\/em>, frisou.<\/span><\/div>\n<\/div>\n<\/div>\n<p><span style=\"font-size: 14pt;\">Procurada, a Secretaria de Sa\u00fade informou que est\u00e1 realizando a testagem e que, de 09 de abril a 18 de julho, foram submetidos ao exame 3.030 trabalhadores terceirizados \u2013 81 deram positivo para a Covid-19.<\/span><\/p>\n<p><span style=\"font-size: 14pt;\"><em>\u201cAl\u00e9m disso, a Secretaria de Sa\u00fade informa que a Lei n\u00ba 6.554 prev\u00ea a testagem a \u2018cada 15 dias ou com a frequ\u00eancia que melhor atenda aos melhores crit\u00e9rios e padr\u00f5es de biosseguran\u00e7a&#8217;\u201d<\/em>, acrescentou a pasta.<\/span><\/p>\n<p>&nbsp;<\/p>\n<p><span style=\"font-size: 18pt;\"><strong>Condi\u00e7\u00f5es cl\u00ednicas<\/strong><\/span><\/p>\n<p><span style=\"font-size: 14pt;\">A secretaria ressaltou que a lei n\u00e3o estabelece em que condi\u00e7\u00f5es cl\u00ednicas o teste deve ser realizado, e nem que deve ser feito tamb\u00e9m em assintom\u00e1ticos.<\/span><\/p>\n<p><span style=\"font-size: 14pt;\"><em>\u201cEla estabelece que os servidores dever\u00e3o passar por teste que indique se h\u00e1 infec\u00e7\u00e3o, portanto, como o teste indica a infec\u00e7\u00e3o somente ap\u00f3s o surgimento dos sintomas, seja para PCR (ap\u00f3s 3 dias) seja para TR (ap\u00f3s 7- 8 dias), \u00e9 recomendada a indica\u00e7\u00e3o dos testes para servidores que estejam em atividade e contato com poss\u00edveis portadores do agente infeccioso, obedecendo os crit\u00e9rios\u201d<\/em>, frisou.<\/span><\/p>\n<p><span style=\"font-size: 14pt;\">Por fim, a Secretaria de Sa\u00fade disse que, no caso de retestagem, <em>\u201cser\u00e3o priorizados os servidores sintom\u00e1ticos, para atendimento dos melhores crit\u00e9rios e padr\u00f5es de biosseguran\u00e7a\u201d<\/em>.<\/span><\/p>\n<p class=\"wpf_wrapper\"><a class=\"print_link\" href=\"\" target=\"_blank\">Preparar para impress\u00e3o<\/a><\/p><!-- .wpf_wrapper -->","protected":false},"excerpt":{"rendered":"<p>De acordo com sindicato, os diagn\u00f3sticos foram interrompidos quando o \u00faltimo balan\u00e7o apontou 70 profissionais infectados no DF \u00a0Por Caio&hellip; <\/p>\n","protected":false},"author":4,"featured_media":14216,"comment_status":"closed","ping_status":"closed","sticky":false,"template":"","format":"standard","meta":{"footnotes":""},"categories":[149,7],"tags":[],"class_list":["post-14213","post","type-post","status-publish","format-standard","has-post-thumbnail","hentry","category-covid-19","category-noticias"],"jetpack_featured_media_url":"https:\/\/sindesvdf.com.br\/news\/wp-content\/uploads\/2020\/06\/Coronavirus-Hran-5.jpeg","_links":{"self":[{"href":"https:\/\/sindesvdf.com.br\/news\/wp-json\/wp\/v2\/posts\/14213","targetHints":{"allow":["GET"]}}],"collection":[{"href":"https:\/\/sindesvdf.com.br\/news\/wp-json\/wp\/v2\/posts"}],"about":[{"href":"https:\/\/sindesvdf.com.br\/news\/wp-json\/wp\/v2\/types\/post"}],"author":[{"embeddable":true,"href":"https:\/\/sindesvdf.com.br\/news\/wp-json\/wp\/v2\/users\/4"}],"replies":[{"embeddable":true,"href":"https:\/\/sindesvdf.com.br\/news\/wp-json\/wp\/v2\/comments?post=14213"}],"version-history":[{"count":11,"href":"https:\/\/sindesvdf.com.br\/news\/wp-json\/wp\/v2\/posts\/14213\/revisions"}],"predecessor-version":[{"id":14225,"href":"https:\/\/sindesvdf.com.br\/news\/wp-json\/wp\/v2\/posts\/14213\/revisions\/14225"}],"wp:featuredmedia":[{"embeddable":true,"href":"https:\/\/sindesvdf.com.br\/news\/wp-json\/wp\/v2\/media\/14216"}],"wp:attachment":[{"href":"https:\/\/sindesvdf.com.br\/news\/wp-json\/wp\/v2\/media?parent=14213"}],"wp:term":[{"taxonomy":"category","embeddable":true,"href":"https:\/\/sindesvdf.com.br\/news\/wp-json\/wp\/v2\/categories?post=14213"},{"taxonomy":"post_tag","embeddable":true,"href":"https:\/\/sindesvdf.com.br\/news\/wp-json\/wp\/v2\/tags?post=14213"}],"curies":[{"name":"wp","href":"https:\/\/api.w.org\/{rel}","templated":true}]}}