{"id":14226,"date":"2020-06-29T18:31:24","date_gmt":"2020-06-29T21:31:24","guid":{"rendered":"http:\/\/sindesvdf.com.br\/news\/?p=14226"},"modified":"2020-06-29T21:49:58","modified_gmt":"2020-06-30T00:49:58","slug":"contagio-a-covid-19-continua-alto-e-cuidados-devem-se-redobrar","status":"publish","type":"post","link":"https:\/\/sindesvdf.com.br\/news\/contagio-a-covid-19-continua-alto-e-cuidados-devem-se-redobrar\/","title":{"rendered":"Cont\u00e1gio \u00e0 COVID-19 continua alto e cuidados devem se redobrar"},"content":{"rendered":"<p><span style=\"font-size: 14pt;\"><img loading=\"lazy\" decoding=\"async\" class=\"aligncenter size-full wp-image-14227\" src=\"http:\/\/sindesvdf.com.br\/news\/wp-content\/uploads\/2020\/06\/cuidados.png\" alt=\"\" width=\"700\" height=\"400\" srcset=\"https:\/\/sindesvdf.com.br\/news\/wp-content\/uploads\/2020\/06\/cuidados.png 700w, https:\/\/sindesvdf.com.br\/news\/wp-content\/uploads\/2020\/06\/cuidados-300x171.png 300w\" sizes=\"auto, (max-width: 700px) 100vw, 700px\" \/><\/span><\/p>\n<p><span style=\"font-size: 14pt;\">Estamos entrando no m\u00eas de julho, completando quase quatro meses do novo coronav\u00edrus que se alastrou por todo o nosso planeta. J\u00e1 s\u00e3o 10 bilh\u00f5es de infectados e 500 mil mortes em todo o mundo. Por isso, evitar o cont\u00e1gio \u00e9 a melhor forma de nos proteger, buscando todas as medidas de prote\u00e7\u00e3o e n\u00e3o subestimando o v\u00edrus. Devemos manter o trajeto casa &#8211; trabalho &#8211; casa, evitando ao m\u00e1ximo circular e s\u00f3 o fazendo em casos de extrema necessidade e mesmo assim, tomando muitos cuidados para n\u00e3o nos contaminar e assim nos proteger e proteger nossas fam\u00edlias.<\/span><\/p>\n<p><span style=\"font-size: 14pt;\">Nesta semana, diretores do Sindicato dos Vigilantes fizeram fiscaliza\u00e7\u00e3o em v\u00e1rios BRTs, pois com o relaxamento do isolamento social e a volta de v\u00e1rias atividades, esses locais tem grande fluxo de pessoas, aumentando o perigo.<\/span><\/p>\n<p><strong><span style=\"font-size: 14pt;\">Os BRTs visitados foram os seguintes:<\/span><\/strong><\/p>\n<p><span style=\"font-size: 14pt;\">Esta\u00e7\u00e3o do\u00a0 BRT da floricultura<\/span><\/p>\n<p><span style=\"font-size: 14pt;\">Esta\u00e7\u00e3o vargem bonita<\/span><\/p>\n<p><span style=\"font-size: 14pt;\">Esta\u00e7\u00e3o SMPW. 26<\/span><\/p>\n<p><span style=\"font-size: 14pt;\">Esta\u00e7\u00e3o granja do IP<\/span><\/p>\n<p><span style=\"font-size: 14pt;\">Esta\u00e7\u00e3o Catetinho<\/span><\/p>\n<p><span style=\"font-size: 14pt;\">Esta\u00e7\u00e3o Caub<\/span><\/p>\n<p><span style=\"font-size: 14pt;\">Esta\u00e7\u00e3o Periquito<\/span><\/p>\n<p><span style=\"font-size: 14pt;\">Terminal BRT Gama<\/span><\/p>\n<p><span style=\"font-size: 14pt;\">Esta\u00e7\u00e3o Santos Dumont<\/span><\/p>\n<p><span style=\"font-size: 14pt;\">Tamb\u00e9m estivemos, mais uma vez, no Hospital Regional de Sobradinho, para avaliar as condi\u00e7\u00f5es de trabalho dos vigilantes e se estavam recebendo os equipamentos de prote\u00e7\u00e3o, EPI&#8217;s. Ao mesmo tempo, cobramos do GDF\/Secretaria de Sa\u00fade do DF a realiza\u00e7\u00e3o de testes nos vigilantes, inclusive com den\u00fancia que teve repercuss\u00e3o na imprensa e continuaremos cobrando todas as medidas necess\u00e1rias para a prote\u00e7\u00e3o dos vigilantes.<\/span><\/p>\n<p>&nbsp;<\/p>\n<p><strong><span style=\"font-size: 14pt;\">Sede do Sindicato passa por nova sanitiza\u00e7\u00e3o!<\/span><\/strong><\/p>\n<p><img loading=\"lazy\" decoding=\"async\" class=\"aligncenter size-large wp-image-14228\" src=\"http:\/\/sindesvdf.com.br\/news\/wp-content\/uploads\/2020\/06\/sanitiza\u00e7\u00e3o-1024x568.jpg\" alt=\"\" width=\"1024\" height=\"568\" srcset=\"https:\/\/sindesvdf.com.br\/news\/wp-content\/uploads\/2020\/06\/sanitiza\u00e7\u00e3o-1024x568.jpg 1024w, https:\/\/sindesvdf.com.br\/news\/wp-content\/uploads\/2020\/06\/sanitiza\u00e7\u00e3o-300x166.jpg 300w, https:\/\/sindesvdf.com.br\/news\/wp-content\/uploads\/2020\/06\/sanitiza\u00e7\u00e3o-768x426.jpg 768w, https:\/\/sindesvdf.com.br\/news\/wp-content\/uploads\/2020\/06\/sanitiza\u00e7\u00e3o.jpg 1280w\" sizes=\"auto, (max-width: 1024px) 100vw, 1024px\" \/><\/p>\n<p>&nbsp;<\/p>\n<p><span style=\"font-size: 14pt;\">Neste domingo, 28\/06\/2020, a sede Sindicato dos Vigilantes passou por mais uma sanitiza\u00e7\u00e3o em todas as suas salas, m\u00f3veis, equipamentos, banheiros como medida preventiva no combate \u00e0 COVID-19 e dando mais seguran\u00e7a aos vigilantes\u00a0 que est\u00e3o indo \u00e0 entidade para resolver alguma situa\u00e7\u00e3o emergencial. Tamb\u00e9m \u00e9 fundamental que esta prote\u00e7\u00e3o se estenda aos funcion\u00e1rios e dire\u00e7\u00e3o do Sindicato.<\/span><\/p>\n<p><span style=\"font-size: 14pt;\">Seguimos juntos, trabalhando diariamente em defesa da prote\u00e7\u00e3o aos vigilantes em seus postos de servi\u00e7o.<\/span><\/p>\n<p class=\"wpf_wrapper\"><a class=\"print_link\" href=\"\" target=\"_blank\">Preparar para impress\u00e3o<\/a><\/p><!-- .wpf_wrapper -->","protected":false},"excerpt":{"rendered":"<p>Estamos entrando no m\u00eas de julho, completando quase quatro meses do novo coronav\u00edrus que se alastrou por todo o nosso&hellip; <\/p>\n","protected":false},"author":4,"featured_media":14227,"comment_status":"closed","ping_status":"closed","sticky":false,"template":"","format":"standard","meta":{"footnotes":""},"categories":[149,7],"tags":[],"class_list":["post-14226","post","type-post","status-publish","format-standard","has-post-thumbnail","hentry","category-covid-19","category-noticias"],"jetpack_featured_media_url":"https:\/\/sindesvdf.com.br\/news\/wp-content\/uploads\/2020\/06\/cuidados.png","_links":{"self":[{"href":"https:\/\/sindesvdf.com.br\/news\/wp-json\/wp\/v2\/posts\/14226","targetHints":{"allow":["GET"]}}],"collection":[{"href":"https:\/\/sindesvdf.com.br\/news\/wp-json\/wp\/v2\/posts"}],"about":[{"href":"https:\/\/sindesvdf.com.br\/news\/wp-json\/wp\/v2\/types\/post"}],"author":[{"embeddable":true,"href":"https:\/\/sindesvdf.com.br\/news\/wp-json\/wp\/v2\/users\/4"}],"replies":[{"embeddable":true,"href":"https:\/\/sindesvdf.com.br\/news\/wp-json\/wp\/v2\/comments?post=14226"}],"version-history":[{"count":2,"href":"https:\/\/sindesvdf.com.br\/news\/wp-json\/wp\/v2\/posts\/14226\/revisions"}],"predecessor-version":[{"id":14230,"href":"https:\/\/sindesvdf.com.br\/news\/wp-json\/wp\/v2\/posts\/14226\/revisions\/14230"}],"wp:featuredmedia":[{"embeddable":true,"href":"https:\/\/sindesvdf.com.br\/news\/wp-json\/wp\/v2\/media\/14227"}],"wp:attachment":[{"href":"https:\/\/sindesvdf.com.br\/news\/wp-json\/wp\/v2\/media?parent=14226"}],"wp:term":[{"taxonomy":"category","embeddable":true,"href":"https:\/\/sindesvdf.com.br\/news\/wp-json\/wp\/v2\/categories?post=14226"},{"taxonomy":"post_tag","embeddable":true,"href":"https:\/\/sindesvdf.com.br\/news\/wp-json\/wp\/v2\/tags?post=14226"}],"curies":[{"name":"wp","href":"https:\/\/api.w.org\/{rel}","templated":true}]}}