{"id":14235,"date":"2020-07-06T11:26:13","date_gmt":"2020-07-06T14:26:13","guid":{"rendered":"http:\/\/sindesvdf.com.br\/news\/?p=14235"},"modified":"2020-07-06T11:32:46","modified_gmt":"2020-07-06T14:32:46","slug":"que-em-breve-futuro-nossas-esperancas-se-concretizem","status":"publish","type":"post","link":"https:\/\/sindesvdf.com.br\/news\/que-em-breve-futuro-nossas-esperancas-se-concretizem\/","title":{"rendered":"Que em breve futuro nossas esperan\u00e7as se concretizem!"},"content":{"rendered":"<p><img loading=\"lazy\" decoding=\"async\" class=\"aligncenter wp-image-14236\" src=\"http:\/\/sindesvdf.com.br\/news\/wp-content\/uploads\/2020\/07\/VACINA-COVID.jpeg\" alt=\"\" width=\"700\" height=\"490\" srcset=\"https:\/\/sindesvdf.com.br\/news\/wp-content\/uploads\/2020\/07\/VACINA-COVID.jpeg 696w, https:\/\/sindesvdf.com.br\/news\/wp-content\/uploads\/2020\/07\/VACINA-COVID-300x210.jpeg 300w\" sizes=\"auto, (max-width: 700px) 100vw, 700px\" \/><\/p>\n<p><span style=\"font-size: 18pt;\"><strong>Teste de vacina tem sucesso e Pfizer pode produzir 1 bilh\u00e3o de doses<\/strong><\/span><\/p>\n<p><span style=\"font-size: 14pt;\">Cientistas no mundo inteiro correm contra o tempo para encontrar uma vacina para prevenir a Covid-19. Agora foi a vez do laborat\u00f3rio Pfizer anunciar que funcionaram os primeiros testes em humanos da vacina produzida por eles e pela biotecnologia BioNTech.<\/span><\/p>\n<p><span style=\"font-size: 14pt;\">A vacina estimulou a resposta imune dos pacientes saud\u00e1veis, ou seja, foi capaz de gerar anticorpos contra a Covid-19 e, em alguns deles, neutralizou o v\u00edrus, o que pode significar que \u00e9 capaz de deter o funcionamento do novo coronav\u00edrus.<\/span><\/p>\n<p><span style=\"font-size: 14pt;\">A novidade foi divulgada no site Medrxiv, principal distribuidor de descobertas cient\u00edficas que ainda n\u00e3o foram revisadas por pares. Os resultados ainda n\u00e3o foram publicados em jornais cient\u00edficos.<\/span><\/p>\n<p><em><strong><span style=\"font-size: 16pt;\">Novos estudos<\/span><\/strong><\/em><br \/>\n<span style=\"font-size: 14pt;\">Depois desses primeiros resultados, a Pfizer informou que vai ampliar os estudos em breve.<\/span><\/p>\n<p><span style=\"font-size: 14pt;\">Se tudo der certo, a companhia anunciou que pretende produzir at\u00e9 100 milh\u00f5es de doses da vacina at\u00e9 o final deste ano e mais 1,2 bilh\u00e3o at\u00e9 o final de 2021.\u00a0<\/span><\/p>\n<p><em><strong><span style=\"font-size: 16pt;\">O estudo<\/span><\/strong><\/em><br \/>\n<span style=\"font-size: 14pt;\">O estudo foi rand\u00f4mico e testado em 45 volunt\u00e1rios que receberam tr\u00eas doses da vacina ou placebo.<\/span><\/p>\n<p><span style=\"font-size: 14pt;\">Destes, 12 receberam uma dose de 10 microgramas, outros 12 tomaram 30 microgramas, mais 12 receberam uma dose de 100 microgramas e nove foram tratados com a vers\u00e3o em placebo da vacina.<\/span><\/p>\n<p><span style=\"font-size: 14pt;\">A dose mais alta, de 100 microgramas, causou febre em metade dos participantes do teste &#8211; por conta dos efeitos colaterais, o grupo n\u00e3o recebeu uma segunda dose.<\/span><\/p>\n<p><span style=\"font-size: 14pt;\">Depois de uma segunda dose da inje\u00e7\u00e3o tr\u00eas semanas depois da primeira, 8,3% dos participantes do grupo de 10 microgramas e 75% do grupo de 30 microgramas tamb\u00e9m tiveram febre.<\/span><\/p>\n<p style=\"text-align: left;\"><em><strong><span style=\"font-size: 16pt;\">Efeitos colaterais<\/span><\/strong><\/em><br \/>\n<span style=\"font-size: 14pt;\">Al\u00e9m da febre, outro sintoma apresentado foi dist\u00farbio de sono. <\/span><span style=\"font-size: 14pt;\">Mas os pesquisadores n\u00e3o consideraram s\u00e9rios esses efeitos colaterais, por n\u00e3o resultarem em hospitaliza\u00e7\u00f5es.<\/span><\/p>\n<p style=\"text-align: left;\"><em><strong><span style=\"font-size: 16pt;\">Outras vacinas<\/span><\/strong><\/em><br \/>\n<span style=\"font-size: 14pt;\">Enquanto a vacina da Pfizer passa pelos primeiros testes em humanos, outras tr\u00eas est\u00e3o em est\u00e1gio mais adiantado.<\/span><\/p>\n<p style=\"text-align: right;\"><span style=\"font-size: 12pt; color: #ff0000;\"><em>Com informa\u00e7\u00f5es do Medrxiv, Exame e SNB<\/em><\/span><\/p>\n<hr \/>\n<p><span style=\"font-size: 18pt;\"><strong>Vacina de Oxford ser\u00e1 distribu\u00edda ainda este ano, confirma diretora<\/strong><\/span><\/p>\n<p><span style=\"font-size: 14pt;\">A vacina contra a Covid-19 desenvolvida pela Universidade de Oxford, que est\u00e1 sendo testada no Brasil, poder\u00e1 ser distribu\u00edda \u00e0 popula\u00e7\u00e3o ainda este ano.<\/span><\/p>\n<p><span style=\"font-size: 14pt;\">A afirma\u00e7\u00e3o foi feita por Maria Augusta Bernardini, diretora-m\u00e9dica do grupo farmac\u00eautico Astrazeneca, ap\u00f3s o governo brasileiro ter dito o mesmo no fim de semana.<\/span><\/p>\n<p><span style=\"font-size: 14pt;\">Ela participou de uma conversa transmitida ao vivo pela internet, com o embaixador do Reino Unido no Brasil, Vijay Rangarajan, na segunda-feira, 29\/06.<\/span><\/p>\n<p><span style=\"font-size: 14pt;\"><em>\u201cEsperamos ter dados preliminares quanto a efic\u00e1cia real j\u00e1 dispon\u00edveis em torno de outubro, novembro\u201d<\/em>, afirmou Maria Augusta Bernardini.<\/span><\/p>\n<p><span style=\"font-size: 14pt;\">Segundo ela, apesar de os volunt\u00e1rios serem acompanhados por um ano, existe a possibilidade de distribuir a vacina \u00e0 popula\u00e7\u00e3o antes desse per\u00edodo, ou seja, os prazos podem mudar de acordo com a evolu\u00e7\u00e3o dos estudos.<\/span><\/p>\n<p style=\"text-align: left;\"><span style=\"font-size: 14pt;\"><em>\u201cVamos sim analisar, em conjunto com as entidades regulat\u00f3rias mundiais, se podemos ter uma autoriza\u00e7\u00e3o de registro em car\u00e1ter de exce\u00e7\u00e3o, um registro condicionado, para que a gente possa disponibilizar \u00e0 popula\u00e7\u00e3o antes de ter uma finaliza\u00e7\u00e3o completa dos estudos\u201d<\/em>, acrescentou.<\/span><\/p>\n<p style=\"text-align: left;\"><strong><span style=\"font-size: 16pt;\">Brasil<\/span><\/strong><br \/>\n<span style=\"font-size: 14pt;\">O grupo anglo-sueco Astrazeneca participa das pesquisas da universidade inglesa em parceria com a Unifesp \u2013 Universidade Federal de S\u00e3o Paulo.<\/span><\/p>\n<p style=\"text-align: left;\"><span style=\"font-size: 14pt;\">Segundo Maria Augusta, a Anvisa \u2013 Ag\u00eancia Nacional de Vigil\u00e2ncia Sanit\u00e1ria \u2013 tem se mostrado disposta a colaborar.<\/span><\/p>\n<p style=\"text-align: left;\"><span style=\"font-size: 14pt;\">O Brasil \u00e9 o primeiro pa\u00eds fora do Reino Unido a iniciar testes com a vacina desenvolvida pela Universidade de Oxford e um dos motivos que levaram \u00e0 escolha foi o fato de a pandemia estar em ascens\u00e3o no pa\u00eds.<\/span><\/p>\n<p style=\"text-align: left;\"><span style=\"font-size: 14pt;\"><em>\u201cO Brasil \u00e9 um grande foco de crescimento, de mortalidade, o que nos coloca como ambiente prop\u00edcio para demonstrar o potencial efeito de uma vacina. Para isso precisamos ter o v\u00edrus circulante na popula\u00e7\u00e3o e esse \u00e9 o cen\u00e1rio que estamos vivendo\u201d<\/em>, disse Bernardini.<\/span><\/p>\n<p style=\"text-align: left;\"><span style=\"font-size: 14pt;\">A diretora-m\u00e9dica da Astrazeneca destacou que a atua\u00e7\u00e3o de pesquisadores brasileiros em Oxford.<\/span><\/p>\n<p style=\"text-align: left;\"><span style=\"font-size: 14pt;\"><em>\u201cIsso fortaleceu a imagem e a reputa\u00e7\u00e3o cient\u00edfica do Brasil, al\u00e9m de facilitar, trazer com agilidade o estudo em termos de execu\u00e7\u00e3o\u201d<\/em>.<\/span><\/p>\n<p style=\"text-align: right;\"><em><span style=\"font-size: 12pt; color: #ff0000;\">Com informa\u00e7\u00f5es do R7<\/span><\/em><\/p>\n<p class=\"wpf_wrapper\"><a class=\"print_link\" href=\"\" target=\"_blank\">Preparar para impress\u00e3o<\/a><\/p><!-- .wpf_wrapper -->","protected":false},"excerpt":{"rendered":"<p>Teste de vacina tem sucesso e Pfizer pode produzir 1 bilh\u00e3o de doses Cientistas no mundo inteiro correm contra o&hellip; <\/p>\n","protected":false},"author":4,"featured_media":14236,"comment_status":"closed","ping_status":"closed","sticky":false,"template":"","format":"standard","meta":{"footnotes":""},"categories":[149,115],"tags":[],"class_list":["post-14235","post","type-post","status-publish","format-standard","has-post-thumbnail","hentry","category-covid-19","category-plantao-olho-vivo"],"jetpack_featured_media_url":"https:\/\/sindesvdf.com.br\/news\/wp-content\/uploads\/2020\/07\/VACINA-COVID.jpeg","_links":{"self":[{"href":"https:\/\/sindesvdf.com.br\/news\/wp-json\/wp\/v2\/posts\/14235","targetHints":{"allow":["GET"]}}],"collection":[{"href":"https:\/\/sindesvdf.com.br\/news\/wp-json\/wp\/v2\/posts"}],"about":[{"href":"https:\/\/sindesvdf.com.br\/news\/wp-json\/wp\/v2\/types\/post"}],"author":[{"embeddable":true,"href":"https:\/\/sindesvdf.com.br\/news\/wp-json\/wp\/v2\/users\/4"}],"replies":[{"embeddable":true,"href":"https:\/\/sindesvdf.com.br\/news\/wp-json\/wp\/v2\/comments?post=14235"}],"version-history":[{"count":5,"href":"https:\/\/sindesvdf.com.br\/news\/wp-json\/wp\/v2\/posts\/14235\/revisions"}],"predecessor-version":[{"id":14242,"href":"https:\/\/sindesvdf.com.br\/news\/wp-json\/wp\/v2\/posts\/14235\/revisions\/14242"}],"wp:featuredmedia":[{"embeddable":true,"href":"https:\/\/sindesvdf.com.br\/news\/wp-json\/wp\/v2\/media\/14236"}],"wp:attachment":[{"href":"https:\/\/sindesvdf.com.br\/news\/wp-json\/wp\/v2\/media?parent=14235"}],"wp:term":[{"taxonomy":"category","embeddable":true,"href":"https:\/\/sindesvdf.com.br\/news\/wp-json\/wp\/v2\/categories?post=14235"},{"taxonomy":"post_tag","embeddable":true,"href":"https:\/\/sindesvdf.com.br\/news\/wp-json\/wp\/v2\/tags?post=14235"}],"curies":[{"name":"wp","href":"https:\/\/api.w.org\/{rel}","templated":true}]}}