{"id":14243,"date":"2020-07-13T08:50:28","date_gmt":"2020-07-13T11:50:28","guid":{"rendered":"http:\/\/sindesvdf.com.br\/news\/?p=14243"},"modified":"2020-07-13T08:50:28","modified_gmt":"2020-07-13T11:50:28","slug":"sindicato-dos-vigilantes-do-df-defende-a-correcao-de-debitos-trabalhistas-pelo-ipca","status":"publish","type":"post","link":"https:\/\/sindesvdf.com.br\/news\/sindicato-dos-vigilantes-do-df-defende-a-correcao-de-debitos-trabalhistas-pelo-ipca\/","title":{"rendered":"Sindicato dos Vigilantes do DF defende a corre\u00e7\u00e3o de d\u00e9bitos trabalhistas pelo IPCA"},"content":{"rendered":"<p><img loading=\"lazy\" decoding=\"async\" class=\"aligncenter size-full wp-image-14244\" src=\"http:\/\/sindesvdf.com.br\/news\/wp-content\/uploads\/2020\/07\/correcao-ipca.jpeg\" alt=\"\" width=\"626\" height=\"626\" srcset=\"https:\/\/sindesvdf.com.br\/news\/wp-content\/uploads\/2020\/07\/correcao-ipca.jpeg 626w, https:\/\/sindesvdf.com.br\/news\/wp-content\/uploads\/2020\/07\/correcao-ipca-300x300.jpeg 300w, https:\/\/sindesvdf.com.br\/news\/wp-content\/uploads\/2020\/07\/correcao-ipca-150x150.jpeg 150w\" sizes=\"auto, (max-width: 626px) 100vw, 626px\" \/><\/p>\n<p><span style=\"font-size: 14pt;\">Todos aguardam ansiosamente pela decis\u00e3o do STF quanto ao \u00edndice de corre\u00e7\u00e3o dos d\u00e9bitos trabalhistas. O TST j\u00e1 havia firmado entendimento de que os d\u00e9bitos trabalhistas seriam corrigidos pela varia\u00e7\u00e3o do IPCA, no entanto, a reforma trabalhista alterou o artigo 879, par\u00e1grafo 7\u00ba da CLT e voltou a considerar que a TR seria o \u00edndice de corre\u00e7\u00e3o. \u00c9 preciso considerar que existem duas correntes, fortes, cada qual defendendo seus interesses. Obviamente que patr\u00f5es e empres\u00e1rios querem a corre\u00e7\u00e3o pela TR, que a meses est\u00e1 zerada. Os empregados e todos aqueles que tem algum cr\u00e9dito trabalhista, querem a corre\u00e7\u00e3o pelo IPCA.<\/span><\/p>\n<p><span style=\"font-size: 14pt;\">Devemos considerar que vivemos em um pa\u00eds com infla\u00e7\u00e3o e corros\u00e3o do valor do dinheiro, n\u00e3o sendo vi\u00e1vel defender que o \u00edndice de corre\u00e7\u00e3o seja zero (TR), \u00e9 preciso atualizar o valor do cr\u00e9dito que n\u00e3o foi quitado na \u00e9poca devida, nada mais justo que se aplique o IPCA.<\/span><\/p>\n<p style=\"text-align: right;\"><span style=\"color: #ff0000;\"><em><span style=\"font-size: 12pt;\">Fonte: JusBrasil<\/span><\/em><\/span><\/p>\n<p class=\"wpf_wrapper\"><a class=\"print_link\" href=\"\" target=\"_blank\">Preparar para impress\u00e3o<\/a><\/p><!-- .wpf_wrapper -->","protected":false},"excerpt":{"rendered":"<p>Todos aguardam ansiosamente pela decis\u00e3o do STF quanto ao \u00edndice de corre\u00e7\u00e3o dos d\u00e9bitos trabalhistas. O TST j\u00e1 havia firmado&hellip; <\/p>\n","protected":false},"author":4,"featured_media":14244,"comment_status":"closed","ping_status":"closed","sticky":false,"template":"","format":"standard","meta":{"footnotes":""},"categories":[7],"tags":[],"class_list":["post-14243","post","type-post","status-publish","format-standard","has-post-thumbnail","hentry","category-noticias"],"jetpack_featured_media_url":"https:\/\/sindesvdf.com.br\/news\/wp-content\/uploads\/2020\/07\/correcao-ipca.jpeg","_links":{"self":[{"href":"https:\/\/sindesvdf.com.br\/news\/wp-json\/wp\/v2\/posts\/14243","targetHints":{"allow":["GET"]}}],"collection":[{"href":"https:\/\/sindesvdf.com.br\/news\/wp-json\/wp\/v2\/posts"}],"about":[{"href":"https:\/\/sindesvdf.com.br\/news\/wp-json\/wp\/v2\/types\/post"}],"author":[{"embeddable":true,"href":"https:\/\/sindesvdf.com.br\/news\/wp-json\/wp\/v2\/users\/4"}],"replies":[{"embeddable":true,"href":"https:\/\/sindesvdf.com.br\/news\/wp-json\/wp\/v2\/comments?post=14243"}],"version-history":[{"count":1,"href":"https:\/\/sindesvdf.com.br\/news\/wp-json\/wp\/v2\/posts\/14243\/revisions"}],"predecessor-version":[{"id":14245,"href":"https:\/\/sindesvdf.com.br\/news\/wp-json\/wp\/v2\/posts\/14243\/revisions\/14245"}],"wp:featuredmedia":[{"embeddable":true,"href":"https:\/\/sindesvdf.com.br\/news\/wp-json\/wp\/v2\/media\/14244"}],"wp:attachment":[{"href":"https:\/\/sindesvdf.com.br\/news\/wp-json\/wp\/v2\/media?parent=14243"}],"wp:term":[{"taxonomy":"category","embeddable":true,"href":"https:\/\/sindesvdf.com.br\/news\/wp-json\/wp\/v2\/categories?post=14243"},{"taxonomy":"post_tag","embeddable":true,"href":"https:\/\/sindesvdf.com.br\/news\/wp-json\/wp\/v2\/tags?post=14243"}],"curies":[{"name":"wp","href":"https:\/\/api.w.org\/{rel}","templated":true}]}}