{"id":14250,"date":"2020-07-16T19:04:23","date_gmt":"2020-07-16T22:04:23","guid":{"rendered":"http:\/\/sindesvdf.com.br\/news\/?p=14250"},"modified":"2020-07-16T19:04:23","modified_gmt":"2020-07-16T22:04:23","slug":"ipanema-por-falta-de-pagamento-de-salarios-vigilantes-podem-parar","status":"publish","type":"post","link":"https:\/\/sindesvdf.com.br\/news\/ipanema-por-falta-de-pagamento-de-salarios-vigilantes-podem-parar\/","title":{"rendered":"Ipanema: por falta de pagamento de sal\u00e1rios vigilantes podem parar"},"content":{"rendered":"<figure id=\"attachment_14251\" aria-describedby=\"caption-attachment-14251\" style=\"width: 700px\" class=\"wp-caption aligncenter\"><img loading=\"lazy\" decoding=\"async\" class=\"size-full wp-image-14251\" src=\"http:\/\/sindesvdf.com.br\/news\/wp-content\/uploads\/2020\/07\/JB.png\" alt=\"\" width=\"700\" height=\"400\" srcset=\"https:\/\/sindesvdf.com.br\/news\/wp-content\/uploads\/2020\/07\/JB.png 700w, https:\/\/sindesvdf.com.br\/news\/wp-content\/uploads\/2020\/07\/JB-300x171.png 300w\" sizes=\"auto, (max-width: 700px) 100vw, 700px\" \/><figcaption id=\"caption-attachment-14251\" class=\"wp-caption-text\">A Secretaria de Sa\u00fade disse que \u201cos contratos de vigil\u00e2ncia com a Ipanema est\u00e3o vigentes e o pagamento \u00e9 realizado de acordo com os prazos previstos\u201d<\/figcaption><\/figure>\n<p><span style=\"font-size: 14pt;\">Cerca de 800 vigilantes da empresa Ipanema, que prestam servi\u00e7os em Unidades de Pronto Atendimento (UPAs) do Distrito Federal, est\u00e3o com os sal\u00e1rios atrasados h\u00e1 11 dias, e n\u00e3o descartam a possibilidade de entrar em greve. Se isto acontecer, poder\u00e1 acarretar a paralisa\u00e7\u00e3o dos servi\u00e7os nas unidades de sa\u00fade em plena pandemia do novo coronav\u00edrus.<\/span><\/p>\n<p><span style=\"font-size: 14pt;\">De acordo com o presidente do Sindicato dos Vigilantes do DF, Paulo Quadros, n\u00e3o \u00e9 a primeira vez que a Ipanema atrasa sal\u00e1rios da categoria e que o motivo alegado \u00e9 a necessidade de repactua\u00e7\u00e3o (reajuste de contrato com base na an\u00e1lise da varia\u00e7\u00e3o dos custos na planilha de pre\u00e7os) de contratos com Secretaria de Sa\u00fade, o que \u00e9 contestado pelo Sindicato. Cada vigilante recebe cerca de R$ 2.600 reais de sal\u00e1rio l\u00edquido.<\/span><\/p>\n<p><span style=\"font-size: 14pt;\">A Secretaria de Sa\u00fade disse, por meio de nota, que \u201cos contratos de vigil\u00e2ncia com a Ipanema est\u00e3o vigentes e o pagamento \u00e9 realizado de acordo com os prazos previstos\u201d.<\/span><\/p>\n<p><span style=\"font-size: 14pt;\">\u201cNo contrato assinado com a Secretaria de Sa\u00fade, a Ipanema declarou que dispunha de uma reserva de R$ 50 milh\u00f5es, quantia suficiente para pagar os sal\u00e1rios dos vigilantes por 90 dias, caso a SES atrasasse os repasses para pagamento dos sal\u00e1rios\u201d, explicou o presidente do Sindicato. Paulo Quadros disse que denunciou a situa\u00e7\u00e3o ao Minist\u00e9rio P\u00fablico, e agora espera uma a\u00e7\u00e3o por parte do \u00f3rg\u00e3o. O representante sindical lembrou que outras empresas que prestam servi\u00e7os de vigil\u00e2ncia ao Governo do Distrito Federal tamb\u00e9m esperam a repactua\u00e7\u00e3o, no entanto est\u00e3o pagando os sal\u00e1rios dos vigilantes normalmente.<\/span><\/p>\n<p><span style=\"font-size: 14pt;\">O deputado distrital, Chico Vigilante, que est\u00e1 atuando para que a categoria receba o sal\u00e1rio atrasado, acredita que a Ipanema est\u00e1 usando os trabalhadores para pressionar a Secretaria de Sa\u00fade a fazer as repactua\u00e7\u00f5es. \u201cHoje pela manh\u00e3 j\u00e1 falei seis vezes com o Secret\u00e1rio de Sa\u00fade para tratar desse assunto dos sal\u00e1rios dos vigilantes. Defendi que a Secret\u00e1ria rescinda com a Ipanema e contrate outra empresa\u201d, disse o parlamentar.<\/span><\/p>\n<p><span style=\"font-size: 14pt;\">Chico Vigilante argumentou que os respons\u00e1veis pela Ipanema atrasam os sal\u00e1rios dos vigilantes do quadro daquela empresa, mas mant\u00eam em dia os pagamentos de outros vigilantes que fazem parte da Aval, que \u00e9 de propriedade do mesmo grupo que a Ipanema. De acordo com o parlamentar, a Aval presta servi\u00e7o ao Hospital Regional da Asa Norte (HRAN). \u201cSe os vigilantes da Ipanema entrarem greve, certamente os m\u00e9dicos v\u00e3o paralisar o atendimento, pois vigilantes prestam um servi\u00e7o essencial, previu o parlamentar. At\u00e9 a conclus\u00e3o desta mat\u00e9ria a Ipanema n\u00e3o respondeu aos questionamentos do Jornal de Bras\u00edlia.<\/span><\/p>\n<p style=\"text-align: right;\"><strong><em>Fonte: Jornal de Bras\u00edlia<\/em><\/strong><\/p>\n<p class=\"wpf_wrapper\"><a class=\"print_link\" href=\"\" target=\"_blank\">Preparar para impress\u00e3o<\/a><\/p><!-- .wpf_wrapper -->","protected":false},"excerpt":{"rendered":"<p>Cerca de 800 vigilantes da empresa Ipanema, que prestam servi\u00e7os em Unidades de Pronto Atendimento (UPAs) do Distrito Federal, est\u00e3o&hellip; <\/p>\n","protected":false},"author":4,"featured_media":14251,"comment_status":"closed","ping_status":"closed","sticky":false,"template":"","format":"standard","meta":{"footnotes":""},"categories":[7],"tags":[],"class_list":["post-14250","post","type-post","status-publish","format-standard","has-post-thumbnail","hentry","category-noticias"],"jetpack_featured_media_url":"https:\/\/sindesvdf.com.br\/news\/wp-content\/uploads\/2020\/07\/JB.png","_links":{"self":[{"href":"https:\/\/sindesvdf.com.br\/news\/wp-json\/wp\/v2\/posts\/14250","targetHints":{"allow":["GET"]}}],"collection":[{"href":"https:\/\/sindesvdf.com.br\/news\/wp-json\/wp\/v2\/posts"}],"about":[{"href":"https:\/\/sindesvdf.com.br\/news\/wp-json\/wp\/v2\/types\/post"}],"author":[{"embeddable":true,"href":"https:\/\/sindesvdf.com.br\/news\/wp-json\/wp\/v2\/users\/4"}],"replies":[{"embeddable":true,"href":"https:\/\/sindesvdf.com.br\/news\/wp-json\/wp\/v2\/comments?post=14250"}],"version-history":[{"count":1,"href":"https:\/\/sindesvdf.com.br\/news\/wp-json\/wp\/v2\/posts\/14250\/revisions"}],"predecessor-version":[{"id":14252,"href":"https:\/\/sindesvdf.com.br\/news\/wp-json\/wp\/v2\/posts\/14250\/revisions\/14252"}],"wp:featuredmedia":[{"embeddable":true,"href":"https:\/\/sindesvdf.com.br\/news\/wp-json\/wp\/v2\/media\/14251"}],"wp:attachment":[{"href":"https:\/\/sindesvdf.com.br\/news\/wp-json\/wp\/v2\/media?parent=14250"}],"wp:term":[{"taxonomy":"category","embeddable":true,"href":"https:\/\/sindesvdf.com.br\/news\/wp-json\/wp\/v2\/categories?post=14250"},{"taxonomy":"post_tag","embeddable":true,"href":"https:\/\/sindesvdf.com.br\/news\/wp-json\/wp\/v2\/tags?post=14250"}],"curies":[{"name":"wp","href":"https:\/\/api.w.org\/{rel}","templated":true}]}}