{"id":14290,"date":"2020-07-28T13:48:25","date_gmt":"2020-07-28T16:48:25","guid":{"rendered":"http:\/\/sindesvdf.com.br\/news\/?p=14290"},"modified":"2020-07-29T08:50:40","modified_gmt":"2020-07-29T11:50:40","slug":"policia-federal-publica-portaria-e-reciclagem-vencida-tem-validade-ate-o-dia-31-08-2020","status":"publish","type":"post","link":"https:\/\/sindesvdf.com.br\/news\/policia-federal-publica-portaria-e-reciclagem-vencida-tem-validade-ate-o-dia-31-08-2020\/","title":{"rendered":"Pol\u00edcia Federal publica portaria e reciclagem vencida tem validade at\u00e9 o dia 31\/08\/2020"},"content":{"rendered":"<figure id=\"attachment_14291\" aria-describedby=\"caption-attachment-14291\" style=\"width: 700px\" class=\"wp-caption aligncenter\"><img loading=\"lazy\" decoding=\"async\" class=\"size-full wp-image-14291\" src=\"http:\/\/sindesvdf.com.br\/news\/wp-content\/uploads\/2020\/07\/PF-prorroga\u00e7\u00e3o.png\" alt=\"\" width=\"700\" height=\"400\" srcset=\"https:\/\/sindesvdf.com.br\/news\/wp-content\/uploads\/2020\/07\/PF-prorroga\u00e7\u00e3o.png 700w, https:\/\/sindesvdf.com.br\/news\/wp-content\/uploads\/2020\/07\/PF-prorroga\u00e7\u00e3o-300x171.png 300w\" sizes=\"auto, (max-width: 700px) 100vw, 700px\" \/><figcaption id=\"caption-attachment-14291\" class=\"wp-caption-text\"><br \/>Com a prorroga\u00e7\u00e3o do prazo, vigilante com a reciclagem vencida n\u00e3o precisa se preocupar.<\/figcaption><\/figure>\n<p><span style=\"font-size: 14pt;\">A Pol\u00edcia Federal publicou dia 17\/07\/2020 a portaria 15407682-CGCSP\/DIREX\/PF, Estabelece normas e procedimentos para suspens\u00e3o de processos punitivos, bem como prorroga\u00e7\u00e3o de autoriza\u00e7\u00f5es e processos autorizativos no \u00e2mbito das \u00e1reas afetas \u00e0 Coordena\u00e7\u00e3o-Geral de Controle de Servi\u00e7os e Produtos.<\/span><\/p>\n<p><span style=\"font-size: 14pt;\">Veja portaria <a href=\"http:\/\/sindesvdf.com.br\/news\/wp-content\/uploads\/2020\/07\/PRORROGA\u00c7AO-DE-PRAZOS-portaria-n-15407682.pdf\">PRORROGA\u00c7AO DE PRAZOS &#8211; portaria-n-15407682<\/a><\/span><\/p>\n<p><span style=\"font-size: 14pt;\"><em><strong>Aten\u00e7\u00e3o Vigilantes, fiquem tranquilos caso a sua reciclagem esteja vencida.<\/strong><\/em><\/span><\/p>\n<p><span style=\"font-size: 14pt;\">Como podemos ver na Portaria publicada pela Pol\u00edcia Federal, o momento \u00e9 de preocupa\u00e7\u00e3o com a Pandemia e, por isso, diante do n\u00edvel alto de cont\u00e1gio do v\u00edrus em aglomera\u00e7\u00f5es, da\u00ed a necessidade de mais uma prorroga\u00e7\u00e3o, evidenciando assim que o perigo ainda existe.<\/span><\/p>\n<p><span style=\"font-size: 14pt;\">Muitos vigilantes t\u00eam demonstrado preocupa\u00e7\u00e3o com essa situa\u00e7\u00e3o. No entanto, se a reciclagem est\u00e1 vencida, mas a Pol\u00edcia Federal tem prorrogado os prazos, n\u00e3o h\u00e1 com que se preocupar.<\/span><\/p>\n<p><span style=\"font-size: 14pt;\">Mais importante, neste momento, \u00e9 se preservar e evitar o cont\u00e1gio. Nos protegendo, estamos protegendo nossas fam\u00edlias.<\/span><\/p>\n<p class=\"wpf_wrapper\"><a class=\"print_link\" href=\"\" target=\"_blank\">Preparar para impress\u00e3o<\/a><\/p><!-- .wpf_wrapper -->","protected":false},"excerpt":{"rendered":"<p>A Pol\u00edcia Federal publicou dia 17\/07\/2020 a portaria 15407682-CGCSP\/DIREX\/PF, Estabelece normas e procedimentos para suspens\u00e3o de processos punitivos, bem como&hellip; <\/p>\n","protected":false},"author":4,"featured_media":14291,"comment_status":"closed","ping_status":"closed","sticky":false,"template":"","format":"standard","meta":{"footnotes":""},"categories":[7,101],"tags":[],"class_list":["post-14290","post","type-post","status-publish","format-standard","has-post-thumbnail","hentry","category-noticias","category-olho-vivo"],"jetpack_featured_media_url":"https:\/\/sindesvdf.com.br\/news\/wp-content\/uploads\/2020\/07\/PF-prorroga\u00e7\u00e3o.png","_links":{"self":[{"href":"https:\/\/sindesvdf.com.br\/news\/wp-json\/wp\/v2\/posts\/14290","targetHints":{"allow":["GET"]}}],"collection":[{"href":"https:\/\/sindesvdf.com.br\/news\/wp-json\/wp\/v2\/posts"}],"about":[{"href":"https:\/\/sindesvdf.com.br\/news\/wp-json\/wp\/v2\/types\/post"}],"author":[{"embeddable":true,"href":"https:\/\/sindesvdf.com.br\/news\/wp-json\/wp\/v2\/users\/4"}],"replies":[{"embeddable":true,"href":"https:\/\/sindesvdf.com.br\/news\/wp-json\/wp\/v2\/comments?post=14290"}],"version-history":[{"count":2,"href":"https:\/\/sindesvdf.com.br\/news\/wp-json\/wp\/v2\/posts\/14290\/revisions"}],"predecessor-version":[{"id":14294,"href":"https:\/\/sindesvdf.com.br\/news\/wp-json\/wp\/v2\/posts\/14290\/revisions\/14294"}],"wp:featuredmedia":[{"embeddable":true,"href":"https:\/\/sindesvdf.com.br\/news\/wp-json\/wp\/v2\/media\/14291"}],"wp:attachment":[{"href":"https:\/\/sindesvdf.com.br\/news\/wp-json\/wp\/v2\/media?parent=14290"}],"wp:term":[{"taxonomy":"category","embeddable":true,"href":"https:\/\/sindesvdf.com.br\/news\/wp-json\/wp\/v2\/categories?post=14290"},{"taxonomy":"post_tag","embeddable":true,"href":"https:\/\/sindesvdf.com.br\/news\/wp-json\/wp\/v2\/tags?post=14290"}],"curies":[{"name":"wp","href":"https:\/\/api.w.org\/{rel}","templated":true}]}}