{"id":14295,"date":"2020-07-30T09:10:40","date_gmt":"2020-07-30T12:10:40","guid":{"rendered":"http:\/\/sindesvdf.com.br\/news\/?p=14295"},"modified":"2020-07-30T09:10:40","modified_gmt":"2020-07-30T12:10:40","slug":"senado-aprova-indenizacao-a-vigilantes-de-unidades-de-saude-e-outros-profissionais-incapacitados-pelo-coronavirus","status":"publish","type":"post","link":"https:\/\/sindesvdf.com.br\/news\/senado-aprova-indenizacao-a-vigilantes-de-unidades-de-saude-e-outros-profissionais-incapacitados-pelo-coronavirus\/","title":{"rendered":"Senado aprova indeniza\u00e7\u00e3o a vigilantes de unidades de sa\u00fade e outros profissionais incapacitados pelo Coronav\u00edrus"},"content":{"rendered":"<figure id=\"attachment_14296\" aria-describedby=\"caption-attachment-14296\" style=\"width: 700px\" class=\"wp-caption aligncenter\"><img loading=\"lazy\" decoding=\"async\" class=\"wp-image-14296 size-full\" src=\"http:\/\/sindesvdf.com.br\/news\/wp-content\/uploads\/2020\/07\/senado.png\" alt=\"\" width=\"700\" height=\"400\" srcset=\"https:\/\/sindesvdf.com.br\/news\/wp-content\/uploads\/2020\/07\/senado.png 700w, https:\/\/sindesvdf.com.br\/news\/wp-content\/uploads\/2020\/07\/senado-300x171.png 300w\" sizes=\"auto, (max-width: 700px) 100vw, 700px\" \/><figcaption id=\"caption-attachment-14296\" class=\"wp-caption-text\">R$ 50mil reais por fam\u00edlia + R$10mil reais por ano que faltar at\u00e9 os dependentes completarem 21 anos.<\/figcaption><\/figure>\n<p><span style=\"font-size: 14pt;\">O Congresso Nacional aprovou o Projeto que prev\u00ea o pagamento, pela Uni\u00e3o, de compensa\u00e7\u00e3o financeira de R$ 50 mil aos dependentes de vigilantes de unidades de sa\u00fade, trabalhadores de sa\u00fade e outros profissionais mortos ap\u00f3s serem contaminados pelo novo coronav\u00edrus ao atuarem diretamente no combate \u00e0 pandemia de Covid-19.<\/span><\/p>\n<p><span style=\"font-size: 14pt;\">Uma medida muito importante para garantir o amparo do trabalhador e de sua fam\u00edlia.<\/span><\/p>\n<p><span style=\"font-size: 14pt;\">Aprovou tamb\u00e9m indeniza\u00e7\u00e3o que se aplica no caso de incapacidade permanente para o trabalho.<\/span><\/p>\n<p><span style=\"font-size: 14pt;\">Prev\u00ea ainda, o pagamento das despesas com funeral.<\/span><\/p>\n<p><span style=\"font-size: 14pt;\">Depois de aprovada, a mat\u00e9ria foi enviada \u00e0 san\u00e7\u00e3o do presidente da Rep\u00fablica.<\/span><\/p>\n<p><span style=\"font-size: 14pt;\"><strong>CAMPANHA N\u00c3O VETA PRESIDENTE BOLSONARO<\/strong><\/span><\/p>\n<p><span style=\"font-size: 14pt;\">Precisamos agora nos mobilizar para que este projeto n\u00e3o seja rejeitado pelo Presidente da Rep\u00fablica, o que prejudicaria muitos trabalhadores que est\u00e3o na linha de frente no enfrentamento do Coronavirus.<\/span><\/p>\n<p><span style=\"font-size: 14pt;\">\u00c9 bem simples \u00e9 s\u00f3 entrar no endere\u00e7o e clicar no link https:\/\/www.auxilioparasaude.org.br\/ e para fazermos press\u00e3o contra este veto (rejei\u00e7\u00e3o).<\/span><\/p>\n<p><span style=\"font-size: 14pt;\">Mesmo que voc\u00ea n\u00e3o esteja entre as categorias que est\u00e3o no Projeto aprovado, pode nos ajudar, clicando no mesmo link.<\/span><\/p>\n<p><span style=\"font-size: 14pt;\">Dependentes de profissionais de sa\u00fade (veja abaixo as categorias) e auxiliares de servi\u00e7os gerais de unidades de sa\u00fade mortos por Covid-19 no combate \u00e0 pandemia.<\/span><\/p>\n<p><span style=\"font-size: 14pt;\"><strong>R$ 50mil reais por fam\u00edlia + R$10mil reais por ano que faltar at\u00e9 os dependentes completarem 21 anos.<\/strong><\/span><\/p>\n<p><span style=\"font-size: 14pt;\"><strong>Veja quais s\u00e3o as outras categorias beneficiadas:<\/strong><\/span><\/p>\n<p><span style=\"font-size: 14pt;\">&#8211; fisioterapeutas, nutricionistas, assistentes sociais, profissionais que trabalham com testagem nos laborat\u00f3rios de an\u00e1lises cl\u00ednicas, trabalhadores dos necrot\u00e9rios e coveiros, e todos aqueles cujas profiss\u00f5es sejam reconhecidas pelo Conselho Nacional de Assist\u00eancia Social (CNAS) e que atuam no Sistema \u00danico de Assist\u00eancia Social (Suas).<\/span><\/p>\n<p><span style=\"font-size: 14pt;\">&#8211; agentes comunit\u00e1rios de sa\u00fade ou de combate a endemias que tenham realizado visitas domiciliares durante a pandemia;<\/span><\/p>\n<p><span style=\"font-size: 14pt;\">&#8211; aqueles cujas profiss\u00f5es de n\u00edvel superior sejam reconhecidas pelo Conselho Nacional de Sa\u00fade;<\/span><\/p>\n<p><span style=\"font-size: 14pt;\">&#8211; aqueles cujas profiss\u00f5es, de n\u00edvel t\u00e9cnico ou auxiliar, sejam vinculadas \u00e0s \u00e1reas de sa\u00fade; e<\/span><\/p>\n<p><span style=\"font-size: 14pt;\">&#8211; aqueles que, mesmo n\u00e3o exercendo atividades-fim de sa\u00fade, ajudam a operacionalizar o atendimento, como os de servi\u00e7os administrativos e de copa, lavanderia, limpeza, SEGURAN\u00c7A, condu\u00e7\u00e3o de ambul\u00e2ncias e outros.<\/span><\/p>\n<p style=\"text-align: right;\"><strong><span style=\"font-size: 12pt;\">FONTE: Confedera\u00e7\u00e3o Nacional dos Vigilantes &#8211; CNTV<\/span><\/strong><\/p>\n<p class=\"wpf_wrapper\"><a class=\"print_link\" href=\"\" target=\"_blank\">Preparar para impress\u00e3o<\/a><\/p><!-- .wpf_wrapper -->","protected":false},"excerpt":{"rendered":"<p>O Congresso Nacional aprovou o Projeto que prev\u00ea o pagamento, pela Uni\u00e3o, de compensa\u00e7\u00e3o financeira de R$ 50 mil aos&hellip; <\/p>\n","protected":false},"author":4,"featured_media":14296,"comment_status":"closed","ping_status":"closed","sticky":false,"template":"","format":"standard","meta":{"footnotes":""},"categories":[149,7],"tags":[],"class_list":["post-14295","post","type-post","status-publish","format-standard","has-post-thumbnail","hentry","category-covid-19","category-noticias"],"jetpack_featured_media_url":"https:\/\/sindesvdf.com.br\/news\/wp-content\/uploads\/2020\/07\/senado.png","_links":{"self":[{"href":"https:\/\/sindesvdf.com.br\/news\/wp-json\/wp\/v2\/posts\/14295","targetHints":{"allow":["GET"]}}],"collection":[{"href":"https:\/\/sindesvdf.com.br\/news\/wp-json\/wp\/v2\/posts"}],"about":[{"href":"https:\/\/sindesvdf.com.br\/news\/wp-json\/wp\/v2\/types\/post"}],"author":[{"embeddable":true,"href":"https:\/\/sindesvdf.com.br\/news\/wp-json\/wp\/v2\/users\/4"}],"replies":[{"embeddable":true,"href":"https:\/\/sindesvdf.com.br\/news\/wp-json\/wp\/v2\/comments?post=14295"}],"version-history":[{"count":2,"href":"https:\/\/sindesvdf.com.br\/news\/wp-json\/wp\/v2\/posts\/14295\/revisions"}],"predecessor-version":[{"id":14298,"href":"https:\/\/sindesvdf.com.br\/news\/wp-json\/wp\/v2\/posts\/14295\/revisions\/14298"}],"wp:featuredmedia":[{"embeddable":true,"href":"https:\/\/sindesvdf.com.br\/news\/wp-json\/wp\/v2\/media\/14296"}],"wp:attachment":[{"href":"https:\/\/sindesvdf.com.br\/news\/wp-json\/wp\/v2\/media?parent=14295"}],"wp:term":[{"taxonomy":"category","embeddable":true,"href":"https:\/\/sindesvdf.com.br\/news\/wp-json\/wp\/v2\/categories?post=14295"},{"taxonomy":"post_tag","embeddable":true,"href":"https:\/\/sindesvdf.com.br\/news\/wp-json\/wp\/v2\/tags?post=14295"}],"curies":[{"name":"wp","href":"https:\/\/api.w.org\/{rel}","templated":true}]}}