{"id":14317,"date":"2020-08-14T16:23:33","date_gmt":"2020-08-14T19:23:33","guid":{"rendered":"http:\/\/sindesvdf.com.br\/news\/?p=14317"},"modified":"2020-08-17T08:36:15","modified_gmt":"2020-08-17T11:36:15","slug":"sem-energia-vigilantes-e-demais-terceirizados-trabalham-na-escuridao-no-cci-de-sobradinho","status":"publish","type":"post","link":"https:\/\/sindesvdf.com.br\/news\/sem-energia-vigilantes-e-demais-terceirizados-trabalham-na-escuridao-no-cci-de-sobradinho\/","title":{"rendered":"SEM ENERGIA: Vigilantes e demais terceirizados trabalham na escurid\u00e3o no CCI de Sobradinho"},"content":{"rendered":"<figure id=\"attachment_14318\" aria-describedby=\"caption-attachment-14318\" style=\"width: 700px\" class=\"wp-caption aligncenter\"><img loading=\"lazy\" decoding=\"async\" class=\"wp-image-14318 size-full\" src=\"http:\/\/sindesvdf.com.br\/news\/wp-content\/uploads\/2020\/08\/CCI.png\" alt=\"\" width=\"700\" height=\"400\" srcset=\"https:\/\/sindesvdf.com.br\/news\/wp-content\/uploads\/2020\/08\/CCI.png 700w, https:\/\/sindesvdf.com.br\/news\/wp-content\/uploads\/2020\/08\/CCI-300x171.png 300w\" sizes=\"auto, (max-width: 700px) 100vw, 700px\" \/><figcaption id=\"caption-attachment-14318\" class=\"wp-caption-text\">Diretores do SINDESV-DF foram recebidos pelo chefe de gabinete, Jo\u00e3o Luiz, e pelo diretor de articula\u00e7\u00e3o, Cleiton Assun\u00e7\u00e3o.<\/figcaption><\/figure>\n<p>&nbsp;<\/p>\n<p><span style=\"font-size: 14pt;\">O Sindicato recebeu uma den\u00fancia e foi fazer uma fiscaliza\u00e7\u00e3o no CCI \u2013 Centro de Conviv\u00eancia do Idoso, localizado em Sobradinho e constatou que o local, apesar de fechado, conta com vigilantes diurno e noturno, al\u00e9m de outros terceirizados que tamb\u00e9m prestam servi\u00e7o no \u00f3rg\u00e3o. Acontece que h\u00e1 quatro meses, o im\u00f3vel est\u00e1 sem luz, que antes era a mesma energia do est\u00e1dio Augustinho Lima.<\/span><\/p>\n<p><span style=\"font-size: 14pt;\">S\u00f3 que o est\u00e1dio n\u00e3o \u00e9 mais ligado \u00e0 Administra\u00e7\u00e3o Regional de Sobradinho e sim \u00e0 Secretaria de Esportes do GDF. E enquanto n\u00e3o se decide quem ser\u00e1 respons\u00e1vel pela energia do CCI, os vigilantes trabalham no escuro, sem poder contar com geladeira, micro-ondas, entre outros eletr\u00f4nicos.<\/span><\/p>\n<p><span style=\"font-size: 14pt;\">Diante da constata\u00e7\u00e3o dos fatos, os diretores do Sindicato come\u00e7aram a agir para resolver o problema e foram at\u00e9 a Administra\u00e7\u00e3o Regional de Sobradinho para buscar uma solu\u00e7\u00e3o. Foram recebidos muito bem pelo chefe de gabinete da administra\u00e7\u00e3o, Jo\u00e3o Luiz, e pelo diretor de articula\u00e7\u00e3o, Cleiton Assun\u00e7\u00e3o, que desconheciam o problema e demonstraram preocupa\u00e7\u00e3o e j\u00e1 pediram \u00e0 CEB para ligar a energia e enquanto isso, pediram junto \u00e0 Secretaria de Esportes, atrav\u00e9s de of\u00edcio, uma autoriza\u00e7\u00e3o, para fazer uma extens\u00e3o e ligar o CCI ao Centro Ol\u00edmpico, o mais urgente poss\u00edvel.<\/span><\/p>\n<p><span style=\"font-size: 14pt;\">A administra\u00e7\u00e3o de Sobradinho enviou of\u00edcio ao Secret\u00e1rio Executivo de Futebol da Secretaria de Esportes, Paulo Vitor, solicitando autoriza\u00e7\u00e3o para ceder a energia do Centro Ol\u00edmpico para o Centro de Conviv\u00eancia do Idoso.<\/span><\/p>\n<p><span style=\"font-size: 14pt;\">A dire\u00e7\u00e3o do SINDESV-DF ligou para o senhor Paulo Vitor e ele nos informou que j\u00e1 autorizou a liga\u00e7\u00e3o da energia. Mais uma vez, o Sindicato age para defender os interesses dos vigilantes que estavam prestando servi\u00e7o em um \u00f3rg\u00e3o em p\u00e9ssimas condi\u00e7\u00f5es de trabalho e correndo riscos, j\u00e1 que o local ficava na mais completa escurid\u00e3o durante \u00e0 noite, facilitando \u00e0 a\u00e7\u00e3o da bandidagem.<\/span><\/p>\n<p class=\"wpf_wrapper\"><a class=\"print_link\" href=\"\" target=\"_blank\">Preparar para impress\u00e3o<\/a><\/p><!-- .wpf_wrapper -->","protected":false},"excerpt":{"rendered":"<p>&nbsp; O Sindicato recebeu uma den\u00fancia e foi fazer uma fiscaliza\u00e7\u00e3o no CCI \u2013 Centro de Conviv\u00eancia do Idoso, localizado&hellip; <\/p>\n","protected":false},"author":4,"featured_media":14318,"comment_status":"closed","ping_status":"closed","sticky":false,"template":"","format":"standard","meta":{"footnotes":""},"categories":[7,101],"tags":[],"class_list":["post-14317","post","type-post","status-publish","format-standard","has-post-thumbnail","hentry","category-noticias","category-olho-vivo"],"jetpack_featured_media_url":"https:\/\/sindesvdf.com.br\/news\/wp-content\/uploads\/2020\/08\/CCI.png","_links":{"self":[{"href":"https:\/\/sindesvdf.com.br\/news\/wp-json\/wp\/v2\/posts\/14317","targetHints":{"allow":["GET"]}}],"collection":[{"href":"https:\/\/sindesvdf.com.br\/news\/wp-json\/wp\/v2\/posts"}],"about":[{"href":"https:\/\/sindesvdf.com.br\/news\/wp-json\/wp\/v2\/types\/post"}],"author":[{"embeddable":true,"href":"https:\/\/sindesvdf.com.br\/news\/wp-json\/wp\/v2\/users\/4"}],"replies":[{"embeddable":true,"href":"https:\/\/sindesvdf.com.br\/news\/wp-json\/wp\/v2\/comments?post=14317"}],"version-history":[{"count":1,"href":"https:\/\/sindesvdf.com.br\/news\/wp-json\/wp\/v2\/posts\/14317\/revisions"}],"predecessor-version":[{"id":14319,"href":"https:\/\/sindesvdf.com.br\/news\/wp-json\/wp\/v2\/posts\/14317\/revisions\/14319"}],"wp:featuredmedia":[{"embeddable":true,"href":"https:\/\/sindesvdf.com.br\/news\/wp-json\/wp\/v2\/media\/14318"}],"wp:attachment":[{"href":"https:\/\/sindesvdf.com.br\/news\/wp-json\/wp\/v2\/media?parent=14317"}],"wp:term":[{"taxonomy":"category","embeddable":true,"href":"https:\/\/sindesvdf.com.br\/news\/wp-json\/wp\/v2\/categories?post=14317"},{"taxonomy":"post_tag","embeddable":true,"href":"https:\/\/sindesvdf.com.br\/news\/wp-json\/wp\/v2\/tags?post=14317"}],"curies":[{"name":"wp","href":"https:\/\/api.w.org\/{rel}","templated":true}]}}