{"id":14322,"date":"2020-08-17T08:35:42","date_gmt":"2020-08-17T11:35:42","guid":{"rendered":"http:\/\/sindesvdf.com.br\/news\/?p=14322"},"modified":"2020-08-17T08:35:54","modified_gmt":"2020-08-17T11:35:54","slug":"risco-a-vida-empresa-deve-indenizar-vigilante-armado-que-trabalhou-sem-colete-a-prova-de-bala","status":"publish","type":"post","link":"https:\/\/sindesvdf.com.br\/news\/risco-a-vida-empresa-deve-indenizar-vigilante-armado-que-trabalhou-sem-colete-a-prova-de-bala\/","title":{"rendered":"RISCO \u00c0 VIDA &#8211; Empresa deve indenizar vigilante armado que trabalhou sem colete \u00e0 prova de bala"},"content":{"rendered":"<figure id=\"attachment_14323\" aria-describedby=\"caption-attachment-14323\" style=\"width: 700px\" class=\"wp-caption aligncenter\"><img loading=\"lazy\" decoding=\"async\" class=\"wp-image-14323 size-full\" src=\"http:\/\/sindesvdf.com.br\/news\/wp-content\/uploads\/2020\/08\/RISCO.png\" alt=\"\" width=\"700\" height=\"400\" srcset=\"https:\/\/sindesvdf.com.br\/news\/wp-content\/uploads\/2020\/08\/RISCO.png 700w, https:\/\/sindesvdf.com.br\/news\/wp-content\/uploads\/2020\/08\/RISCO-300x171.png 300w\" sizes=\"auto, (max-width: 700px) 100vw, 700px\" \/><figcaption id=\"caption-attachment-14323\" class=\"wp-caption-text\">O colegiado concordou em condenar n\u00e3o s\u00f3 a empresa contratante, como a terceirizada, de forma subsidi\u00e1ria<\/figcaption><\/figure>\n<p><span style=\"font-size: 14pt;\">O n\u00e3o fornecimento pelo empregador de colete \u00e0 prova de bala para vigilante armado o exp\u00f5e a risco \u00e0 integridade f\u00edsica e \u00e0 vida, ensejando a indeniza\u00e7\u00e3o por dano moral. Com esse entendimento, a 6\u00aa Turma do Tribunal Regional do Trabalho da 2\u00aa Regi\u00e3o condenou uma empresa a indenizar, em R$ 62 mil, uma trabalhadora.<\/span><\/p>\n<p><span style=\"font-size: 14pt;\">TRT-2 entendeu que trabalhador tem direito \u00e0 colete prova de balas<\/span><\/p>\n<p><span style=\"font-size: 14pt;\">O desembargador Antero Arantes Martins, relator do caso, considerou que a empresa de seguran\u00e7a n\u00e3o forneceu o equipamento, embora a vigilante tivesse de trabalhar armada e exposta a riscos.<\/span><\/p>\n<p><span style=\"font-size: 14pt;\">A entrega de colete \u00e0 prova de balas, disse o magistrado, &#8220;\u00e9 determinada na norma coletiva para os postos armados, sendo prevista na Norma Regulamentadora n. 6, Anexo I, como EPI&#8221;. Ou seja, a trabalhadora tinha direito ao uso de colete.<\/span><\/p>\n<p><span style=\"font-size: 14pt;\">O colegiado concordou em condenar n\u00e3o s\u00f3 a empresa contratante, como a terceirizada, de forma subsidi\u00e1ria. &#8220;Houve ofensa \u00e0 integridade f\u00edsica da reclamante, com risco \u00e0 vida, em raz\u00e3o de se entender n\u00e3o ser necess\u00e1ria a utiliza\u00e7\u00e3o de EPI e por raz\u00f5es de est\u00e9tica (o que n\u00e3o foi negado pela segunda r\u00e9), bem de valor muito inferior ao da vida do empregado&#8221;, disse o relator.<\/span><\/p>\n<p><span style=\"font-size: 14pt;\">Ac\u00f3rd\u00e3o 1000951-68.2019.5.02.0021<\/span><\/p>\n<p style=\"text-align: right;\"><span style=\"font-size: 14pt;\"><em><strong>Fonte: Conjur<\/strong><\/em><\/span><\/p>\n<p>&nbsp;<\/p>\n<p class=\"wpf_wrapper\"><a class=\"print_link\" href=\"\" target=\"_blank\">Preparar para impress\u00e3o<\/a><\/p><!-- .wpf_wrapper -->","protected":false},"excerpt":{"rendered":"<p>O n\u00e3o fornecimento pelo empregador de colete \u00e0 prova de bala para vigilante armado o exp\u00f5e a risco \u00e0 integridade&hellip; <\/p>\n","protected":false},"author":4,"featured_media":14323,"comment_status":"closed","ping_status":"closed","sticky":false,"template":"","format":"standard","meta":{"footnotes":""},"categories":[7],"tags":[],"class_list":["post-14322","post","type-post","status-publish","format-standard","has-post-thumbnail","hentry","category-noticias"],"jetpack_featured_media_url":"https:\/\/sindesvdf.com.br\/news\/wp-content\/uploads\/2020\/08\/RISCO.png","_links":{"self":[{"href":"https:\/\/sindesvdf.com.br\/news\/wp-json\/wp\/v2\/posts\/14322","targetHints":{"allow":["GET"]}}],"collection":[{"href":"https:\/\/sindesvdf.com.br\/news\/wp-json\/wp\/v2\/posts"}],"about":[{"href":"https:\/\/sindesvdf.com.br\/news\/wp-json\/wp\/v2\/types\/post"}],"author":[{"embeddable":true,"href":"https:\/\/sindesvdf.com.br\/news\/wp-json\/wp\/v2\/users\/4"}],"replies":[{"embeddable":true,"href":"https:\/\/sindesvdf.com.br\/news\/wp-json\/wp\/v2\/comments?post=14322"}],"version-history":[{"count":2,"href":"https:\/\/sindesvdf.com.br\/news\/wp-json\/wp\/v2\/posts\/14322\/revisions"}],"predecessor-version":[{"id":14325,"href":"https:\/\/sindesvdf.com.br\/news\/wp-json\/wp\/v2\/posts\/14322\/revisions\/14325"}],"wp:featuredmedia":[{"embeddable":true,"href":"https:\/\/sindesvdf.com.br\/news\/wp-json\/wp\/v2\/media\/14323"}],"wp:attachment":[{"href":"https:\/\/sindesvdf.com.br\/news\/wp-json\/wp\/v2\/media?parent=14322"}],"wp:term":[{"taxonomy":"category","embeddable":true,"href":"https:\/\/sindesvdf.com.br\/news\/wp-json\/wp\/v2\/categories?post=14322"},{"taxonomy":"post_tag","embeddable":true,"href":"https:\/\/sindesvdf.com.br\/news\/wp-json\/wp\/v2\/tags?post=14322"}],"curies":[{"name":"wp","href":"https:\/\/api.w.org\/{rel}","templated":true}]}}