{"id":14375,"date":"2020-09-09T14:27:10","date_gmt":"2020-09-09T17:27:10","guid":{"rendered":"http:\/\/sindesvdf.com.br\/news\/?p=14375"},"modified":"2020-09-09T14:31:14","modified_gmt":"2020-09-09T17:31:14","slug":"atencao-vigilantes-da-aval-e-da-ipanema-que-prestam-servico-na-secretaria-de-saude-do-df","status":"publish","type":"post","link":"https:\/\/sindesvdf.com.br\/news\/atencao-vigilantes-da-aval-e-da-ipanema-que-prestam-servico-na-secretaria-de-saude-do-df\/","title":{"rendered":"Aten\u00e7\u00e3o vigilantes da Aval e da Ipanema que prestam servi\u00e7o na Secretaria de Sa\u00fade do DF"},"content":{"rendered":"<figure id=\"attachment_14376\" aria-describedby=\"caption-attachment-14376\" style=\"width: 700px\" class=\"wp-caption aligncenter\"><img loading=\"lazy\" decoding=\"async\" class=\"wp-image-14376 size-full\" src=\"http:\/\/sindesvdf.com.br\/news\/wp-content\/uploads\/2020\/09\/AVAL.png\" alt=\"\" width=\"700\" height=\"400\" srcset=\"https:\/\/sindesvdf.com.br\/news\/wp-content\/uploads\/2020\/09\/AVAL.png 700w, https:\/\/sindesvdf.com.br\/news\/wp-content\/uploads\/2020\/09\/AVAL-300x171.png 300w\" sizes=\"auto, (max-width: 700px) 100vw, 700px\" \/><figcaption id=\"caption-attachment-14376\" class=\"wp-caption-text\">Se o pagamento n\u00e3o sair at\u00e9 sexta, 11\/09, vamos paralisar as atividades a partir de segunda, 14\/09<\/figcaption><\/figure>\n<p><span style=\"font-size: 14pt;\">Inacredit\u00e1vel que em plena pandemia, com os vigilantes correndo riscos em dobro e ainda precisam se preocupar com a falta de pagamento de seus sal\u00e1rios. O Sindicato dos Vigilantes do DF vem alertando as empresas que n\u00e3o aceitar\u00e1 esta situa\u00e7\u00e3o, alertou tamb\u00e9m o GDF, informando ainda que a resposta ao atraso no pagamento dos sal\u00e1rios ser\u00e1 com paralisa\u00e7\u00e3o.<\/span><\/p>\n<p><span style=\"font-size: 14pt;\">No entanto, passado o quinto dia \u00fatil do m\u00eas, os vigilantes que prestam servi\u00e7o na Secretaria de Sa\u00fade do DF (hospitais, upas e postos de sa\u00fade) pelas empresas Ipanema e Aval, n\u00e3o receberam seus sal\u00e1rios, comprometendo a sobreviv\u00eancia de suas fam\u00edlias. Inaceit\u00e1vel. Um grande desrespeito.<\/span><\/p>\n<p><span style=\"font-size: 14pt;\">Fiquem atentos e mobilizados desde j\u00e1 e aguardem informativo com os locais de concentra\u00e7\u00e3o da paralisa\u00e7\u00e3o, caso o pagamento n\u00e3o saia at\u00e9 o dia 11\/09\/2020, sexta-feira.<\/span><\/p>\n<p>&nbsp;<\/p>\n<p><span style=\"font-size: 14pt;\">Veja os of\u00edcios encaminhados aos \u00f3rg\u00e3os do GDF: <a href=\"http:\/\/sindesvdf.com.br\/news\/wp-content\/uploads\/2020\/09\/Secretaria-de-Saude.pdf\">Secretaria de Sa\u00fade<\/a> ; <a href=\"http:\/\/sindesvdf.com.br\/news\/wp-content\/uploads\/2020\/09\/Secretaria-da-Fazenda.pdf\">Secretaria da Fazenda<\/a> e <a href=\"http:\/\/sindesvdf.com.br\/news\/wp-content\/uploads\/2020\/09\/Casa-Civil.pdf\">Casa Civil<\/a> cobrando provid\u00eancias e comunicando a paralisa\u00e7\u00e3o na segunda-feira, 14 de setembro, se o pagamento n\u00e3o sair at\u00e9 sexta-feira, 11 de setembro de 2020.<br \/>\n<\/span><\/p>\n<p class=\"wpf_wrapper\"><a class=\"print_link\" href=\"\" target=\"_blank\">Preparar para impress\u00e3o<\/a><\/p><!-- .wpf_wrapper -->","protected":false},"excerpt":{"rendered":"<p>Inacredit\u00e1vel que em plena pandemia, com os vigilantes correndo riscos em dobro e ainda precisam se preocupar com a falta&hellip; <\/p>\n","protected":false},"author":4,"featured_media":14376,"comment_status":"closed","ping_status":"closed","sticky":false,"template":"","format":"standard","meta":{"footnotes":""},"categories":[7,101],"tags":[],"class_list":["post-14375","post","type-post","status-publish","format-standard","has-post-thumbnail","hentry","category-noticias","category-olho-vivo"],"jetpack_featured_media_url":"https:\/\/sindesvdf.com.br\/news\/wp-content\/uploads\/2020\/09\/AVAL.png","_links":{"self":[{"href":"https:\/\/sindesvdf.com.br\/news\/wp-json\/wp\/v2\/posts\/14375","targetHints":{"allow":["GET"]}}],"collection":[{"href":"https:\/\/sindesvdf.com.br\/news\/wp-json\/wp\/v2\/posts"}],"about":[{"href":"https:\/\/sindesvdf.com.br\/news\/wp-json\/wp\/v2\/types\/post"}],"author":[{"embeddable":true,"href":"https:\/\/sindesvdf.com.br\/news\/wp-json\/wp\/v2\/users\/4"}],"replies":[{"embeddable":true,"href":"https:\/\/sindesvdf.com.br\/news\/wp-json\/wp\/v2\/comments?post=14375"}],"version-history":[{"count":3,"href":"https:\/\/sindesvdf.com.br\/news\/wp-json\/wp\/v2\/posts\/14375\/revisions"}],"predecessor-version":[{"id":14382,"href":"https:\/\/sindesvdf.com.br\/news\/wp-json\/wp\/v2\/posts\/14375\/revisions\/14382"}],"wp:featuredmedia":[{"embeddable":true,"href":"https:\/\/sindesvdf.com.br\/news\/wp-json\/wp\/v2\/media\/14376"}],"wp:attachment":[{"href":"https:\/\/sindesvdf.com.br\/news\/wp-json\/wp\/v2\/media?parent=14375"}],"wp:term":[{"taxonomy":"category","embeddable":true,"href":"https:\/\/sindesvdf.com.br\/news\/wp-json\/wp\/v2\/categories?post=14375"},{"taxonomy":"post_tag","embeddable":true,"href":"https:\/\/sindesvdf.com.br\/news\/wp-json\/wp\/v2\/tags?post=14375"}],"curies":[{"name":"wp","href":"https:\/\/api.w.org\/{rel}","templated":true}]}}