{"id":14434,"date":"2020-09-21T14:50:28","date_gmt":"2020-09-21T17:50:28","guid":{"rendered":"http:\/\/sindesvdf.com.br\/news\/?p=14434"},"modified":"2020-09-21T14:50:28","modified_gmt":"2020-09-21T17:50:28","slug":"heroi-vigilante-age-rapido-e-salva-vida-de-copeira-engasgada","status":"publish","type":"post","link":"https:\/\/sindesvdf.com.br\/news\/heroi-vigilante-age-rapido-e-salva-vida-de-copeira-engasgada\/","title":{"rendered":"Her\u00f3i: Vigilante age r\u00e1pido e salva vida de copeira engasgada"},"content":{"rendered":"<p><img loading=\"lazy\" decoding=\"async\" class=\"aligncenter size-full wp-image-14435\" src=\"http:\/\/sindesvdf.com.br\/news\/wp-content\/uploads\/2020\/09\/eduardo.jpg\" alt=\"\" width=\"700\" height=\"400\" srcset=\"https:\/\/sindesvdf.com.br\/news\/wp-content\/uploads\/2020\/09\/eduardo.jpg 700w, https:\/\/sindesvdf.com.br\/news\/wp-content\/uploads\/2020\/09\/eduardo-300x171.jpg 300w\" sizes=\"auto, (max-width: 700px) 100vw, 700px\" \/><\/p>\n<p><span style=\"font-size: 14pt;\">O vigilante Eduardo Am\u00e2ncio Souza, da \u00c1gil Empresa de Vigil\u00e2ncia Ltda , que presta servi\u00e7o na Funai Sede, per\u00edodo diurno, estava fazendo a sua ronda no 11\u00ba andar do edif\u00edcio quando se deparou com uma copeira que estava engasgada e j\u00e1 n\u00e3o conseguia respirar, podendo sofrer uma parada card\u00edaca a qualquer momento.<\/span><\/p>\n<p><span style=\"font-size: 14pt;\">Eduardo, com calma, agilidade e os conhecimentos de primeiros socorros, atuou rapidamente e a copeira conseguiu expelir o alimento que a levou a se engasgar. Ela ficou muito agradecida ao vigilante e afirmou que ele salvou a sua vida.<\/span><\/p>\n<p><span style=\"font-size: 14pt;\">O supervisor de vigil\u00e2ncia, Luciano Jos\u00e9 do Nascimento, fez quest\u00e3o de relatar o ocorrido e enaltecer o socorro que o vigilante prestou \u00e0 trabalhadora, afirmando que realmente a vida da copeira estava em risco e gra\u00e7as ao Eduardo, uma situa\u00e7\u00e3o de emerg\u00eancia foi resolvida com presteza, compromisso e dever da miss\u00e3o cumprida.<\/span><\/p>\n<p><span style=\"font-size: 14pt;\">Eduardo \u00e9 natural de Bras\u00edlia, DF, tem 29 anos, e nasceu em 25\/09\/1990.<\/span><\/p>\n<p><span style=\"font-size: 14pt;\">O Sindicato dos Vigilantes do DF parabeniza o companheiro Eduardo Am\u00e2ncio Souza por exercer a atividade com muito profissionalismo, colocando em pr\u00e1tica os ensinamentos aprendidos com intelig\u00eancia, agilidade, calma e amor ao pr\u00f3ximo.<\/span><\/p>\n<p class=\"wpf_wrapper\"><a class=\"print_link\" href=\"\" target=\"_blank\">Preparar para impress\u00e3o<\/a><\/p><!-- .wpf_wrapper -->","protected":false},"excerpt":{"rendered":"<p>O vigilante Eduardo Am\u00e2ncio Souza, da \u00c1gil Empresa de Vigil\u00e2ncia Ltda , que presta servi\u00e7o na Funai Sede, per\u00edodo diurno,&hellip; <\/p>\n","protected":false},"author":4,"featured_media":14435,"comment_status":"closed","ping_status":"closed","sticky":false,"template":"","format":"standard","meta":{"footnotes":""},"categories":[7,101],"tags":[],"class_list":["post-14434","post","type-post","status-publish","format-standard","has-post-thumbnail","hentry","category-noticias","category-olho-vivo"],"jetpack_featured_media_url":"https:\/\/sindesvdf.com.br\/news\/wp-content\/uploads\/2020\/09\/eduardo.jpg","_links":{"self":[{"href":"https:\/\/sindesvdf.com.br\/news\/wp-json\/wp\/v2\/posts\/14434","targetHints":{"allow":["GET"]}}],"collection":[{"href":"https:\/\/sindesvdf.com.br\/news\/wp-json\/wp\/v2\/posts"}],"about":[{"href":"https:\/\/sindesvdf.com.br\/news\/wp-json\/wp\/v2\/types\/post"}],"author":[{"embeddable":true,"href":"https:\/\/sindesvdf.com.br\/news\/wp-json\/wp\/v2\/users\/4"}],"replies":[{"embeddable":true,"href":"https:\/\/sindesvdf.com.br\/news\/wp-json\/wp\/v2\/comments?post=14434"}],"version-history":[{"count":1,"href":"https:\/\/sindesvdf.com.br\/news\/wp-json\/wp\/v2\/posts\/14434\/revisions"}],"predecessor-version":[{"id":14436,"href":"https:\/\/sindesvdf.com.br\/news\/wp-json\/wp\/v2\/posts\/14434\/revisions\/14436"}],"wp:featuredmedia":[{"embeddable":true,"href":"https:\/\/sindesvdf.com.br\/news\/wp-json\/wp\/v2\/media\/14435"}],"wp:attachment":[{"href":"https:\/\/sindesvdf.com.br\/news\/wp-json\/wp\/v2\/media?parent=14434"}],"wp:term":[{"taxonomy":"category","embeddable":true,"href":"https:\/\/sindesvdf.com.br\/news\/wp-json\/wp\/v2\/categories?post=14434"},{"taxonomy":"post_tag","embeddable":true,"href":"https:\/\/sindesvdf.com.br\/news\/wp-json\/wp\/v2\/tags?post=14434"}],"curies":[{"name":"wp","href":"https:\/\/api.w.org\/{rel}","templated":true}]}}