{"id":14441,"date":"2020-09-22T14:01:03","date_gmt":"2020-09-22T17:01:03","guid":{"rendered":"http:\/\/sindesvdf.com.br\/news\/?p=14441"},"modified":"2020-09-22T14:01:03","modified_gmt":"2020-09-22T17:01:03","slug":"vigilante-denuncia-racismo-falou-que-eu-era-preta-igual-a-minha-bota","status":"publish","type":"post","link":"https:\/\/sindesvdf.com.br\/news\/vigilante-denuncia-racismo-falou-que-eu-era-preta-igual-a-minha-bota\/","title":{"rendered":"Vigilante denuncia racismo: \u201cFalou que eu era preta igual \u00e0 minha bota\u201d"},"content":{"rendered":"<figure id=\"attachment_14442\" aria-describedby=\"caption-attachment-14442\" style=\"width: 700px\" class=\"wp-caption aligncenter\"><img loading=\"lazy\" decoding=\"async\" class=\"wp-image-14442 size-full\" src=\"http:\/\/sindesvdf.com.br\/news\/wp-content\/uploads\/2020\/09\/racismo.jpg\" alt=\"\" width=\"700\" height=\"400\" srcset=\"https:\/\/sindesvdf.com.br\/news\/wp-content\/uploads\/2020\/09\/racismo.jpg 700w, https:\/\/sindesvdf.com.br\/news\/wp-content\/uploads\/2020\/09\/racismo-300x171.jpg 300w\" sizes=\"auto, (max-width: 700px) 100vw, 700px\" \/><figcaption id=\"caption-attachment-14442\" class=\"wp-caption-text\">Ofensas teriam ocorrido ap\u00f3s cliente ser barrado em porta eletr\u00f4nica de banco, em Rio Verde (GO). Caso foi registrado na Pol\u00edcia Civil<\/figcaption><\/figure>\n<p><span style=\"font-size: 14pt;\">A vigilante Vanice Pinheiro disse ter sido <a href=\"https:\/\/www.metropoles.com\/distrito-federal\/mulher-diz-ter-sido-vitima-de-racismo-em-loja-de-shopping-no-df\" target=\"_blank\" rel=\"noopener noreferrer\">v\u00edtima de racismo por um cliente<\/a> na ag\u00eancia banc\u00e1ria em que trabalha, em Rio Verde, Goi\u00e1s, na sexta-feira (18\/9). As ofensas teriam ocorrido ap\u00f3s a porta girat\u00f3ria impedir o acesso do rapaz. O caso foi registrado na Pol\u00edcia Civil. As informa\u00e7\u00f5es s\u00e3o do <a href=\"https:\/\/g1.globo.com\/go\/goias\/noticia\/2020\/09\/22\/vigilante-denuncia-que-foi-vitima-de-racismo-por-cliente-em-banco-de-rio-verde-disse-que-era-preta-igual-minha-bota.ghtml\" target=\"_blank\" rel=\"noopener noreferrer\">G1<\/a>.<\/span><\/p>\n<p><span style=\"font-size: 14pt;\">O homem teria se recusado a tirar os pertences do bolso. Assim, a porta girat\u00f3ria, que \u00e9 autom\u00e1tica, travou e impossibilitou a entrada.<\/span><\/p>\n<p><span style=\"font-size: 14pt;\">Ele ent\u00e3o teria atacado a vigilante verbalmente. \u201cEle estava alterado, mas eu estava fazendo o meu servi\u00e7o. Se olhasse bem, estava falando l\u00e1 que a porta trava sozinha. Eu nunca ia bater a porta na cara de ningu\u00e9m. O pessoal todo ficou observando aqueles palavr\u00f5es que ele falava\u201d, explicou Vanice.<\/span><\/p>\n<p><span style=\"font-size: 14pt;\">A vigilante afirma que foi ofendida por ser negra e, tamb\u00e9m, por ser mulher. \u201c<em>Ele falou [que eu era] encardida, uniforme sujo, bota suja, que minha cor era preta igual \u00e0 minha bota<\/em>\u201d, contou.<\/span><\/p>\n<p><span style=\"font-size: 14pt;\">A pol\u00edcia ainda n\u00e3o conseguiu identificar o suspeito, mas informou que vai solicitar as imagens da ag\u00eancia para facilitar na identifica\u00e7\u00e3o.<\/span><\/p>\n<p><span style=\"font-size: 14pt;\">O caso foi registrado na Pol\u00edcia Civil como inj\u00faria por preconceito. Caso seja condenado, o autor pode pegar de um a tr\u00eas anos de pris\u00e3o.<\/span><\/p>\n<p><span style=\"font-size: 14pt;\">O Ita\u00fa Unibanco informou que repudia qualquer tipo de ofensa, inj\u00faria ou descrimina\u00e7\u00e3o e que est\u00e1 prestando o apoio necess\u00e1rio \u00e0 investiga\u00e7\u00e3o junto \u00e0 empresa de seguran\u00e7a e \u00e0s autoridades.<\/span><\/p>\n<p>&nbsp;<\/p>\n<p style=\"text-align: right;\"><strong><em>Fonte: Metr\u00f3poles<\/em><\/strong><\/p>\n<p>&nbsp;<\/p>\n<p class=\"wpf_wrapper\"><a class=\"print_link\" href=\"\" target=\"_blank\">Preparar para impress\u00e3o<\/a><\/p><!-- .wpf_wrapper -->","protected":false},"excerpt":{"rendered":"<p>A vigilante Vanice Pinheiro disse ter sido v\u00edtima de racismo por um cliente na ag\u00eancia banc\u00e1ria em que trabalha, em&hellip; <\/p>\n","protected":false},"author":4,"featured_media":14442,"comment_status":"closed","ping_status":"closed","sticky":false,"template":"","format":"standard","meta":{"footnotes":""},"categories":[7],"tags":[],"class_list":["post-14441","post","type-post","status-publish","format-standard","has-post-thumbnail","hentry","category-noticias"],"jetpack_featured_media_url":"https:\/\/sindesvdf.com.br\/news\/wp-content\/uploads\/2020\/09\/racismo.jpg","_links":{"self":[{"href":"https:\/\/sindesvdf.com.br\/news\/wp-json\/wp\/v2\/posts\/14441","targetHints":{"allow":["GET"]}}],"collection":[{"href":"https:\/\/sindesvdf.com.br\/news\/wp-json\/wp\/v2\/posts"}],"about":[{"href":"https:\/\/sindesvdf.com.br\/news\/wp-json\/wp\/v2\/types\/post"}],"author":[{"embeddable":true,"href":"https:\/\/sindesvdf.com.br\/news\/wp-json\/wp\/v2\/users\/4"}],"replies":[{"embeddable":true,"href":"https:\/\/sindesvdf.com.br\/news\/wp-json\/wp\/v2\/comments?post=14441"}],"version-history":[{"count":2,"href":"https:\/\/sindesvdf.com.br\/news\/wp-json\/wp\/v2\/posts\/14441\/revisions"}],"predecessor-version":[{"id":14444,"href":"https:\/\/sindesvdf.com.br\/news\/wp-json\/wp\/v2\/posts\/14441\/revisions\/14444"}],"wp:featuredmedia":[{"embeddable":true,"href":"https:\/\/sindesvdf.com.br\/news\/wp-json\/wp\/v2\/media\/14442"}],"wp:attachment":[{"href":"https:\/\/sindesvdf.com.br\/news\/wp-json\/wp\/v2\/media?parent=14441"}],"wp:term":[{"taxonomy":"category","embeddable":true,"href":"https:\/\/sindesvdf.com.br\/news\/wp-json\/wp\/v2\/categories?post=14441"},{"taxonomy":"post_tag","embeddable":true,"href":"https:\/\/sindesvdf.com.br\/news\/wp-json\/wp\/v2\/tags?post=14441"}],"curies":[{"name":"wp","href":"https:\/\/api.w.org\/{rel}","templated":true}]}}