{"id":14446,"date":"2020-09-24T12:34:05","date_gmt":"2020-09-24T15:34:05","guid":{"rendered":"http:\/\/sindesvdf.com.br\/news\/?p=14446"},"modified":"2020-09-29T16:22:18","modified_gmt":"2020-09-29T19:22:18","slug":"stj-iniciou-o-julgamento-do-recurso-especial-referente-a-aposentadoria-especial-dos-vigilantes","status":"publish","type":"post","link":"https:\/\/sindesvdf.com.br\/news\/stj-iniciou-o-julgamento-do-recurso-especial-referente-a-aposentadoria-especial-dos-vigilantes\/","title":{"rendered":"STJ iniciou o julgamento do recurso especial referente \u00e0 aposentadoria especial dos vigilantes"},"content":{"rendered":"<p><img loading=\"lazy\" decoding=\"async\" class=\"aligncenter size-full wp-image-14447\" src=\"http:\/\/sindesvdf.com.br\/news\/wp-content\/uploads\/2020\/09\/stj-2.jpg\" alt=\"\" width=\"700\" height=\"400\" srcset=\"https:\/\/sindesvdf.com.br\/news\/wp-content\/uploads\/2020\/09\/stj-2.jpg 700w, https:\/\/sindesvdf.com.br\/news\/wp-content\/uploads\/2020\/09\/stj-2-300x171.jpg 300w\" sizes=\"auto, (max-width: 700px) 100vw, 700px\" \/><\/p>\n<p><span style=\"font-size: 14pt;\">No dia 23\/9\/2020, em sess\u00e3o virtual, teve in\u00edcio o julgamento referente \u00e0 aposentadoria especial dos vigilantes pela primeira se\u00e7\u00e3o do Superior Tribunal de Justi\u00e7a, que \u00e9 composto por dez ministros.<\/span><\/p>\n<p><span style=\"font-size: 14pt;\">O relator do processo, ministro Napole\u00e3o Maia, proferiu seu voto favor\u00e1vel ao direito do vigilante armado e desarmado de se aposentar trabalhando por 25 anos.\u00a0 Seguiram os votos do relator; os ministros Og Fernandes, Herman Benjamin e Mauro Campbell.<\/span><\/p>\n<p><span style=\"font-size: 14pt;\">A se\u00e7\u00e3o acabou suspensa devido ao pedido de vista pela ministra Assusete Magalh\u00e3es, e assim, pelo regimento interno do STJ ter\u00e1 at\u00e9 sessenta dias prorrog\u00e1veis por mais 30 dias para entregar o processo ao presidente da se\u00e7\u00e3o, o ministro Benedito Gon\u00e7alves para retornar a vota\u00e7\u00e3o.<\/span><\/p>\n<p><span style=\"font-size: 14pt;\">Informaremos a nossa categoria, quando o recurso repetitivo da aposentadoria especial retornar \u00e0 pauta de julgamento. Importante ressaltar que na sess\u00e3o do dia 23\/9\/2020 foi dado um grande passo para a concretiza\u00e7\u00e3o da nossa aposentadoria especial, lembrando que j\u00e1 temos quatro votos favor\u00e1veis e ainda falta um voto favor\u00e1vel para termos a maioria dos votos dos Ministros, e assim, garantir o direito a aposentadoria especial do vigilante .<\/span><\/p>\n<p><span style=\"font-size: 14pt;\">Continuaremos atentos e acompanhando esta quest\u00e3o que \u00e9 t\u00e3o aguardada pelos vigilantes.<\/span><\/p>\n<p class=\"wpf_wrapper\"><a class=\"print_link\" href=\"\" target=\"_blank\">Preparar para impress\u00e3o<\/a><\/p><!-- .wpf_wrapper -->","protected":false},"excerpt":{"rendered":"<p>No dia 23\/9\/2020, em sess\u00e3o virtual, teve in\u00edcio o julgamento referente \u00e0 aposentadoria especial dos vigilantes pela primeira se\u00e7\u00e3o do&hellip; <\/p>\n","protected":false},"author":4,"featured_media":14447,"comment_status":"closed","ping_status":"closed","sticky":false,"template":"","format":"standard","meta":{"footnotes":""},"categories":[7],"tags":[],"class_list":["post-14446","post","type-post","status-publish","format-standard","has-post-thumbnail","hentry","category-noticias"],"jetpack_featured_media_url":"https:\/\/sindesvdf.com.br\/news\/wp-content\/uploads\/2020\/09\/stj-2.jpg","_links":{"self":[{"href":"https:\/\/sindesvdf.com.br\/news\/wp-json\/wp\/v2\/posts\/14446","targetHints":{"allow":["GET"]}}],"collection":[{"href":"https:\/\/sindesvdf.com.br\/news\/wp-json\/wp\/v2\/posts"}],"about":[{"href":"https:\/\/sindesvdf.com.br\/news\/wp-json\/wp\/v2\/types\/post"}],"author":[{"embeddable":true,"href":"https:\/\/sindesvdf.com.br\/news\/wp-json\/wp\/v2\/users\/4"}],"replies":[{"embeddable":true,"href":"https:\/\/sindesvdf.com.br\/news\/wp-json\/wp\/v2\/comments?post=14446"}],"version-history":[{"count":4,"href":"https:\/\/sindesvdf.com.br\/news\/wp-json\/wp\/v2\/posts\/14446\/revisions"}],"predecessor-version":[{"id":14459,"href":"https:\/\/sindesvdf.com.br\/news\/wp-json\/wp\/v2\/posts\/14446\/revisions\/14459"}],"wp:featuredmedia":[{"embeddable":true,"href":"https:\/\/sindesvdf.com.br\/news\/wp-json\/wp\/v2\/media\/14447"}],"wp:attachment":[{"href":"https:\/\/sindesvdf.com.br\/news\/wp-json\/wp\/v2\/media?parent=14446"}],"wp:term":[{"taxonomy":"category","embeddable":true,"href":"https:\/\/sindesvdf.com.br\/news\/wp-json\/wp\/v2\/categories?post=14446"},{"taxonomy":"post_tag","embeddable":true,"href":"https:\/\/sindesvdf.com.br\/news\/wp-json\/wp\/v2\/tags?post=14446"}],"curies":[{"name":"wp","href":"https:\/\/api.w.org\/{rel}","templated":true}]}}