{"id":14450,"date":"2020-09-25T12:33:04","date_gmt":"2020-09-25T15:33:04","guid":{"rendered":"http:\/\/sindesvdf.com.br\/news\/?p=14450"},"modified":"2020-09-25T12:33:04","modified_gmt":"2020-09-25T15:33:04","slug":"saiba-como-verificar-se-o-fgts-atrasado-esta-sendo-depositado-pela-empresa","status":"publish","type":"post","link":"https:\/\/sindesvdf.com.br\/news\/saiba-como-verificar-se-o-fgts-atrasado-esta-sendo-depositado-pela-empresa\/","title":{"rendered":"Saiba como verificar se o FGTS atrasado est\u00e1 sendo depositado pela empresa."},"content":{"rendered":"<p><img loading=\"lazy\" decoding=\"async\" class=\"aligncenter size-full wp-image-14451\" src=\"http:\/\/sindesvdf.com.br\/news\/wp-content\/uploads\/2020\/09\/fgts.jpg\" alt=\"\" width=\"700\" height=\"400\" srcset=\"https:\/\/sindesvdf.com.br\/news\/wp-content\/uploads\/2020\/09\/fgts.jpg 700w, https:\/\/sindesvdf.com.br\/news\/wp-content\/uploads\/2020\/09\/fgts-300x171.jpg 300w\" sizes=\"auto, (max-width: 700px) 100vw, 700px\" \/><\/p>\n<div class=\"DocumentPage-card\">\n<div class=\"DocumentPage-content-wrap\">\n<article class=\"DocumentPage-content fos-bottomref document-content\"><span style=\"font-size: 14pt;\">No come\u00e7o do ano, o\u00a0<a href=\"https:\/\/economia.uol.com.br\/noticias\/redacao\/2020\/03\/23\/mp-governo-bolsonaro-contrato-de-trabalho-coronavirus.htm\" target=\"_blank\" rel=\"nofollow noopener noreferrer\">governo federal editou uma medida provis\u00f3ria<\/a>\u00a0permitindo que empresas recolhessem o\u00a0<a href=\"https:\/\/economia.uol.com.br\/guia-de-economia\/fgts-como-funciona-como-posso-sacar-o-dinheiro-quais-as-regras.htm\" target=\"_blank\" rel=\"nofollow noopener noreferrer\">FGTS (Fundo de Garantia do Tempo de Servi\u00e7o)<\/a>\u00a0de mar\u00e7o, abril e maio depois, como forma de enfrentar os impactos do novo\u00a0<a href=\"https:\/\/www.uol.com.br\/vivabem\/noticias\/redacao\/2020\/01\/25\/tire-suas-principais-duvidas-sobre-o-coronavirus-que-se-espalha-pelo-mundo.htm\" target=\"_blank\" rel=\"nofollow noopener noreferrer\">coronav\u00edrus<\/a>. Como o trabalhador consegue verificar se os valores devidos est\u00e3o sendo depositados?<\/span><\/p>\n<p><span style=\"font-size: 14pt;\">\u00c9 poss\u00edvel acompanhar os dep\u00f3sitos pelo aplicativo FGTS, dispon\u00edvel para\u00a0<a href=\"https:\/\/apps.apple.com\/br\/app\/fgts\/id1038441027\" target=\"_blank\" rel=\"nofollow noopener noreferrer\">iOS<\/a>\u00a0e\u00a0<a href=\"https:\/\/play.google.com\/store\/apps\/details?id=br.gov.caixa.fgts.trabalhador\" target=\"_blank\" rel=\"nofollow noopener noreferrer\">Android<\/a>, ou\u00a0<a href=\"http:\/\/www.caixa.gov.br\/extrato-fgts\" target=\"_blank\" rel=\"nofollow noopener noreferrer\">pelo site da Caixa<\/a>, por exemplo.<\/span><\/p>\n<p><span style=\"font-size: 14pt;\"><i>Quando se tratar do FGTS suspenso, aparecer\u00e1 a mensagem \u201cdep\u00f3sito em atraso\u201d e o m\u00eas correspondente. Veja o exemplo:<\/i><\/span><\/p>\n<h3><span style=\"font-size: 14pt;\">Como funciona o pagamento do FGTS atrasado?<\/span><\/h3>\n<p><span style=\"font-size: 14pt;\">A medida provis\u00f3ria permitia que empresas parcelassem os valores em at\u00e9 seis vezes, de julho a dezembro. Nesse caso, a empresa paga a parcela, e a Caixa faz a distribui\u00e7\u00e3o dos dep\u00f3sitos. Os trabalhadores de uma mesma empresa podem receber o FGTS em datas diferentes e \u00e9 poss\u00edvel receber uma parte do FGTS em uma data e o restante, em outra.<\/span><\/p>\n<p><span style=\"font-size: 14pt;\">Com o valor da primeira parcela, por exemplo, a Caixa come\u00e7a a fazer os dep\u00f3sitos da compet\u00eancia de mar\u00e7o dos trabalhadores mais antigos para os mais novos. Com a segunda parcela, o banco deposita a compet\u00eancia de mar\u00e7o aos demais. Se sobrar dinheiro, come\u00e7a a pagar a compet\u00eancia de abril, ou espera a terceira parcela, e assim por diante, at\u00e9 dezembro.<\/span><\/p>\n<p><span style=\"font-size: 14pt;\">A Caixa diz que os trabalhadores que recebem depois n\u00e3o ser\u00e3o prejudicados. \u201cO trabalhador que receber os recursos em sua conta na parcela seguinte n\u00e3o ter\u00e1 qualquer preju\u00edzo em rela\u00e7\u00e3o ao trabalhador que recebeu primeiro, pois os valores de atualiza\u00e7\u00e3o e remunera\u00e7\u00e3o da conta ser\u00e3o depositados e cobrem todo o per\u00edodo decorrido.\u201d<\/span><\/p>\n<h3><span style=\"font-size: 14pt;\">Todos os valores devem ser depositados at\u00e9 dezembro<\/span><\/h3>\n<p><span style=\"font-size: 14pt;\">Os trabalhadores devem receber todas as parcelas atrasadas at\u00e9 dezembro. Segundo a Caixa, \u201co vencimento da \u00faltima parcela ocorrer\u00e1 em 07\/12\/20, devendo ser quitado at\u00e9 esta data todo o valor de dep\u00f3sito devido ao trabalhador, sob pena do recolhimento de encargos e multa por atraso pelo empregador.\u201d<\/span><\/p>\n<p><span style=\"font-size: 14pt;\">O dep\u00f3sito do FGTS feito pelas empresas equivale a 8% do sal\u00e1rio. N\u00e3o h\u00e1 desconto para o trabalhador.<\/span><\/p>\n<h3><span style=\"font-size: 14pt;\">Medida provis\u00f3ria perdeu a validade<\/span><\/h3>\n<p><span style=\"font-size: 14pt;\">A MP\u00a0<a class=\"cite\" title=\"Medida Provis\u00f3ria no 927, de 1\u00ba de Mar\u00e7o de 1995.\" href=\"https:\/\/www.jusbrasil.com.br\/legislacao\/107417\/medida-provisoria-927-95\" rel=\"11543205,263626726\">927<\/a>, que permitia o parcelamento do FGTS, perdeu a validade, ap\u00f3s os<a href=\"https:\/\/economia.uol.com.br\/noticias\/redacao\/2020\/07\/15\/senado-nao-vota-mp-de-regras-trabalhistas-e-texto-pode-perder-validade.htm\" target=\"_blank\" rel=\"nofollow noopener noreferrer\">\u00a0senadores n\u00e3o chegarem a um acordo<\/a>. Especialistas afirmam, por\u00e9m, que\u00a0<a href=\"https:\/\/economia.uol.com.br\/noticias\/redacao\/2020\/07\/18\/medida-provisoria-mp-927-trabalhista-coronavirus-prazo-vigencia.htm\" target=\"_blank\" rel=\"nofollow noopener noreferrer\">nada muda para as empresas<\/a>\u00a0que optaram pelo parcelamento do FGTS e para os trabalhadores.<\/span><\/p>\n<p style=\"text-align: right;\"><em><span style=\"font-size: 12pt;\"><strong>Fonte: UOL, Via: JusBrasil<br \/>\n<\/strong><\/span><\/em><\/p>\n<\/article>\n<\/div>\n<\/div>\n<div class=\"DocumentPage-footer-wrapper\">\n<div class=\"DocumentFooter\">\n<div class=\"DocumentFooter-content\">\n<div class=\"ProfileInfo-wrapper\">\n<div class=\"ProfileInfo\"><\/div>\n<\/div>\n<\/div>\n<\/div>\n<\/div>\n<p class=\"wpf_wrapper\"><a class=\"print_link\" href=\"\" target=\"_blank\">Preparar para impress\u00e3o<\/a><\/p><!-- .wpf_wrapper -->","protected":false},"excerpt":{"rendered":"<p>No come\u00e7o do ano, o\u00a0governo federal editou uma medida provis\u00f3ria\u00a0permitindo que empresas recolhessem o\u00a0FGTS (Fundo de Garantia do Tempo de&hellip; <\/p>\n","protected":false},"author":4,"featured_media":14451,"comment_status":"closed","ping_status":"closed","sticky":false,"template":"","format":"standard","meta":{"footnotes":""},"categories":[7],"tags":[],"class_list":["post-14450","post","type-post","status-publish","format-standard","has-post-thumbnail","hentry","category-noticias"],"jetpack_featured_media_url":"https:\/\/sindesvdf.com.br\/news\/wp-content\/uploads\/2020\/09\/fgts.jpg","_links":{"self":[{"href":"https:\/\/sindesvdf.com.br\/news\/wp-json\/wp\/v2\/posts\/14450","targetHints":{"allow":["GET"]}}],"collection":[{"href":"https:\/\/sindesvdf.com.br\/news\/wp-json\/wp\/v2\/posts"}],"about":[{"href":"https:\/\/sindesvdf.com.br\/news\/wp-json\/wp\/v2\/types\/post"}],"author":[{"embeddable":true,"href":"https:\/\/sindesvdf.com.br\/news\/wp-json\/wp\/v2\/users\/4"}],"replies":[{"embeddable":true,"href":"https:\/\/sindesvdf.com.br\/news\/wp-json\/wp\/v2\/comments?post=14450"}],"version-history":[{"count":2,"href":"https:\/\/sindesvdf.com.br\/news\/wp-json\/wp\/v2\/posts\/14450\/revisions"}],"predecessor-version":[{"id":14453,"href":"https:\/\/sindesvdf.com.br\/news\/wp-json\/wp\/v2\/posts\/14450\/revisions\/14453"}],"wp:featuredmedia":[{"embeddable":true,"href":"https:\/\/sindesvdf.com.br\/news\/wp-json\/wp\/v2\/media\/14451"}],"wp:attachment":[{"href":"https:\/\/sindesvdf.com.br\/news\/wp-json\/wp\/v2\/media?parent=14450"}],"wp:term":[{"taxonomy":"category","embeddable":true,"href":"https:\/\/sindesvdf.com.br\/news\/wp-json\/wp\/v2\/categories?post=14450"},{"taxonomy":"post_tag","embeddable":true,"href":"https:\/\/sindesvdf.com.br\/news\/wp-json\/wp\/v2\/tags?post=14450"}],"curies":[{"name":"wp","href":"https:\/\/api.w.org\/{rel}","templated":true}]}}