{"id":14455,"date":"2020-09-28T13:39:42","date_gmt":"2020-09-28T16:39:42","guid":{"rendered":"http:\/\/sindesvdf.com.br\/news\/?p=14455"},"modified":"2020-09-28T13:39:42","modified_gmt":"2020-09-28T16:39:42","slug":"empresa-demite-111-terceirizados-do-grupo-de-risco-no-df-caso-esta-no-mpt","status":"publish","type":"post","link":"https:\/\/sindesvdf.com.br\/news\/empresa-demite-111-terceirizados-do-grupo-de-risco-no-df-caso-esta-no-mpt\/","title":{"rendered":"Empresa demite 111 terceirizados do grupo de risco no DF. Caso est\u00e1 no MPT"},"content":{"rendered":"<figure id=\"attachment_14456\" aria-describedby=\"caption-attachment-14456\" style=\"width: 700px\" class=\"wp-caption aligncenter\"><img loading=\"lazy\" decoding=\"async\" class=\"size-full wp-image-14456\" src=\"http:\/\/sindesvdf.com.br\/news\/wp-content\/uploads\/2020\/09\/brasfort.jpg\" alt=\"\" width=\"700\" height=\"400\" srcset=\"https:\/\/sindesvdf.com.br\/news\/wp-content\/uploads\/2020\/09\/brasfort.jpg 700w, https:\/\/sindesvdf.com.br\/news\/wp-content\/uploads\/2020\/09\/brasfort-300x171.jpg 300w\" sizes=\"auto, (max-width: 700px) 100vw, 700px\" \/><figcaption id=\"caption-attachment-14456\" class=\"wp-caption-text\">A Brasfort tem 15 dias para apresentar proposta. Sindicato quer a manuten\u00e7\u00e3o dos empregos e da renda dos funcion\u00e1rios<\/figcaption><\/figure>\n<p><span style=\"font-size: 14pt;\">A Procuradoria Regional do Trabalho da 10\u00aa Regi\u00e3o, do\u00a0<a href=\"https:\/\/mpt.mp.br\/\" target=\"_blank\" rel=\"noopener noreferrer\">Minist\u00e9rio P\u00fablico do Trabalho (MPT)<\/a>, deu 15 dias para que a Brasfort Empresa de Seguran\u00e7a Ltda. apresente proposta referente \u00e0 demiss\u00e3o de 111 vigilantes do grupo de risco da Covid-19. Os trabalhadores eram terceirizados do\u00a0<a href=\"http:\/\/www.df.gov.br\/\" target=\"_blank\" rel=\"noopener noreferrer\">Governo do Distrito Federal (GDF)<\/a>.<\/span><\/p>\n<p><span style=\"font-size: 14pt;\">O prazo foi estabelecido em audi\u00eancia realizada, nessa quinta-feira (24\/9), com representantes da Brasfort, do\u00a0<a href=\"https:\/\/sindesvdf.com.br\/news\/\" target=\"_blank\" rel=\"noopener noreferrer\">Sindicato dos Empregados em Empresas de Seguran\u00e7a e Vigil\u00e2ncia do DF (Sindesv)<\/a>\u00a0e da\u00a0<a href=\"http:\/\/www.economia.df.gov.br\/\" target=\"_blank\" rel=\"noopener noreferrer\">Secretaria de Economia do DF<\/a>.<\/span><\/p>\n<p><span style=\"font-size: 14pt;\">A empresa confirmou, na reuni\u00e3o, que 111 vigilantes do grupo de risco foram demitidos em 17 de julho de 2020. Representantes da Brasfort informaram que os empregados estavam afastados da atividade presencial \u201cdesde o in\u00edcio da pandemia, praticamente\u201d.<\/span><\/p>\n<p><span style=\"font-size: 14pt;\">Segundo a empresa, com o retorno do servi\u00e7o in loco, em julho, \u201cprecisou cobrir esses 111 vigilantes\u201d e realizou contrata\u00e7\u00f5es para os postos de trabalho. A Brasfort \u00e9 da fam\u00edlia do deputado distrital\u00a0<a href=\"https:\/\/www.metropoles.com\/tag\/roberio-negreiros\" target=\"_blank\" rel=\"noopener noreferrer\">Rob\u00e9rio Negreiros (PSD)<\/a>.<\/span><\/p>\n<h5><span style=\"font-size: 14pt;\">GDF<\/span><\/h5>\n<p><span style=\"font-size: 14pt;\">A Secretaria de Economia do DF informou, na audi\u00eancia, que n\u00e3o foi efetuada qualquer glosa no contrato de presta\u00e7\u00e3o de servi\u00e7os de vigil\u00e2ncia firmado com a Brasfort, \u201cespecialmente em raz\u00e3o do trabalho n\u00e3o presencial dos vigilantes que se encontram no grupo de risco da Covid-19\u201d.<\/span><\/p>\n<p><span style=\"font-size: 14pt;\">A pasta pontuou que o GDF \u201ctem atuado com todo o cuidado e responsabilidade para garantir que as pessoas que integram o grupo de risco da Covid-19 sejam mantidas, para sua seguran\u00e7a, em isolamento social\u201d.<\/span><\/p>\n<p><span style=\"font-size: 14pt;\">\u201cN\u00e3o h\u00e1 nenhuma orienta\u00e7\u00e3o do governo no sentido de promover glosas nos casos da impossibilidade de presta\u00e7\u00e3o de servi\u00e7os presenciais dos trabalhadores que estejam no grupo de risco da Covid-19\u201d, destacou a secretaria, por meio de seus representantes.<\/span><\/p>\n<h5><span style=\"font-size: 14pt;\">Atingidos<\/span><\/h5>\n<p><span style=\"font-size: 14pt;\">Ao conceder o prazo para que a Brasfort apresente uma proposta, o MPT considerou o contexto atual da pandemia, \u201ca qual atinge de forma mais s\u00e9ria os trabalhadores integrantes (do grupo de) risco da Covid-19, que ficam impossibilitados de realizar trabalhos presenciais, dificultando recoloca\u00e7\u00e3o no mercado de trabalho\u201d.<\/span><\/p>\n<p><span style=\"font-size: 14pt;\">O \u00f3rg\u00e3o tamb\u00e9m frisou que a\u00a0<a href=\"https:\/\/www.in.gov.br\/en\/web\/dou\/-\/lei-n-14.020-de-6-de-julho-de-2020-265386938\" target=\"_blank\" rel=\"noopener noreferrer\">Lei n\u00ba 14.020\/2020<\/a>\u00a0prev\u00ea medidas alternativas \u00e0 demiss\u00e3o durante a crise. A norma permite, por exemplo, a redu\u00e7\u00e3o proporcional de jornada de trabalho e de sal\u00e1rio ou a suspens\u00e3o tempor\u00e1ria do contrato.<\/span><\/p>\n<h5><span style=\"font-size: 14pt;\">Recontrata\u00e7\u00e3o<\/span><\/h5>\n<p><span style=\"font-size: 14pt;\">Advogado do Sindesv, Jonas Duarte afirmou \u00e0 coluna\u00a0<strong>Grande Angular<\/strong>\u00a0que o objetivo do sindicato \u00e9 a recontrata\u00e7\u00e3o das pessoas demitidas. Segundo Duarte, as demiss\u00f5es chegaram a 170 em menos de 40 dias, contando os 111 vigilantes que foram desligados de uma s\u00f3 vez.<\/span><\/p>\n<p><span style=\"font-size: 14pt;\">Duarte pontuou que os ex-funcion\u00e1rios t\u00eam comorbidades ou mais de 60 anos. \u201cAlgu\u00e9m com 60 anos ser demitido significa sair do mercado, porque, dificilmente, algu\u00e9m com essa idade, especialmente os vigilantes, consegue ser realocado\u201d, alegou Jonas.<\/span><\/p>\n<p><span style=\"font-size: 14pt;\">\u201cA gente quer preservar o emprego, porque, em qualquer situa\u00e7\u00e3o, com a taxa de desemprego indo para as nuvens, dificilmente, esse quantitativo de empregados vai ser realocado. A segunda premissa \u00e9 manter o rendimento. Se ficar em casa com o contrato suspenso sem receber sal\u00e1rio, como vai sustentar a fam\u00edlia?\u201d, questionou o advogado.<\/span><\/p>\n<h5><span style=\"font-size: 14pt;\">Terceirizada<\/span><\/h5>\n<p><span style=\"font-size: 14pt;\">Advogado da Brasfort, Marcelo Bessa disse \u00e0 coluna que a empresa avalia a proposta do sindicato da categoria.<\/span><\/p>\n<p>&nbsp;<\/p>\n<p style=\"text-align: right;\"><strong><em>Fonte: Metr\u00f3poles<\/em><\/strong><\/p>\n<p class=\"wpf_wrapper\"><a class=\"print_link\" href=\"\" target=\"_blank\">Preparar para impress\u00e3o<\/a><\/p><!-- .wpf_wrapper -->","protected":false},"excerpt":{"rendered":"<p>A Procuradoria Regional do Trabalho da 10\u00aa Regi\u00e3o, do\u00a0Minist\u00e9rio P\u00fablico do Trabalho (MPT), deu 15 dias para que a Brasfort&hellip; <\/p>\n","protected":false},"author":4,"featured_media":14456,"comment_status":"closed","ping_status":"closed","sticky":false,"template":"","format":"standard","meta":{"footnotes":""},"categories":[7],"tags":[],"class_list":["post-14455","post","type-post","status-publish","format-standard","has-post-thumbnail","hentry","category-noticias"],"jetpack_featured_media_url":"https:\/\/sindesvdf.com.br\/news\/wp-content\/uploads\/2020\/09\/brasfort.jpg","_links":{"self":[{"href":"https:\/\/sindesvdf.com.br\/news\/wp-json\/wp\/v2\/posts\/14455","targetHints":{"allow":["GET"]}}],"collection":[{"href":"https:\/\/sindesvdf.com.br\/news\/wp-json\/wp\/v2\/posts"}],"about":[{"href":"https:\/\/sindesvdf.com.br\/news\/wp-json\/wp\/v2\/types\/post"}],"author":[{"embeddable":true,"href":"https:\/\/sindesvdf.com.br\/news\/wp-json\/wp\/v2\/users\/4"}],"replies":[{"embeddable":true,"href":"https:\/\/sindesvdf.com.br\/news\/wp-json\/wp\/v2\/comments?post=14455"}],"version-history":[{"count":1,"href":"https:\/\/sindesvdf.com.br\/news\/wp-json\/wp\/v2\/posts\/14455\/revisions"}],"predecessor-version":[{"id":14457,"href":"https:\/\/sindesvdf.com.br\/news\/wp-json\/wp\/v2\/posts\/14455\/revisions\/14457"}],"wp:featuredmedia":[{"embeddable":true,"href":"https:\/\/sindesvdf.com.br\/news\/wp-json\/wp\/v2\/media\/14456"}],"wp:attachment":[{"href":"https:\/\/sindesvdf.com.br\/news\/wp-json\/wp\/v2\/media?parent=14455"}],"wp:term":[{"taxonomy":"category","embeddable":true,"href":"https:\/\/sindesvdf.com.br\/news\/wp-json\/wp\/v2\/categories?post=14455"},{"taxonomy":"post_tag","embeddable":true,"href":"https:\/\/sindesvdf.com.br\/news\/wp-json\/wp\/v2\/tags?post=14455"}],"curies":[{"name":"wp","href":"https:\/\/api.w.org\/{rel}","templated":true}]}}