{"id":14591,"date":"2020-12-10T16:55:18","date_gmt":"2020-12-10T19:55:18","guid":{"rendered":"http:\/\/sindesvdf.com.br\/news\/?p=14591"},"modified":"2020-12-10T16:55:18","modified_gmt":"2020-12-10T19:55:18","slug":"atencao-vigilantes-da-brasfort-processo-187-2014-4a-vara-do-trabalho","status":"publish","type":"post","link":"https:\/\/sindesvdf.com.br\/news\/atencao-vigilantes-da-brasfort-processo-187-2014-4a-vara-do-trabalho\/","title":{"rendered":"Aten\u00e7\u00e3o Vigilantes da Brasfort \u2013 Processo 187\/2014 \u2013 4\u00aa Vara do Trabalho"},"content":{"rendered":"<p><img loading=\"lazy\" decoding=\"async\" class=\"aligncenter size-full wp-image-14592\" src=\"http:\/\/sindesvdf.com.br\/news\/wp-content\/uploads\/2020\/12\/planilha.jpg\" alt=\"\" width=\"700\" height=\"400\" srcset=\"https:\/\/sindesvdf.com.br\/news\/wp-content\/uploads\/2020\/12\/planilha.jpg 700w, https:\/\/sindesvdf.com.br\/news\/wp-content\/uploads\/2020\/12\/planilha-300x171.jpg 300w\" sizes=\"auto, (max-width: 700px) 100vw, 700px\" \/><\/p>\n<p><span style=\"font-size: 14pt;\">Uma pessoa entrou no processo do Sindicato contra a Brasfort e publicou uma das planilhas de c\u00e1lculo da a\u00e7\u00e3o na Justi\u00e7a como se j\u00e1 tivesse julgada. Muitos vigilantes ficaram com grande expectativa de que receberiam esses valores de imediato.<\/span><\/p>\n<p><span style=\"font-size: 14pt;\">Esclarecemos que o Sindicato apresentou uma planilha e a empresa apresentou outra com os c\u00e1lculos devidos aos vigilantes que est\u00e3o nessa a\u00e7\u00e3o. S\u00f3 que o juiz ainda n\u00e3o decidiu qual planilha vai homologar, ou ainda se a Justi\u00e7a mandar\u00e1 fazer planilha pr\u00f3pria. Ou seja, n\u00e3o foi julgado ainda e quem divulga informa\u00e7\u00f5es err\u00f4neas, sem compreender os tr\u00e2mites de uma a\u00e7\u00e3o, est\u00e1 cometendo Fake News, seja com m\u00e1 ou boa inten\u00e7\u00e3o.<\/span><\/p>\n<p><span style=\"font-size: 14pt;\">Mais uma vez pedimos aos vigilantes que est\u00e3o nesta a\u00e7\u00e3o que se informem apenas pelos canais oficiais do Sindicato. Nossa assessoria jur\u00eddica est\u00e1 acompanhando diariamente o processo e qualquer senten\u00e7a que for pronunciada pelo juiz, informaremos imediatamente.<\/span><\/p>\n<p class=\"wpf_wrapper\"><a class=\"print_link\" href=\"\" target=\"_blank\">Preparar para impress\u00e3o<\/a><\/p><!-- .wpf_wrapper -->","protected":false},"excerpt":{"rendered":"<p>Uma pessoa entrou no processo do Sindicato contra a Brasfort e publicou uma das planilhas de c\u00e1lculo da a\u00e7\u00e3o na&hellip; <\/p>\n","protected":false},"author":4,"featured_media":14592,"comment_status":"closed","ping_status":"closed","sticky":false,"template":"","format":"standard","meta":{"footnotes":""},"categories":[7,101],"tags":[],"class_list":["post-14591","post","type-post","status-publish","format-standard","has-post-thumbnail","hentry","category-noticias","category-olho-vivo"],"jetpack_featured_media_url":"https:\/\/sindesvdf.com.br\/news\/wp-content\/uploads\/2020\/12\/planilha.jpg","_links":{"self":[{"href":"https:\/\/sindesvdf.com.br\/news\/wp-json\/wp\/v2\/posts\/14591","targetHints":{"allow":["GET"]}}],"collection":[{"href":"https:\/\/sindesvdf.com.br\/news\/wp-json\/wp\/v2\/posts"}],"about":[{"href":"https:\/\/sindesvdf.com.br\/news\/wp-json\/wp\/v2\/types\/post"}],"author":[{"embeddable":true,"href":"https:\/\/sindesvdf.com.br\/news\/wp-json\/wp\/v2\/users\/4"}],"replies":[{"embeddable":true,"href":"https:\/\/sindesvdf.com.br\/news\/wp-json\/wp\/v2\/comments?post=14591"}],"version-history":[{"count":1,"href":"https:\/\/sindesvdf.com.br\/news\/wp-json\/wp\/v2\/posts\/14591\/revisions"}],"predecessor-version":[{"id":14593,"href":"https:\/\/sindesvdf.com.br\/news\/wp-json\/wp\/v2\/posts\/14591\/revisions\/14593"}],"wp:featuredmedia":[{"embeddable":true,"href":"https:\/\/sindesvdf.com.br\/news\/wp-json\/wp\/v2\/media\/14592"}],"wp:attachment":[{"href":"https:\/\/sindesvdf.com.br\/news\/wp-json\/wp\/v2\/media?parent=14591"}],"wp:term":[{"taxonomy":"category","embeddable":true,"href":"https:\/\/sindesvdf.com.br\/news\/wp-json\/wp\/v2\/categories?post=14591"},{"taxonomy":"post_tag","embeddable":true,"href":"https:\/\/sindesvdf.com.br\/news\/wp-json\/wp\/v2\/tags?post=14591"}],"curies":[{"name":"wp","href":"https:\/\/api.w.org\/{rel}","templated":true}]}}