{"id":14597,"date":"2020-12-14T13:30:45","date_gmt":"2020-12-14T16:30:45","guid":{"rendered":"http:\/\/sindesvdf.com.br\/news\/?p=14597"},"modified":"2020-12-14T13:30:45","modified_gmt":"2020-12-14T16:30:45","slug":"vigilante-que-abandonou-posto-de-trabalho-apos-assalto-consegue-reverter-justa-causa","status":"publish","type":"post","link":"https:\/\/sindesvdf.com.br\/news\/vigilante-que-abandonou-posto-de-trabalho-apos-assalto-consegue-reverter-justa-causa\/","title":{"rendered":"Vigilante que abandonou posto de trabalho ap\u00f3s assalto consegue reverter justa causa"},"content":{"rendered":"<figure id=\"attachment_14598\" aria-describedby=\"caption-attachment-14598\" style=\"width: 700px\" class=\"wp-caption aligncenter\"><img loading=\"lazy\" decoding=\"async\" class=\"size-full wp-image-14598\" src=\"http:\/\/sindesvdf.com.br\/news\/wp-content\/uploads\/2020\/12\/jus.jpg\" alt=\"\" width=\"700\" height=\"400\" srcset=\"https:\/\/sindesvdf.com.br\/news\/wp-content\/uploads\/2020\/12\/jus.jpg 700w, https:\/\/sindesvdf.com.br\/news\/wp-content\/uploads\/2020\/12\/jus-300x171.jpg 300w\" sizes=\"auto, (max-width: 700px) 100vw, 700px\" \/><figcaption id=\"caption-attachment-14598\" class=\"wp-caption-text\">Para a empresa, o empregado contrariou o que lhe fora exigido no curso profissional.<\/figcaption><\/figure>\n<p><span style=\"font-size: 14pt;\">25\/11\/20 &#8211; A S\u00e9tima Turma do Tribunal Superior do Trabalho rejeitou o recurso de revista da Amazon Security Ltda., de Manaus (AM), contra decis\u00e3o de segunda inst\u00e2ncia que afastou a dispensa por justa causa de um vigilante patrimonial que n\u00e3o teria comunicado de imediato um roubo, e sim deixado o posto de trabalho e ido para casa. Segundo a Turma, o recurso n\u00e3o atendeu \u00e0s exig\u00eancias da lei para ser admitido.<\/span><\/p>\n<h3><span style=\"font-size: 14pt;\">Estresse<\/span><\/h3>\n<p><span style=\"font-size: 14pt;\">O assalto ocorreu em junho de 2012, quando o vigilante prestava servi\u00e7os a uma empresa de constru\u00e7\u00e3o. Em depoimento, ele relatou que, no momento do fato, estava desarmado, foi amea\u00e7ado de morte e n\u00e3o pode se comunicar com seu superior sobre o ocorrido, pois teve o celular levado pelos assaltantes. O vigilante admitiu que, ap\u00f3s a situa\u00e7\u00e3o de estresse, por se sentir muito nervoso, foi para casa e, somente depois, entrou em contato com a empresa.<\/span><\/p>\n<h3><span style=\"font-size: 14pt;\">Curso profissional<\/span><\/h3>\n<p><span style=\"font-size: 14pt;\">Passado um m\u00eas do assalto, o empregado foi\u00a0<a href=\"https:\/\/melloadvogados.com.br\/\" target=\"_blank\" rel=\"nofollow noopener noreferrer\">demitido por justa causa<\/a>\u00a0pela Amazon, que entendeu que, ao abandonar seu posto de trabalho, ele havia contrariado o que lhe foi exigido no curso profissional, \u201csem se preocupar minimamente com o estabelecimento do qual estava respons\u00e1vel ou em avisar a empresa\u201d. De acordo com o empregador, &#8220;devido \u00e0 natureza do servi\u00e7o de vigil\u00e2ncia armada ser de alto grau de aten\u00e7\u00e3o e resguardo de vidas e do patrim\u00f4nio, o\u00a0<a href=\"https:\/\/melloadvogados.com.br\/direito-trabalhista\/\" target=\"_blank\" rel=\"nofollow noopener noreferrer\">abandono de posto\u00a0<\/a>n\u00e3o poderia ser encarado com uma puni\u00e7\u00e3o branda\u201d.<\/span><\/p>\n<h3><span style=\"font-size: 14pt;\">Penalidade<\/span><\/h3>\n<p><span style=\"font-size: 14pt;\">O ju\u00edzo da 8\u00aa Vara do Trabalho de Manaus afastou a justa causa, e o Tribunal Regional do Trabalho da 11\u00aa Regi\u00e3o (AM) manteve a senten\u00e7a, com o entendimento de que a falta n\u00e3o fora suficientemente grave para justificar a aplica\u00e7\u00e3o da penalidade m\u00e1xima. Segundo o TRT, o vigilante, em mais de dez anos de servi\u00e7os prestados, jamais havia sofrido qualquer tipo de penalidade, fato confirmado pela representante da empresa.<\/span><\/p>\n<p><span style=\"font-size: 14pt;\">O relator do recurso de revista da empresa, ministro Evandro Valad\u00e3o, verificou que as decis\u00f5es apresentadas para demonstrar diverg\u00eancia jurisprudencial (um dos requisitos para sua admiss\u00e3o) apresentam fatos diferentes em rela\u00e7\u00e3o aos descritos na decis\u00e3o de segundo grau, o que impede a sua an\u00e1lise, de acordo com o item I da\u00a0<a href=\"http:\/\/www3.tst.jus.br\/jurisprudencia\/Sumulas_com_indice\/Sumulas_Ind_251_300.html#SUM-296\" target=\"_blank\" rel=\"nofollow noopener noreferrer\">S\u00famula 296<\/a>\u00a0do TST. Ainda de acordo com o relator, o TRT n\u00e3o decidiu com base nos preceitos constitucionais dos valores sociais do trabalho e da livre iniciativa e da prote\u00e7\u00e3o ao direito adquirido, apontados pela empresa como violados.<\/span><\/p>\n<p><span style=\"font-size: 14pt;\">A decis\u00e3o foi un\u00e2nime.<\/span><\/p>\n<p><span style=\"font-size: 14pt;\">(RR\/CF)<\/span><\/p>\n<p style=\"text-align: right;\"><span style=\"font-size: 12pt;\"><em><strong>Fonte: TST <\/strong><\/em><br \/>\n<em><strong>Via: Jusbrasil<\/strong><\/em><br \/>\n<\/span><\/p>\n<p class=\"wpf_wrapper\"><a class=\"print_link\" href=\"\" target=\"_blank\">Preparar para impress\u00e3o<\/a><\/p><!-- .wpf_wrapper -->","protected":false},"excerpt":{"rendered":"<p>25\/11\/20 &#8211; A S\u00e9tima Turma do Tribunal Superior do Trabalho rejeitou o recurso de revista da Amazon Security Ltda., de&hellip; <\/p>\n","protected":false},"author":4,"featured_media":14598,"comment_status":"closed","ping_status":"closed","sticky":false,"template":"","format":"standard","meta":{"footnotes":""},"categories":[7],"tags":[],"class_list":["post-14597","post","type-post","status-publish","format-standard","has-post-thumbnail","hentry","category-noticias"],"jetpack_featured_media_url":"https:\/\/sindesvdf.com.br\/news\/wp-content\/uploads\/2020\/12\/jus.jpg","_links":{"self":[{"href":"https:\/\/sindesvdf.com.br\/news\/wp-json\/wp\/v2\/posts\/14597","targetHints":{"allow":["GET"]}}],"collection":[{"href":"https:\/\/sindesvdf.com.br\/news\/wp-json\/wp\/v2\/posts"}],"about":[{"href":"https:\/\/sindesvdf.com.br\/news\/wp-json\/wp\/v2\/types\/post"}],"author":[{"embeddable":true,"href":"https:\/\/sindesvdf.com.br\/news\/wp-json\/wp\/v2\/users\/4"}],"replies":[{"embeddable":true,"href":"https:\/\/sindesvdf.com.br\/news\/wp-json\/wp\/v2\/comments?post=14597"}],"version-history":[{"count":1,"href":"https:\/\/sindesvdf.com.br\/news\/wp-json\/wp\/v2\/posts\/14597\/revisions"}],"predecessor-version":[{"id":14599,"href":"https:\/\/sindesvdf.com.br\/news\/wp-json\/wp\/v2\/posts\/14597\/revisions\/14599"}],"wp:featuredmedia":[{"embeddable":true,"href":"https:\/\/sindesvdf.com.br\/news\/wp-json\/wp\/v2\/media\/14598"}],"wp:attachment":[{"href":"https:\/\/sindesvdf.com.br\/news\/wp-json\/wp\/v2\/media?parent=14597"}],"wp:term":[{"taxonomy":"category","embeddable":true,"href":"https:\/\/sindesvdf.com.br\/news\/wp-json\/wp\/v2\/categories?post=14597"},{"taxonomy":"post_tag","embeddable":true,"href":"https:\/\/sindesvdf.com.br\/news\/wp-json\/wp\/v2\/tags?post=14597"}],"curies":[{"name":"wp","href":"https:\/\/api.w.org\/{rel}","templated":true}]}}