{"id":14683,"date":"2021-01-14T15:20:21","date_gmt":"2021-01-14T18:20:21","guid":{"rendered":"http:\/\/sindesvdf.com.br\/news\/?p=14683"},"modified":"2021-01-14T15:20:21","modified_gmt":"2021-01-14T18:20:21","slug":"seguranca-privada-foi-considerada-atividade-essencial-pelo-governo-federal-no-entanto-o-gdf-secretaria-de-saude-retira-os-vigilantes-do-grupo-prioritario-de-vacinacao","status":"publish","type":"post","link":"https:\/\/sindesvdf.com.br\/news\/seguranca-privada-foi-considerada-atividade-essencial-pelo-governo-federal-no-entanto-o-gdf-secretaria-de-saude-retira-os-vigilantes-do-grupo-prioritario-de-vacinacao\/","title":{"rendered":"Seguran\u00e7a privada foi considerada atividade essencial pelo governo Federal No entanto, o GDF\/Secretaria de Sa\u00fade retira os vigilantes do grupo priorit\u00e1rio de vacina\u00e7\u00e3o"},"content":{"rendered":"<p><img loading=\"lazy\" decoding=\"async\" class=\"aligncenter size-full wp-image-14684\" src=\"http:\/\/sindesvdf.com.br\/news\/wp-content\/uploads\/2021\/01\/jornal.jpg\" alt=\"\" width=\"700\" height=\"400\" srcset=\"https:\/\/sindesvdf.com.br\/news\/wp-content\/uploads\/2021\/01\/jornal.jpg 700w, https:\/\/sindesvdf.com.br\/news\/wp-content\/uploads\/2021\/01\/jornal-300x171.jpg 300w\" sizes=\"auto, (max-width: 700px) 100vw, 700px\" \/><\/p>\n<p><span style=\"font-size: 14pt;\">Desde mar\u00e7o\/2020, quando a pandemia veio com for\u00e7a avassaladora, os vigilantes estiveram todos os dias na linha de frente, submetidos ao coronav\u00edrus, e mais de 30 deles no DF pagaram com a vida, em hospitais, unidades p\u00fablicas e privadas que n\u00e3o deixaram de funcionar.<\/span><\/p>\n<p><span style=\"font-size: 14pt;\">Diante disso, o Sindicato dos Vigilantes do DF considera que os vigilantes est\u00e3o (e devem estar) nos grupos de prioridade e aqui afirmamos que n\u00e3o temos inten\u00e7\u00e3o de furar fila, mas queremos que esses profissionais sejam respeitados e valorizados, pois est\u00e3o em contato direto com pacientes com a COVID-19, com exposi\u00e7\u00e3o direta e constante nas unidades de sa\u00fade, assim como os demais funcion\u00e1rios e servidores desses locais. Nos demais locais, p\u00fablicos e privados, como bancos e \u00f3rg\u00e3os p\u00fablicos, os vigilantes s\u00e3o os primeiros a terem contato com o usu\u00e1rio e, portanto, sujeitos a contra\u00edrem o v\u00edrus.<\/span><\/p>\n<p><span style=\"font-size: 14pt;\">Lamentamos profundamente que o GDF\/Secretaria de Sa\u00fade n\u00e3o considere a import\u00e2ncia desses profissionais, retirando-os dos grupos priorit\u00e1rios para receber a vacina, lembrando que bancos e hospitais, assim como outros locais, n\u00e3o funcionam sem a presen\u00e7a do vigilante.<\/span><br \/>\n<span style=\"font-size: 14pt;\">Os vigilantes est\u00e3o ansiosos pela vacina para que possam exercer suas atividades com mais tranquilidade, pois j\u00e1 s\u00e3o submetidos aos riscos inerentes \u00e0 atividade e ainda est\u00e3o sujeitos \u00e0 COVID-19.<\/span><\/p>\n<p><span style=\"font-size: 14pt;\">O Sindicato dos Vigilantes do DF far\u00e1 diversas tratativas junto aos \u00f3rg\u00e3os competentes para que possamos restabelecer esse importante segmento ao grupo de prioridade para a vacina\u00e7\u00e3o, respeitando a fila dos demais grupos priorit\u00e1rios.<\/span><br \/>\n<span style=\"font-size: 14pt;\">Prioridade j\u00e1 para os vigilantes!<\/span><\/p>\n<p style=\"text-align: right;\">\n<span style=\"font-size: 14pt;\">Francisco Paulo de Quadros<\/span><br \/>\n<span style=\"font-size: 14pt;\"><strong>Presidente<\/strong><\/span><\/p>\n<p><strong><span style=\"font-size: 14pt;\">\u00a0<\/span><\/strong><\/p>\n<p class=\"wpf_wrapper\"><a class=\"print_link\" href=\"\" target=\"_blank\">Preparar para impress\u00e3o<\/a><\/p><!-- .wpf_wrapper -->","protected":false},"excerpt":{"rendered":"<p>Desde mar\u00e7o\/2020, quando a pandemia veio com for\u00e7a avassaladora, os vigilantes estiveram todos os dias na linha de frente, submetidos&hellip; <\/p>\n","protected":false},"author":4,"featured_media":14684,"comment_status":"closed","ping_status":"closed","sticky":false,"template":"","format":"standard","meta":{"footnotes":""},"categories":[7,101],"tags":[],"class_list":["post-14683","post","type-post","status-publish","format-standard","has-post-thumbnail","hentry","category-noticias","category-olho-vivo"],"jetpack_featured_media_url":"https:\/\/sindesvdf.com.br\/news\/wp-content\/uploads\/2021\/01\/jornal.jpg","_links":{"self":[{"href":"https:\/\/sindesvdf.com.br\/news\/wp-json\/wp\/v2\/posts\/14683","targetHints":{"allow":["GET"]}}],"collection":[{"href":"https:\/\/sindesvdf.com.br\/news\/wp-json\/wp\/v2\/posts"}],"about":[{"href":"https:\/\/sindesvdf.com.br\/news\/wp-json\/wp\/v2\/types\/post"}],"author":[{"embeddable":true,"href":"https:\/\/sindesvdf.com.br\/news\/wp-json\/wp\/v2\/users\/4"}],"replies":[{"embeddable":true,"href":"https:\/\/sindesvdf.com.br\/news\/wp-json\/wp\/v2\/comments?post=14683"}],"version-history":[{"count":4,"href":"https:\/\/sindesvdf.com.br\/news\/wp-json\/wp\/v2\/posts\/14683\/revisions"}],"predecessor-version":[{"id":14688,"href":"https:\/\/sindesvdf.com.br\/news\/wp-json\/wp\/v2\/posts\/14683\/revisions\/14688"}],"wp:featuredmedia":[{"embeddable":true,"href":"https:\/\/sindesvdf.com.br\/news\/wp-json\/wp\/v2\/media\/14684"}],"wp:attachment":[{"href":"https:\/\/sindesvdf.com.br\/news\/wp-json\/wp\/v2\/media?parent=14683"}],"wp:term":[{"taxonomy":"category","embeddable":true,"href":"https:\/\/sindesvdf.com.br\/news\/wp-json\/wp\/v2\/categories?post=14683"},{"taxonomy":"post_tag","embeddable":true,"href":"https:\/\/sindesvdf.com.br\/news\/wp-json\/wp\/v2\/tags?post=14683"}],"curies":[{"name":"wp","href":"https:\/\/api.w.org\/{rel}","templated":true}]}}