{"id":14737,"date":"2021-02-02T15:41:33","date_gmt":"2021-02-02T18:41:33","guid":{"rendered":"http:\/\/sindesvdf.com.br\/news\/?p=14737"},"modified":"2021-02-03T09:08:43","modified_gmt":"2021-02-03T12:08:43","slug":"discriminacao-gdf-deixa-vigilantes-e-demais-terceirizados-sem-vacina-em-centro-de-acolhimento-de-adultos-em-taguatinga","status":"publish","type":"post","link":"https:\/\/sindesvdf.com.br\/news\/discriminacao-gdf-deixa-vigilantes-e-demais-terceirizados-sem-vacina-em-centro-de-acolhimento-de-adultos-em-taguatinga\/","title":{"rendered":"DISCRIMINA\u00c7\u00c3O: GDF deixa vigilantes e demais terceirizados sem vacina em Centro de acolhimento de adultos em Taguatinga"},"content":{"rendered":"<p>&nbsp;<\/p>\n<p><img loading=\"lazy\" decoding=\"async\" class=\"aligncenter size-full wp-image-14742\" src=\"http:\/\/sindesvdf.com.br\/news\/wp-content\/uploads\/2021\/02\/albergueOK.jpg\" alt=\"\" width=\"700\" height=\"400\" srcset=\"https:\/\/sindesvdf.com.br\/news\/wp-content\/uploads\/2021\/02\/albergueOK.jpg 700w, https:\/\/sindesvdf.com.br\/news\/wp-content\/uploads\/2021\/02\/albergueOK-300x171.jpg 300w\" sizes=\"auto, (max-width: 700px) 100vw, 700px\" \/><\/p>\n<p><span style=\"font-size: 14pt;\">Diretores do Sindicato dos Vigilantes foram fiscalizar a vacina\u00e7\u00e3o contra a COVID-19 na Unidade de Acolhimento de Adultos e Fam\u00edlias-UNAF, mais conhecido como Albergue de Taguatinga e foram surpreendidos pela quantidade insuficiente de vacinas enviada pelo GDF, atendendo apenas os servidores diretos do GDF e os albergados idosos. Outros grupos de risco, que est\u00e3o \u00e0 frente da pandemia desde o in\u00edcio da mesma, ficaram de fora. Vigilantes, trabalhadores da limpeza, assistentes sociais, entre outros terceirizados foram completamente ignorados pelo governo do Distrito Federal\/Secretaria de Sa\u00fade.<\/span><\/p>\n<p><span style=\"font-size: 14pt;\">O Sindicato dos Vigilantes repudia essa discrimina\u00e7\u00e3o, lembrando que j\u00e1 morreram mais de 30 vigilantes vitimados pelo coronav\u00edrus e est\u00e1 cobrando do governo a vacina\u00e7\u00e3o dos vigilantes, pois est\u00e3o correndo riscos diariamente, arriscando suas vidas e de suas fam\u00edlias nesta pandemia.<\/span><br \/>\n<strong><span style=\"font-size: 14pt;\">Vacina\u00e7\u00e3o dos vigilantes j\u00e1!<\/span><\/strong><\/p>\n<p>&nbsp;<\/p>\n<div style=\"width: 1110px;\" class=\"wp-video\"><video class=\"wp-video-shortcode\" id=\"video-14737-1\" width=\"1110\" height=\"624\" preload=\"metadata\" controls=\"controls\"><source type=\"video\/mp4\" src=\"http:\/\/sindesvdf.com.br\/news\/wp-content\/uploads\/2021\/02\/Render02-SITE.mp4?_=1\" \/><a href=\"http:\/\/sindesvdf.com.br\/news\/wp-content\/uploads\/2021\/02\/Render02-SITE.mp4\">http:\/\/sindesvdf.com.br\/news\/wp-content\/uploads\/2021\/02\/Render02-SITE.mp4<\/a><\/video><\/div>\n<p class=\"wpf_wrapper\"><a class=\"print_link\" href=\"\" target=\"_blank\">Preparar para impress\u00e3o<\/a><\/p><!-- .wpf_wrapper -->","protected":false},"excerpt":{"rendered":"<p>&nbsp; Diretores do Sindicato dos Vigilantes foram fiscalizar a vacina\u00e7\u00e3o contra a COVID-19 na Unidade de Acolhimento de Adultos e&hellip; <\/p>\n","protected":false},"author":4,"featured_media":14742,"comment_status":"closed","ping_status":"closed","sticky":false,"template":"","format":"standard","meta":{"footnotes":""},"categories":[7,101],"tags":[],"class_list":["post-14737","post","type-post","status-publish","format-standard","has-post-thumbnail","hentry","category-noticias","category-olho-vivo"],"jetpack_featured_media_url":"https:\/\/sindesvdf.com.br\/news\/wp-content\/uploads\/2021\/02\/albergueOK.jpg","_links":{"self":[{"href":"https:\/\/sindesvdf.com.br\/news\/wp-json\/wp\/v2\/posts\/14737","targetHints":{"allow":["GET"]}}],"collection":[{"href":"https:\/\/sindesvdf.com.br\/news\/wp-json\/wp\/v2\/posts"}],"about":[{"href":"https:\/\/sindesvdf.com.br\/news\/wp-json\/wp\/v2\/types\/post"}],"author":[{"embeddable":true,"href":"https:\/\/sindesvdf.com.br\/news\/wp-json\/wp\/v2\/users\/4"}],"replies":[{"embeddable":true,"href":"https:\/\/sindesvdf.com.br\/news\/wp-json\/wp\/v2\/comments?post=14737"}],"version-history":[{"count":4,"href":"https:\/\/sindesvdf.com.br\/news\/wp-json\/wp\/v2\/posts\/14737\/revisions"}],"predecessor-version":[{"id":14745,"href":"https:\/\/sindesvdf.com.br\/news\/wp-json\/wp\/v2\/posts\/14737\/revisions\/14745"}],"wp:featuredmedia":[{"embeddable":true,"href":"https:\/\/sindesvdf.com.br\/news\/wp-json\/wp\/v2\/media\/14742"}],"wp:attachment":[{"href":"https:\/\/sindesvdf.com.br\/news\/wp-json\/wp\/v2\/media?parent=14737"}],"wp:term":[{"taxonomy":"category","embeddable":true,"href":"https:\/\/sindesvdf.com.br\/news\/wp-json\/wp\/v2\/categories?post=14737"},{"taxonomy":"post_tag","embeddable":true,"href":"https:\/\/sindesvdf.com.br\/news\/wp-json\/wp\/v2\/tags?post=14737"}],"curies":[{"name":"wp","href":"https:\/\/api.w.org\/{rel}","templated":true}]}}