{"id":14746,"date":"2021-02-03T08:44:54","date_gmt":"2021-02-03T11:44:54","guid":{"rendered":"http:\/\/sindesvdf.com.br\/news\/?p=14746"},"modified":"2021-02-03T09:34:41","modified_gmt":"2021-02-03T12:34:41","slug":"aluno-de-curso-para-vigilantes-morre-em-aula-de-primeiros-socorros-no-df","status":"publish","type":"post","link":"https:\/\/sindesvdf.com.br\/news\/aluno-de-curso-para-vigilantes-morre-em-aula-de-primeiros-socorros-no-df\/","title":{"rendered":"Aluno de curso para vigilantes morre em aula de primeiros socorros no DF"},"content":{"rendered":"<figure id=\"attachment_14747\" aria-describedby=\"caption-attachment-14747\" style=\"width: 700px\" class=\"wp-caption aligncenter\"><img loading=\"lazy\" decoding=\"async\" class=\"size-full wp-image-14747\" src=\"http:\/\/sindesvdf.com.br\/news\/wp-content\/uploads\/2021\/02\/obito.jpg\" alt=\"\" width=\"700\" height=\"400\" srcset=\"https:\/\/sindesvdf.com.br\/news\/wp-content\/uploads\/2021\/02\/obito.jpg 700w, https:\/\/sindesvdf.com.br\/news\/wp-content\/uploads\/2021\/02\/obito-300x171.jpg 300w\" sizes=\"auto, (max-width: 700px) 100vw, 700px\" \/><figcaption id=\"caption-attachment-14747\" class=\"wp-caption-text\">Homem de 43 anos teria sentido um mal s\u00fabito ap\u00f3s uma atividade e n\u00e3o resistiu. Equipe do Samu tentou reanim\u00e1-lo por 1h<\/figcaption><\/figure>\n<p><span style=\"font-size: 14pt;\">Um aluno do curso de vigilantes morreu durante aula de primeiros-socorros, na tarde desta ter\u00e7a-feira (2\/2), em uma academia do Setor de Ind\u00fastrias Gr\u00e1ficas (SIG). Segundo o\u00a0<a href=\"https:\/\/sindesvdf.com.br\/news\/\" target=\"_blank\" rel=\"noopener noreferrer\">Sindicato dos Vigilantes do DF (Sindesv-DF)<\/a>, a v\u00edtima \u00e9 Adailton de Oliveira Rodrigues, 43 anos.<\/span><\/p>\n<p><span style=\"font-size: 14pt;\">O homem participava de uma atividade ao ar livre, na qual era preciso enrolar e desenrolar uma mangueira. Ap\u00f3s o exerc\u00edcio, ele apresentou cansa\u00e7o anormal e avisou ao professor. \u201cO atendimento come\u00e7ou ali mesmo, enquanto chamaram o\u00a0<a href=\"http:\/\/www.samu192df.com.br\/site\/index.html\" target=\"_blank\" rel=\"noopener noreferrer\">Samu [Servi\u00e7o de Atendimento M\u00f3vel de Urg\u00eancia]<\/a>. Quando [os socorristas] chegaram, ainda passaram 1h tentando reanim\u00e1-lo, mas n\u00e3o ele resistiu\u201d, lamenta Fabr\u00edcio Cantu\u00e1rio, s\u00f3cio do local onde ocorreu a morte.<\/span><\/p>\n<p><span style=\"font-size: 14pt;\">Segundo o respons\u00e1vel pela academia, Adailton tinha todos os laudos m\u00e9dicos em dia, atestando a aptid\u00e3o para os exerc\u00edcios. \u201cFoi uma fatalidade. Registrei o boletim de ocorr\u00eancia e vou \u00e0 Pol\u00edcia Federal tamb\u00e9m, pois eles que organizam nossos cursos\u201d, explica. A fam\u00edlia da v\u00edtima foi avisada.<\/span><\/p>\n<p><span style=\"font-size: 14pt;\">Gilmar Rodrigues, um dos diretores do sindicato da categoria, lamentou a morte. \u201cEra morador de S\u00e3o Sebasti\u00e3o, uma pessoa forte. Infelizmente, teve esse mal s\u00fabito.\u201d<\/span><\/p>\n<p><span style=\"font-size: 14pt;\">A 1\u00aa Delegacia de Pol\u00edcia (Asa Sul) investiga o caso.<\/span><\/p>\n<p>&nbsp;<\/p>\n<p style=\"text-align: right;\"><strong><em>Fonte: Metr\u00f3poles<\/em><\/strong><\/p>\n<p>&nbsp;<\/p>\n<p class=\"wpf_wrapper\"><a class=\"print_link\" href=\"\" target=\"_blank\">Preparar para impress\u00e3o<\/a><\/p><!-- .wpf_wrapper -->","protected":false},"excerpt":{"rendered":"<p>Um aluno do curso de vigilantes morreu durante aula de primeiros-socorros, na tarde desta ter\u00e7a-feira (2\/2), em uma academia do&hellip; <\/p>\n","protected":false},"author":4,"featured_media":14747,"comment_status":"closed","ping_status":"closed","sticky":false,"template":"","format":"standard","meta":{"footnotes":""},"categories":[7],"tags":[],"class_list":["post-14746","post","type-post","status-publish","format-standard","has-post-thumbnail","hentry","category-noticias"],"jetpack_featured_media_url":"https:\/\/sindesvdf.com.br\/news\/wp-content\/uploads\/2021\/02\/obito.jpg","_links":{"self":[{"href":"https:\/\/sindesvdf.com.br\/news\/wp-json\/wp\/v2\/posts\/14746","targetHints":{"allow":["GET"]}}],"collection":[{"href":"https:\/\/sindesvdf.com.br\/news\/wp-json\/wp\/v2\/posts"}],"about":[{"href":"https:\/\/sindesvdf.com.br\/news\/wp-json\/wp\/v2\/types\/post"}],"author":[{"embeddable":true,"href":"https:\/\/sindesvdf.com.br\/news\/wp-json\/wp\/v2\/users\/4"}],"replies":[{"embeddable":true,"href":"https:\/\/sindesvdf.com.br\/news\/wp-json\/wp\/v2\/comments?post=14746"}],"version-history":[{"count":2,"href":"https:\/\/sindesvdf.com.br\/news\/wp-json\/wp\/v2\/posts\/14746\/revisions"}],"predecessor-version":[{"id":14749,"href":"https:\/\/sindesvdf.com.br\/news\/wp-json\/wp\/v2\/posts\/14746\/revisions\/14749"}],"wp:featuredmedia":[{"embeddable":true,"href":"https:\/\/sindesvdf.com.br\/news\/wp-json\/wp\/v2\/media\/14747"}],"wp:attachment":[{"href":"https:\/\/sindesvdf.com.br\/news\/wp-json\/wp\/v2\/media?parent=14746"}],"wp:term":[{"taxonomy":"category","embeddable":true,"href":"https:\/\/sindesvdf.com.br\/news\/wp-json\/wp\/v2\/categories?post=14746"},{"taxonomy":"post_tag","embeddable":true,"href":"https:\/\/sindesvdf.com.br\/news\/wp-json\/wp\/v2\/tags?post=14746"}],"curies":[{"name":"wp","href":"https:\/\/api.w.org\/{rel}","templated":true}]}}