{"id":14751,"date":"2021-02-04T08:48:09","date_gmt":"2021-02-04T11:48:09","guid":{"rendered":"http:\/\/sindesvdf.com.br\/news\/?p=14751"},"modified":"2021-02-04T08:48:09","modified_gmt":"2021-02-04T11:48:09","slug":"professores-serao-vacinados-antes-dos-profissionais-de-seguranca-no-df","status":"publish","type":"post","link":"https:\/\/sindesvdf.com.br\/news\/professores-serao-vacinados-antes-dos-profissionais-de-seguranca-no-df\/","title":{"rendered":"Professores ser\u00e3o vacinados antes dos profissionais de seguran\u00e7a no DF"},"content":{"rendered":"<p><img loading=\"lazy\" decoding=\"async\" class=\"aligncenter size-full wp-image-14752\" src=\"http:\/\/sindesvdf.com.br\/news\/wp-content\/uploads\/2021\/02\/correio.jpg\" alt=\"\" width=\"700\" height=\"400\" srcset=\"https:\/\/sindesvdf.com.br\/news\/wp-content\/uploads\/2021\/02\/correio.jpg 700w, https:\/\/sindesvdf.com.br\/news\/wp-content\/uploads\/2021\/02\/correio-300x171.jpg 300w\" sizes=\"auto, (max-width: 700px) 100vw, 700px\" \/><\/p>\n<p><span style=\"font-size: 14pt;\">Professores est\u00e3o \u00e0 frente dos profissionais de seguran\u00e7a na de lista prioridade para receber a vacina\u00e7\u00e3o contra a covid-19 no Distrito Federal. O an\u00fancio foi feito pelo vice-governador Paco Britto (Avante) durante entrevista \u00e0 R\u00e1dio CBN, na manh\u00e3 desta quarta-feira (3\/2). Ele informou ainda que a<a href=\"https:\/\/www.correiobraziliense.com.br\/cidades-df\/2021\/02\/4904232-resumo-do-dia-veja-como-esta-a-vacinacao-contra-a-covid-19-no-df.html\" target=\"_blank\" rel=\"noopener noreferrer\"> imuniza\u00e7\u00e3o<\/a> dos docentes deve ocorrer em mar\u00e7o, caso as doses da vacina cheguem nas datas previstas.<\/span><\/p>\n<p class=\"texto\"><span style=\"font-size: 14pt;\">De acordo com o vice-governador, enquanto outros grupos, como rodovi\u00e1rios e taxistas, que t\u00eam contato direto com a popula\u00e7\u00e3o, n\u00e3o est\u00e3o nos grupos priorit\u00e1rios, o Governo do Distrito Federal (GDF) realiza a\u00e7\u00f5es de conscientiza\u00e7\u00e3o e distribui\u00e7\u00e3o de m\u00e1scaras e \u00e1lcool em gel. \u201cHoje, estamos fazendo distribui\u00e7\u00e3o de \u00e1lcool em gel para todos os taxistas do DF. Estamos tentando conscientizar a popula\u00e7\u00e3o. Enquanto os taxistas n\u00e3o est\u00e3o imunizados, estamos fazendo um trabalho com essa categoria\u201d, disse.<\/span><\/p>\n<p class=\"texto\"><span style=\"font-size: 14pt;\">Na semana passada, o GDF realizou a a\u00e7\u00e3o na Rodovi\u00e1ria do Plano Piloto, com distribui\u00e7\u00e3o de \u00e1lcool em gel. Os produtos, segundo Paco, s\u00e3o fruto de arrecada\u00e7\u00e3o de empresas privadas. \u201c\u00c9 uma parceria que estamos fazendo com o setor privado. J\u00e1 distribu\u00edmos mais de 100 mil \u00e1lcool gel, 50 mil m\u00e1scaras, arrumamos mais 20 leitos de UTI (unidade de terapia intensiva)\u201d, destacou.<\/span><\/p>\n<p class=\"texto\"><span style=\"font-size: 14pt;\">Sobre a <a href=\"https:\/\/www.correiobraziliense.com.br\/cidades-df\/2021\/02\/4904198-vacina-segundo-saude-idosos-acima-de-75-terao-cerca-de-35-mil-doses.html\" target=\"_blank\" rel=\"noopener noreferrer\">vacina\u00e7\u00e3o<\/a> de idosos com 80 anos ou mais, o vice-governador respondeu que o GDF tem feito campanhas para esclarecer todas as d\u00favidas dos cidad\u00e3os. \u201cN\u00e3o \u00e9 a popula\u00e7\u00e3o, nem a secretaria do DF que est\u00e1 perdida, \u00e9 a popula\u00e7\u00e3o do mundo. \u00c9 uma pandemia mundial, que afetou pa\u00edses de primeiro mundo\u201d, disse. \u201cA campanha est\u00e1 sendo feita dentro do que podemos gastar com publicidade\u201d, completou.<\/span><\/p>\n<p class=\"texto\"><span style=\"font-size: 14pt;\">As d\u00favidas dos brasilienses a respeito da campanha de imuniza\u00e7\u00e3o, iniciada na \u00faltima segunda-feira (1\u00ba\/2), gerou filas e aglomera\u00e7\u00f5es em muitos pontos de vacina\u00e7\u00e3o, principalmente nos primeiros dias. No mesmo dia, a Secretaria de Sa\u00fade informou que disponibilizaria pontos de atendimento drive-thru e <a href=\"https:\/\/www.correiobraziliense.com.br\/cidades-df\/2021\/02\/4904300-telecovid-deve-ser-usado-apenas-por-quem-precisa-marcar-vacinacao-em-domicilio.html\" target=\"_blank\" rel=\"noopener noreferrer\">reativaria o Telecovid, ferramenta que seria usada para o agendamento de idosos com dificuldade de locomo\u00e7\u00e3o e em tratamento home care<\/a>. No entanto, a popula\u00e7\u00e3o disse que n\u00e3o havia nenhum sistema de agendamento, apenas anota\u00e7\u00e3o de dados. \u201cVou providenciar para ser data e hora j\u00e1 pr\u00e9-agendado por um sistema de agendamento eletr\u00f4nico\u201d, prometeu Paco.<\/span><\/p>\n<p style=\"text-align: right;\"><strong><em>Fonte: Correio Braziliense<\/em> <\/strong><\/p>\n<p class=\"wpf_wrapper\"><a class=\"print_link\" href=\"\" target=\"_blank\">Preparar para impress\u00e3o<\/a><\/p><!-- .wpf_wrapper -->","protected":false},"excerpt":{"rendered":"<p>Professores est\u00e3o \u00e0 frente dos profissionais de seguran\u00e7a na de lista prioridade para receber a vacina\u00e7\u00e3o contra a covid-19 no&hellip; <\/p>\n","protected":false},"author":4,"featured_media":14752,"comment_status":"closed","ping_status":"closed","sticky":false,"template":"","format":"standard","meta":{"footnotes":""},"categories":[7],"tags":[],"class_list":["post-14751","post","type-post","status-publish","format-standard","has-post-thumbnail","hentry","category-noticias"],"jetpack_featured_media_url":"https:\/\/sindesvdf.com.br\/news\/wp-content\/uploads\/2021\/02\/correio.jpg","_links":{"self":[{"href":"https:\/\/sindesvdf.com.br\/news\/wp-json\/wp\/v2\/posts\/14751","targetHints":{"allow":["GET"]}}],"collection":[{"href":"https:\/\/sindesvdf.com.br\/news\/wp-json\/wp\/v2\/posts"}],"about":[{"href":"https:\/\/sindesvdf.com.br\/news\/wp-json\/wp\/v2\/types\/post"}],"author":[{"embeddable":true,"href":"https:\/\/sindesvdf.com.br\/news\/wp-json\/wp\/v2\/users\/4"}],"replies":[{"embeddable":true,"href":"https:\/\/sindesvdf.com.br\/news\/wp-json\/wp\/v2\/comments?post=14751"}],"version-history":[{"count":1,"href":"https:\/\/sindesvdf.com.br\/news\/wp-json\/wp\/v2\/posts\/14751\/revisions"}],"predecessor-version":[{"id":14753,"href":"https:\/\/sindesvdf.com.br\/news\/wp-json\/wp\/v2\/posts\/14751\/revisions\/14753"}],"wp:featuredmedia":[{"embeddable":true,"href":"https:\/\/sindesvdf.com.br\/news\/wp-json\/wp\/v2\/media\/14752"}],"wp:attachment":[{"href":"https:\/\/sindesvdf.com.br\/news\/wp-json\/wp\/v2\/media?parent=14751"}],"wp:term":[{"taxonomy":"category","embeddable":true,"href":"https:\/\/sindesvdf.com.br\/news\/wp-json\/wp\/v2\/categories?post=14751"},{"taxonomy":"post_tag","embeddable":true,"href":"https:\/\/sindesvdf.com.br\/news\/wp-json\/wp\/v2\/tags?post=14751"}],"curies":[{"name":"wp","href":"https:\/\/api.w.org\/{rel}","templated":true}]}}