{"id":14942,"date":"2021-03-01T09:23:58","date_gmt":"2021-03-01T12:23:58","guid":{"rendered":"https:\/\/sindesvdf.com.br\/news\/?p=14942"},"modified":"2021-03-01T09:23:58","modified_gmt":"2021-03-01T12:23:58","slug":"protecao-contra-coronavirus-mascara-transparente-ou-m85-o-produto-de-vinil-que-nao-funciona-segundo-infectologistas","status":"publish","type":"post","link":"https:\/\/sindesvdf.com.br\/news\/protecao-contra-coronavirus-mascara-transparente-ou-m85-o-produto-de-vinil-que-nao-funciona-segundo-infectologistas\/","title":{"rendered":"Prote\u00e7\u00e3o contra coronav\u00edrus: m\u00e1scara transparente ou \u00b4M85\u00b4; o produto de vinil que n\u00e3o funciona, segundo infectologistas"},"content":{"rendered":"<figure id=\"attachment_14943\" aria-describedby=\"caption-attachment-14943\" style=\"width: 700px\" class=\"wp-caption aligncenter\"><img loading=\"lazy\" decoding=\"async\" class=\"wp-image-14943 size-full\" src=\"https:\/\/sindesvdf.com.br\/news\/wp-content\/uploads\/2021\/03\/mascara-transp.jpg\" alt=\"\" width=\"700\" height=\"400\" srcset=\"https:\/\/sindesvdf.com.br\/news\/wp-content\/uploads\/2021\/03\/mascara-transp.jpg 700w, https:\/\/sindesvdf.com.br\/news\/wp-content\/uploads\/2021\/03\/mascara-transp-300x171.jpg 300w\" sizes=\"auto, (max-width: 700px) 100vw, 700px\" \/><figcaption id=\"caption-attachment-14943\" class=\"wp-caption-text\"><\/span> <span style=\"font-size: 14pt;\">Prote\u00e7\u00e3o contra coronav\u00edrus: m\u00e1scara transparente ou \u00b4M85\u00b4; o produto de vinil que n\u00e3o funciona, segundo infectologistas.<\/span> Cr\u00e9dito (foto) m\u00e1scara cristal.<\/figcaption><\/figure>\n<div class=\"bbc-1unnq9o-GridComponent e57qer20\" dir=\"ltr\">\n<p class=\"bbc-1kju7ke-Paragraph e1cc2ql70\" dir=\"ltr\"><span style=\"font-size: 14pt;\"><b>Se voc\u00ea buscar o termo M85 no Google, talvez encontre um tipo de metralhadora. Ou imagem de uma gal\u00e1xia lenticular descoberta em 1781 que tem este nome. Ou at\u00e9 o c\u00f3digo da Classifica\u00e7\u00e3o Internacional de Doen\u00e7as (CID) referente a &#8220;outros transtornos especificados da densidade e da estrutura \u00f3sseas&#8221;.<\/b><\/span><\/p>\n<\/div>\n<div class=\"bbc-1unnq9o-GridComponent e57qer20\" dir=\"ltr\">\n<p class=\"bbc-1kju7ke-Paragraph e1cc2ql70\" dir=\"ltr\"><span style=\"font-size: 14pt;\">Mas esse tamb\u00e9m \u00e9 o nome dado por vendedores brasileiros a um modelo de &#8220;m\u00e1scara&#8221; transparente feita com policarbonato. Esse tipo de produto, com pre\u00e7o em torno de R$ 25 a R$ 30, vem sendo vendido para todas as regi\u00f5es do Brasil, sob o argumento de que \u00e9 inquebr\u00e1vel, n\u00e3o atrapalha a beleza e d\u00e1 &#8220;liberdade para respirar&#8221;.<\/span><\/p>\n<\/div>\n<div class=\"bbc-1unnq9o-GridComponent e57qer20\" dir=\"ltr\">\n<p class=\"bbc-1kju7ke-Paragraph e1cc2ql70\" dir=\"ltr\"><span style=\"font-size: 14pt;\">O problema \u00e9: esse produto e similares n\u00e3o s\u00e3o eficazes para reduzir os riscos de transmiss\u00e3o do coronav\u00edrus, segundo os especialistas em infectologia e sa\u00fade coletiva ouvidos pela BBC News Brasil.<\/span><\/p>\n<\/div>\n<div class=\"bbc-1unnq9o-GridComponent e57qer20\" dir=\"ltr\">\n<p class=\"bbc-1kju7ke-Paragraph e1cc2ql70\" dir=\"ltr\"><span style=\"font-size: 14pt;\">A explica\u00e7\u00e3o, segundo eles, est\u00e1 em dois pontos: o primeiro \u00e9 que o material n\u00e3o \u00e9 capaz de filtrar o ar inspirado ou expirado. O segundo \u00e9 que n\u00e3o h\u00e1 uma boa ades\u00e3o ao rosto \u2014 caracter\u00edstica essencial para aumentar a prote\u00e7\u00e3o.<\/span><\/p>\n<p dir=\"ltr\"><span style=\"font-size: 14pt;\">Nesse produto, os espa\u00e7os grandes entre o rosto e a m\u00e1scara permitem a entrada e sa\u00edda de ar sem nenhum tipo de filtragem. Por isso, assim como os escudos protetores (<i class=\"bbc-h1y5j7 ewc4zcb0\">face shield<\/i>), esse produto n\u00e3o deveria ser usado sozinho, sem uma m\u00e1scara de fato por baixo.<\/span><\/p>\n<div class=\"bbc-1unnq9o-GridComponent e57qer20\" dir=\"ltr\">\n<p class=\"bbc-1kju7ke-Paragraph e1cc2ql70\" dir=\"ltr\"><span style=\"font-size: 14pt;\"><em>&#8220;Essa m\u00e1scara de vinil, transparente, isso n\u00e3o tem fun\u00e7\u00e3o nenhuma de m\u00e1scara, n\u00e3o tem elemento filtrante absolutamente nenhum. Isso n\u00e3o deveria nem se chamar de m\u00e1scara, e sim protetor facial. M\u00e1scaras mesmo, que temos hoje dispon\u00edveis, s\u00e3o de tecido, cir\u00fargica e PFF2 ou N95<\/em>&#8220;, diz o infectologista Antonio Bandeira, diretor da Sociedade Brasileira de Infectologia.<\/span><\/p>\n<\/div>\n<div class=\"bbc-1unnq9o-GridComponent e57qer20\" dir=\"ltr\">\n<p class=\"bbc-1kju7ke-Paragraph e1cc2ql70\" dir=\"ltr\"><span style=\"font-size: 14pt;\">Ao mesmo tempo em que \u00e9 muito claro para o infectologista que a m\u00e1scara n\u00e3o funciona no contexto da pandemia, ele conta que tem visto o produto em uso.<\/span><\/p>\n<\/div>\n<div class=\"bbc-1unnq9o-GridComponent e57qer20\" dir=\"ltr\">\n<p class=\"bbc-1kju7ke-Paragraph e1cc2ql70\" dir=\"ltr\"><span style=\"font-size: 14pt;\">&#8220;<em>Um dia desses entrou na academia em que fa\u00e7o exerc\u00edcio f\u00edsico uma pessoa com isso, eu fui l\u00e1 dizer para o dono da academia que n\u00e3o se pode permitir que algu\u00e9m fa\u00e7a atividade f\u00edsica com um neg\u00f3cio desse. \u00c9 gritante o v\u00e1cuo de informa\u00e7\u00e3o nessa \u00e1rea. Muita confus\u00e3o.<\/em>&#8220;<\/span><\/p>\n<\/div>\n<div class=\"bbc-1unnq9o-GridComponent e57qer20\" dir=\"ltr\">\n<p class=\"bbc-1kju7ke-Paragraph e1cc2ql70\" dir=\"ltr\"><span style=\"font-size: 14pt;\">A professora da Unicamp Raquel Stucchi, que \u00e9 infectologista e consultora da Sociedade Brasileira de Infectologia, tamb\u00e9m avaliou modelos de m\u00e1scaras transparentes dispon\u00edveis para venda encaminhados pela reportagem e disse que nenhum deles \u00e9 adequado.<\/span><\/p>\n<\/div>\n<div class=\"bbc-1unnq9o-GridComponent e57qer20\" dir=\"ltr\">\n<p class=\"bbc-1kju7ke-Paragraph e1cc2ql70\" dir=\"ltr\"><span style=\"font-size: 14pt;\">Ela destacou principalmente a falta de ades\u00e3o ao rosto. &#8220;<em>N\u00e3o cumpre a fun\u00e7\u00e3o que esperamos de uma m\u00e1scara para prote\u00e7\u00e3o contra a covid<\/em>.&#8221;<\/span><\/p>\n<div class=\"bbc-1unnq9o-GridComponent e57qer20\" dir=\"ltr\">\n<h2 id=\"Sil\u00eancio-dos-\u00f3rg\u00e3os-oficiais\" class=\"bbc-4qzrek-SubHeading e14hemmw0\" tabindex=\"-1\"><span style=\"font-size: 18pt;\">Sil\u00eancio dos \u00f3rg\u00e3os oficiais<\/span><\/h2>\n<\/div>\n<div class=\"bbc-1unnq9o-GridComponent e57qer20\" dir=\"ltr\">\n<p class=\"bbc-1kju7ke-Paragraph e1cc2ql70\" dir=\"ltr\"><span style=\"font-size: 14pt;\">A <a class=\"bbc-h9s9st-InlineLink e1cs6q200\" href=\"https:\/\/www.gov.br\/anvisa\/pt-br\/assuntos\/noticias-anvisa\/2020\/covid-19-tudo-sobre-mascaras-faciais-de-protecao\" aria-label=\"p\u00e1gina divulgada pelo Minist\u00e9rio da Sa\u00fade e pela Anvisa, externo\">p\u00e1gina divulgada pelo Minist\u00e9rio da Sa\u00fade e pela Anvisa<\/a> com recomenda\u00e7\u00f5es sobre uso de m\u00e1scaras n\u00e3o menciona esse tipo de material transparente entre as orienta\u00e7\u00f5es para prote\u00e7\u00e3o contra o coronav\u00edrus.<\/span><\/p>\n<\/div>\n<div class=\"bbc-1unnq9o-GridComponent e57qer20\" dir=\"ltr\">\n<p class=\"bbc-1kju7ke-Paragraph e1cc2ql70\" dir=\"ltr\"><span style=\"font-size: 14pt;\">Por isso, a BBC News Brasil procurou as assessorias de imprensa dos dois \u00f3rg\u00e3os para questionar especificamente sobre esses produtos. Nenhum deles deu orienta\u00e7\u00e3o em rela\u00e7\u00e3o ao produto.<\/span><\/p>\n<\/div>\n<div class=\"bbc-1unnq9o-GridComponent e57qer20\" dir=\"ltr\">\n<p class=\"bbc-1kju7ke-Paragraph e1cc2ql70\" dir=\"ltr\"><span style=\"font-size: 14pt;\">A Anvisa respondeu que &#8220;n\u00e3o regulamenta e n\u00e3o tem recomenda\u00e7\u00f5es sobre o uso das m\u00e1scaras de vinil ou similares&#8221;. E a assessoria do Minist\u00e9rio da Sa\u00fade respondeu que &#8220;a Anvisa deve ser procurada para falar deste tema&#8221;.<\/span><\/p>\n<\/div>\n<div class=\"bbc-1unnq9o-GridComponent e57qer20\" dir=\"ltr\">\n<p class=\"bbc-1kju7ke-Paragraph e1cc2ql70\" dir=\"ltr\"><span style=\"font-size: 14pt;\">Bandeira, da Sociedade Brasileira de Infectologia, diz que sente &#8220;grande car\u00eancia de posicionamento&#8221;.<\/span><\/p>\n<\/div>\n<div class=\"bbc-1unnq9o-GridComponent e57qer20\" dir=\"ltr\">\n<p class=\"bbc-1kju7ke-Paragraph e1cc2ql70\" dir=\"ltr\"><span style=\"font-size: 14pt;\">&#8220;Como algu\u00e9m coloca um protetor facial transparente, chama isso de m\u00e1scara, e as autoridades, como Anvisa e Minist\u00e9rio da Sa\u00fade, n\u00e3o se posicionam sobre isso, especialmente para apontar que isso n\u00e3o \u00e9 m\u00e1scara?&#8221;<\/span><\/p>\n<\/div>\n<div class=\"bbc-1unnq9o-GridComponent e57qer20\" dir=\"ltr\">\n<p class=\"bbc-1kju7ke-Paragraph e1cc2ql70\" dir=\"ltr\"><span style=\"font-size: 14pt;\">Beatriz Klimeck, antrop\u00f3loga e doutoranda em Sa\u00fade Coletiva pelo Instituto de Medicina Social da UERJ (Universidade do Estado do Rio de Janeiro), aponta que, neste cen\u00e1rio, &#8220;as marcas usam a falta de diretrizes para vender&#8221;.<\/span><\/p>\n<div class=\"bbc-1unnq9o-GridComponent e57qer20\" dir=\"ltr\">\n<p class=\"bbc-1kju7ke-Paragraph e1cc2ql70\" dir=\"ltr\"><span style=\"font-size: 18pt;\"><b>&#8216;<\/b><b>Mais bonitas<\/b><b>&#8216;<\/b><\/span><\/p>\n<\/div>\n<div class=\"bbc-1unnq9o-GridComponent e57qer20\" dir=\"ltr\">\n<p class=\"bbc-1kju7ke-Paragraph e1cc2ql70\" dir=\"ltr\"><span style=\"font-size: 14pt;\">Klimeck, que criou o perfil @qualmascara nas redes sociais para divulgar informa\u00e7\u00f5es sobre prote\u00e7\u00e3o contra a covid-19, diz que a volta \u00e0s aulas levou a um aumento na quantidade de perguntas recebidas diariamente no in\u00edcio de 2021.<\/span><\/p>\n<\/div>\n<div class=\"bbc-1unnq9o-GridComponent e57qer20\" dir=\"ltr\">\n<p class=\"bbc-1kju7ke-Paragraph e1cc2ql70\" dir=\"ltr\"><span style=\"font-size: 14pt;\">O que chamou aten\u00e7\u00e3o, segundo ela, foi o argumento das pessoas de que elas querem usar uma m\u00e1scara com a qual possam se sentir mais bonitas.<\/span><\/p>\n<\/div>\n<div class=\"bbc-1unnq9o-GridComponent e57qer20\" dir=\"ltr\">\n<p class=\"bbc-1kju7ke-Paragraph e1cc2ql70\" dir=\"ltr\"><span style=\"font-size: 14pt;\">&#8220;<em>At\u00e9 as propagandas dizem isso: voc\u00ea pode continuar linda usando a m\u00e1scara transparente. E eu n\u00e3o tenho postura de achar isso ignor\u00e2ncia. Isso faz parte de um desejo das pessoas neste momento, que vem uma medida de cima para baixo e ningu\u00e9m explica muito.<\/em>&#8220;<\/span><\/p>\n<\/div>\n<div class=\"bbc-1unnq9o-GridComponent e57qer20\" dir=\"ltr\">\n<p class=\"bbc-1kju7ke-Paragraph e1cc2ql70\" dir=\"ltr\"><span style=\"font-size: 14pt;\">O problema, ela destaca, \u00e9 a falta de informa\u00e7\u00e3o de que esses produtos, na verdade, n\u00e3o funcionam no contexto da pandemia. &#8220;\u00c9 um fluxo de informa\u00e7\u00f5es t\u00e3o grande que as pessoas n\u00e3o sabem em quem confiar.&#8221;<\/span><\/p>\n<\/div>\n<div class=\"bbc-1unnq9o-GridComponent e57qer20\" dir=\"ltr\">\n<p class=\"bbc-1kju7ke-Paragraph e1cc2ql70\" dir=\"ltr\"><span style=\"font-size: 14pt;\">&#8220;<em>S\u00e3o muitas d\u00favidas que recebemos todos os dias e essa de fato \u00e9 a mais preocupante porque ela n\u00e3o \u00e9 nem considerada uma m\u00e1scara.<\/em>&#8220;<\/span><\/p>\n<div class=\"bbc-1unnq9o-GridComponent e57qer20\" dir=\"ltr\">\n<h2 id=\"No-rosto-de-pessoas-p\u00fablicas\" class=\"bbc-4qzrek-SubHeading e14hemmw0\" tabindex=\"-1\"><span style=\"font-size: 18pt;\">No rosto de pessoas p\u00fablicas<\/span><\/h2>\n<\/div>\n<div class=\"bbc-1ufkmt5-GridComponent e57qer20\" dir=\"ltr\">\n<figure class=\"bbc-m91nxa-Figure e6bmn90\">\n<div class=\"bbc-1gx5b6l-GridComponent e57qer20\" dir=\"ltr\">\n<div class=\"bbc-1gx5b6l-GridComponent e57qer20\" dir=\"ltr\">\n<div class=\"bbc-bqg5er-GridComponent e57qer20\" dir=\"ltr\">\n<div class=\"bbc-8q39gi-ImagePlaceholder e1whu0\">\n<div class=\"lazyload-wrapper \">\n<figure style=\"width: 976px\" class=\"wp-caption alignnone\"><img loading=\"lazy\" decoding=\"async\" class=\"css-1suxhxy-StyledImg e1enwo3v0\" src=\"https:\/\/ichef.bbci.co.uk\/news\/640\/cpsprodpb\/B52E\/production\/_116928364_afe9e593-7273-4d05-bd11-78f591e31a4a.png\" alt=\"Celso Russomanno\" width=\"976\" height=\"787\" \/><figcaption class=\"wp-caption-text\"><\/span> <span style=\"font-size: 14pt;\">Celso Russomanno em campanha com m\u00e1scara que n\u00e3o funciona contra o coronav\u00edrus, segundo especialistas<\/span><\/figcaption><\/figure>\n<\/div>\n<\/div>\n<\/div>\n<div class=\"bbc-1cx6mr7-GridComponent e57qer20\" dir=\"ltr\">\n<div class=\"bbc-1unnq9o-GridComponent e57qer20\" dir=\"ltr\">\n<p class=\"bbc-1kju7ke-Paragraph e1cc2ql70\" dir=\"ltr\"><span style=\"font-size: 14pt;\">A situa\u00e7\u00e3o \u00e9 agravada pelo exemplo dado por pessoas p\u00fablicas, segundo os especialistas.<\/span><\/p>\n<\/div>\n<div class=\"bbc-1unnq9o-GridComponent e57qer20\" dir=\"ltr\">\n<p class=\"bbc-1kju7ke-Paragraph e1cc2ql70\" dir=\"ltr\"><span style=\"font-size: 14pt;\">Duas figuras que foram vistas usando diferentes m\u00e1scaras transparentes foram Celso Russomanno e Joice Hasselmann, ent\u00e3o candidatos \u00e0 prefeitura de S\u00e3o Paulo em 2020.<\/span><\/p>\n<\/div>\n<div class=\"bbc-1unnq9o-GridComponent e57qer20\" dir=\"ltr\">\n<p class=\"bbc-1kju7ke-Paragraph e1cc2ql70\" dir=\"ltr\"><span style=\"font-size: 14pt;\">Esse tipo de comportamento, diz Stucchi, deseduca e colabora para que a popula\u00e7\u00e3o fique mais confusa.<\/span><\/p>\n<\/div>\n<div class=\"bbc-1unnq9o-GridComponent e57qer20\" dir=\"ltr\">\n<p class=\"bbc-1kju7ke-Paragraph e1cc2ql70\" dir=\"ltr\"><span style=\"font-size: 14pt;\">&#8220;<em>A popula\u00e7\u00e3o est\u00e1 procurando alternativas para n\u00e3o usar m\u00e1scara, para usar algo mais confort\u00e1vel ou para poder aglomerar. A partir do momento que pessoas p\u00fablicas e autoridades fazem isso, elas passam a informa\u00e7\u00e3o para a popula\u00e7\u00e3o de que essas m\u00e1scaras protegem, sim. Isso s\u00f3 aumenta a dificuldade de controlar minimamente a pandemia<\/em>&#8220;, diz a infectologista.<\/span><\/p>\n<\/div>\n<div class=\"bbc-1unnq9o-GridComponent e57qer20\" dir=\"ltr\">\n<p class=\"bbc-1kju7ke-Paragraph e1cc2ql70\" dir=\"ltr\"><span style=\"font-size: 14pt;\">Klimeck diz que \u00e9 poss\u00edvel perceber diariamente a influ\u00eancia do comportamento de pessoas famosas, como atores e atrizes, no p\u00fablico em geral. &#8220;<em>Um dia sai uma pessoa na TV com a m\u00e1scara e no dia seguinte a gente recebe perguntas sobre ela.&#8221;<\/em><\/span><\/p>\n<div class=\"e1j2237y4 bbc-ypnkrp-GridComponent e57qer20\" dir=\"ltr\"><main role=\"main\"><\/p>\n<div class=\"bbc-1unnq9o-GridComponent e57qer20\" dir=\"ltr\">\n<h2 id=\"M85-tem-alguma-coisa-a-ver-com-a-N95\" class=\"bbc-4qzrek-SubHeading e14hemmw0\" tabindex=\"-1\"><span style=\"font-size: 18pt;\">M85 tem alguma coisa a ver com a N95?<\/span><\/h2>\n<\/div>\n<div class=\"bbc-1unnq9o-GridComponent e57qer20\" dir=\"ltr\">\n<p class=\"bbc-1kju7ke-Paragraph e1cc2ql70\" dir=\"ltr\"><span style=\"font-size: 14pt;\">O escudo facial que usa o nome M85 n\u00e3o tem nada a ver com a N95, que \u00e9 uma m\u00e1scara profissional.<\/span><\/p>\n<\/div>\n<div class=\"bbc-1unnq9o-GridComponent e57qer20\" dir=\"ltr\">\n<p class=\"bbc-1kju7ke-Paragraph e1cc2ql70\" dir=\"ltr\"><span style=\"font-size: 14pt;\">A N95, assim como a PFF2 (nomenclatura no Brasil), segue padr\u00f5es estabelecidos por normas t\u00e9cnicas para garantir um n\u00edvel alto de prote\u00e7\u00e3o. \u00c9 por isso que \u00e9 poss\u00edvel saber a capacidade de filtragem dela: a N95 filtra pelo menos 95% das part\u00edculas de 0,3 m\u00edcron de di\u00e2metro, as mais dif\u00edceis de se capturar.<\/span><\/p>\n<\/div>\n<div class=\"bbc-1ufkmt5-GridComponent e57qer20\" dir=\"ltr\">\n<figure class=\"bbc-m91nxa-Figure e6bmn90\">\n<div class=\"bbc-1gx5b6l-GridComponent e57qer20\" dir=\"ltr\">\n<div class=\"bbc-1gx5b6l-GridComponent e57qer20\" dir=\"ltr\">\n<div class=\"bbc-bqg5er-GridComponent e57qer20\" dir=\"ltr\">\n<div class=\"bbc-8q39gi-ImagePlaceholder e1whu0\">\n<div class=\"lazyload-wrapper \">\n<figure style=\"width: 976px\" class=\"wp-caption alignnone\"><img loading=\"lazy\" decoding=\"async\" class=\"css-1suxhxy-StyledImg e1enwo3v0\" src=\"https:\/\/ichef.bbci.co.uk\/news\/640\/cpsprodpb\/A57D\/production\/_116656324_gettyimages-1213384589.jpg\" alt=\"retrato de homem usando m\u00e1scara de prote\u00e7\u00e3o (PFF2 ou N95) contra o coronav\u00edrus\" width=\"976\" height=\"787\" \/><figcaption class=\"wp-caption-text\">M\u00e1scaras como a PFF2 (foto) e N95 t\u00eam melhor ades\u00e3o ao rosto do que m\u00e1scaras de tecido. Cr\u00e9dito (foto): Getty Images<\/figcaption><\/figure>\n<\/div>\n<\/div>\n<\/div>\n<\/div>\n<\/div><figcaption class=\"bbc-1mhipbm-Caption eede9f50\" dir=\"ltr\"><\/figcaption><div class=\"bbc-1gx5b6l-GridComponent e57qer20\" dir=\"ltr\">\n<div class=\"bbc-1cx6mr7-GridComponent e57qer20\" dir=\"ltr\"><\/div>\n<\/div>\n<\/figure>\n<\/div>\n<div class=\"bbc-1unnq9o-GridComponent e57qer20\" dir=\"ltr\">\n<p class=\"bbc-1kju7ke-Paragraph e1cc2ql70\" dir=\"ltr\"><span style=\"font-size: 14pt;\">Diferente desses produtos transparentes, a N95 \u00e9 altamente eficaz exatamente pela alta capacidade de ades\u00e3o ao rosto e pelo material do filtro.<\/span><\/p>\n<\/div>\n<div class=\"bbc-1unnq9o-GridComponent e57qer20\" dir=\"ltr\">\n<p class=\"bbc-1kju7ke-Paragraph e1cc2ql70\" dir=\"ltr\"><span style=\"font-size: 14pt;\">A veda\u00e7\u00e3o faz com que todo o ar inspirado e expirado passe pelo filtro, que \u00e9 composto por v\u00e1rias camadas que fazem filtragem mec\u00e2nica (part\u00edculas colidem e ficam presas nas fibras) e eletrost\u00e1tica (part\u00edculas s\u00e3o atra\u00eddas por fibras com carga el\u00e9trica).<\/span><\/p>\n<\/div>\n<div class=\"bbc-1unnq9o-GridComponent e57qer20\" dir=\"ltr\">\n<p class=\"bbc-1kju7ke-Paragraph e1cc2ql70\" dir=\"ltr\"><span style=\"font-size: 14pt;\">Especialistas apontam que o nome M85 acaba confundindo os consumidores, por se aproximar \u00e0 nomenclatura da m\u00e1scara de alta prote\u00e7\u00e3o N95, cujo nome se popularizou durante a pandemia.<\/span><\/p>\n<\/div>\n<div class=\"bbc-1unnq9o-GridComponent e57qer20\" dir=\"ltr\">\n<p class=\"bbc-1kju7ke-Paragraph e1cc2ql70\" dir=\"ltr\"><span style=\"font-size: 14pt;\">&#8220;<em>Do ponto de vista de utiliza\u00e7\u00e3o em \u00e1rea de sa\u00fade, elas n\u00e3o existem (M85). Acho que eles fizeram propositadamente para parecer que \u00e9 algo t\u00e9cnico<\/em>&#8220;, diz Stucchi.<\/span><\/p>\n<\/div>\n<div class=\"bbc-1unnq9o-GridComponent e57qer20\" dir=\"ltr\">\n<p class=\"bbc-1kju7ke-Paragraph e1cc2ql70\" dir=\"ltr\"><span style=\"font-size: 14pt;\">Klimeck afirma que \u00e9 a <em>&#8220;forma mais escrachada de tentar fazer associa\u00e7\u00e3o com a N95&#8221;<\/em>.<\/span><\/p>\n<\/div>\n<div class=\"ek1plzs1 bbc-1goh42y-GridComponent e57qer20\" dir=\"ltr\">\n<figure class=\"bbc-m91nxa-Figure e6bmn90\">\n<div class=\"bbc-pkuujf-GridComponent e57qer20\" dir=\"ltr\">\n<div class=\"bbc-n8siit-GridComponent e57qer20\" dir=\"ltr\">\n<div class=\"bbc-117h3lr-ImagePlaceholder e1whu0\">\n<div class=\"lazyload-wrapper \"><span style=\"font-size: 14pt;\"><img decoding=\"async\" class=\"css-1suxhxy-StyledImg e1enwo3v0\" src=\"https:\/\/ichef.bbci.co.uk\/news\/640\/cpsprodpb\/1320C\/production\/_116684387_facemask_comparacion-nc.png\" srcset=\"https:\/\/ichef.bbci.co.uk\/news\/240\/cpsprodpb\/1320C\/production\/_116684387_facemask_comparacion-nc.png 240w, https:\/\/ichef.bbci.co.uk\/news\/320\/cpsprodpb\/1320C\/production\/_116684387_facemask_comparacion-nc.png 320w, https:\/\/ichef.bbci.co.uk\/news\/480\/cpsprodpb\/1320C\/production\/_116684387_facemask_comparacion-nc.png 480w, https:\/\/ichef.bbci.co.uk\/news\/624\/cpsprodpb\/1320C\/production\/_116684387_facemask_comparacion-nc.png 624w, https:\/\/ichef.bbci.co.uk\/news\/640\/cpsprodpb\/1320C\/production\/_116684387_facemask_comparacion-nc.png 640w\" alt=\"infografico\" width=\"640\" \/><\/span><\/div>\n<\/div>\n<\/div>\n<\/div>\n<\/figure>\n<\/div>\n<div class=\"bbc-1unnq9o-GridComponent e57qer20\" dir=\"ltr\">\n<h2 id=\"O-que-dizem-os-respons\u00e1veis\" class=\"bbc-4qzrek-SubHeading e14hemmw0\" tabindex=\"-1\"><span style=\"font-size: 18pt;\">O que dizem os respons\u00e1veis<\/span><\/h2>\n<\/div>\n<div class=\"bbc-1unnq9o-GridComponent e57qer20\" dir=\"ltr\">\n<p class=\"bbc-1kju7ke-Paragraph e1cc2ql70\" dir=\"ltr\"><span style=\"font-size: 14pt;\">Ana Paula Louren\u00e7o, respons\u00e1vel pelas vendas por meio do site M\u00e1scara Cristal, disse \u00e0 BBC News Brasil que o nome foi uma ideia do namorado dela, que produz as m\u00e1scaras.<\/span><\/p>\n<\/div>\n<div class=\"bbc-1unnq9o-GridComponent e57qer20\" dir=\"ltr\">\n<p class=\"bbc-1kju7ke-Paragraph e1cc2ql70\" dir=\"ltr\"><span style=\"font-size: 14pt;\">&#8220;<em>O M \u00e9 de m\u00e1scara e 85 \u00e9 de 85%, porque veda 85%, e 15% \u00e9 aberta. N\u00e3o \u00e9 pra copiar N95, nunca foi.&#8221;<\/em><\/span><\/p>\n<\/div>\n<div class=\"bbc-1unnq9o-GridComponent e57qer20\" dir=\"ltr\">\n<p class=\"bbc-1kju7ke-Paragraph e1cc2ql70\" dir=\"ltr\"><span style=\"font-size: 14pt;\">Ela conta que a ideia de desenvolver o produto veio do namorado, que j\u00e1 trabalhava com produ\u00e7\u00e3o de capacetes, e pediu ajuda dela, que estava com o trabalho na \u00e1rea de decora\u00e7\u00e3o afetado pela pandemia.<\/span><\/p>\n<\/div>\n<div class=\"bbc-1unnq9o-GridComponent e57qer20\" dir=\"ltr\">\n<p class=\"bbc-1kju7ke-Paragraph e1cc2ql70\" dir=\"ltr\"><span style=\"font-size: 14pt;\">&#8220;<em>Come\u00e7amos a pesquisar o que seria mais legal naquele momento, para que as pessoas pudessem se sentir felizes e n\u00e3o com o pano no rosto. Em maio, a gente j\u00e1 tava com o produto na m\u00e3o.<\/em>&#8220;<\/span><\/p>\n<\/div>\n<div class=\"bbc-1unnq9o-GridComponent e57qer20\" dir=\"ltr\">\n<p class=\"bbc-1kju7ke-Paragraph e1cc2ql70\" dir=\"ltr\"><span style=\"font-size: 14pt;\">Desde ent\u00e3o, o neg\u00f3cio cresceu. <em>&#8220;A gente vende do norte at\u00e9 Uruguaiana, na divisa com Uruguai.&#8221;<\/em><\/span><\/p>\n<\/div>\n<div class=\"bbc-1unnq9o-GridComponent e57qer20\" dir=\"ltr\">\n<p class=\"bbc-1kju7ke-Paragraph e1cc2ql70\" dir=\"ltr\"><span style=\"font-size: 14pt;\">A reportagem tamb\u00e9m entrou em contato com Bruna Fernanda Carvalho, administradora das vendas do site M\u00e1scara Vinil Cristal, que contou trabalhar junto com Ana Paula. <em>&#8220;Somos dois casais propriet\u00e1rios.&#8221;<\/em><\/span><\/p>\n<\/div>\n<div class=\"bbc-1unnq9o-GridComponent e57qer20\" dir=\"ltr\">\n<p class=\"bbc-1kju7ke-Paragraph e1cc2ql70\" dir=\"ltr\"><span style=\"font-size: 14pt;\">Ela diz que h\u00e1 em torno de 130 revendedores do produto no Brasil.<\/span><\/p>\n<\/div>\n<div class=\"bbc-1unnq9o-GridComponent e57qer20\" dir=\"ltr\">\n<p class=\"bbc-1kju7ke-Paragraph e1cc2ql70\" dir=\"ltr\"><span style=\"font-size: 14pt;\">Ambas relatam que procuraram a Anvisa no in\u00edcio do neg\u00f3cio para tirar d\u00favidas sobre certifica\u00e7\u00e3o. <em>&#8220;A Anvisa me informou que s\u00f3 precisa certificar l\u00e1 se for pra vender pra uso profissional, como m\u00e9dicos e enfermeiros. Eu disse que n\u00e3o era meu foco&#8221;,<\/em> disse Louren\u00e7o.<\/span><\/p>\n<\/div>\n<div class=\"bbc-1unnq9o-GridComponent e57qer20\" dir=\"ltr\">\n<p class=\"bbc-1kju7ke-Paragraph e1cc2ql70\" dir=\"ltr\"><span style=\"font-size: 14pt;\">Carvalho diz que gostaria houvesse orienta\u00e7\u00e3o e regulamenta\u00e7\u00e3o (&#8220;tanto que procuramos a Anvisa&#8221;) e Louren\u00e7o diz que isso seria burocr\u00e1tico. <em>&#8220;Todo mundo teria que aprovar, \u00e9 burocr\u00e1tico. E como neste momento todo mundo precisa usar, \u00e9 mais que certo que as pessoas possam fazer a m\u00e1scara em casa.&#8221;<\/em><\/span><\/p>\n<\/div>\n<div class=\"bbc-1unnq9o-GridComponent e57qer20\" dir=\"ltr\">\n<p class=\"bbc-1kju7ke-Paragraph e1cc2ql70\" dir=\"ltr\"><span style=\"font-size: 14pt;\">Questionada sobre a avalia\u00e7\u00e3o de infectologistas de que o produto vendido n\u00e3o funciona contra a covid-19, Louren\u00e7o disse que levou o produto<em> &#8220;em alguns m\u00e9dicos que validaram a m\u00e1scara&#8221;.<\/em><\/span><\/p>\n<\/div>\n<div class=\"bbc-1unnq9o-GridComponent e57qer20\" dir=\"ltr\">\n<p class=\"bbc-1kju7ke-Paragraph e1cc2ql70\" dir=\"ltr\"><em><span style=\"font-size: 14pt;\">&#8220;\u00c0s vezes vejo m\u00e9dicos que eu nem conhe\u00e7o usando a minha m\u00e1scara. Quando vejo m\u00e9dico usando, fico muito feliz porque eles est\u00e3o validando.&#8221;<\/span><\/em><\/p>\n<\/div>\n<div class=\"ek1plzs1 bbc-1goh42y-GridComponent e57qer20\" dir=\"ltr\">\n<figure class=\"bbc-m91nxa-Figure e6bmn90\">\n<div class=\"bbc-pkuujf-GridComponent e57qer20\" dir=\"ltr\">\n<div class=\"bbc-n8siit-GridComponent e57qer20\" dir=\"ltr\">\n<div class=\"bbc-14s4drp-ImagePlaceholder e1whu0\">\n<div class=\"lazyload-wrapper \"><span style=\"font-size: 14pt;\"><img decoding=\"async\" class=\"css-1suxhxy-StyledImg e1enwo3v0\" src=\"https:\/\/ichef.bbci.co.uk\/news\/640\/cpsprodpb\/13E86\/production\/_116124518_airborne_transmission_portuguese_640-nc.png\" srcset=\"https:\/\/ichef.bbci.co.uk\/news\/240\/cpsprodpb\/13E86\/production\/_116124518_airborne_transmission_portuguese_640-nc.png 240w, https:\/\/ichef.bbci.co.uk\/news\/320\/cpsprodpb\/13E86\/production\/_116124518_airborne_transmission_portuguese_640-nc.png 320w, https:\/\/ichef.bbci.co.uk\/news\/480\/cpsprodpb\/13E86\/production\/_116124518_airborne_transmission_portuguese_640-nc.png 480w, https:\/\/ichef.bbci.co.uk\/news\/624\/cpsprodpb\/13E86\/production\/_116124518_airborne_transmission_portuguese_640-nc.png 624w, https:\/\/ichef.bbci.co.uk\/news\/640\/cpsprodpb\/13E86\/production\/_116124518_airborne_transmission_portuguese_640-nc.png 640w\" alt=\"Gr\u00e1fico de transmiss\u00e3o do v\u00edrus por got\u00edculas ou aeross\u00f3is\" width=\"640\" \/><\/span><\/div>\n<\/div>\n<\/div>\n<\/div>\n<\/figure>\n<\/div>\n<div class=\"bbc-1unnq9o-GridComponent e57qer20\" dir=\"ltr\">\n<p class=\"bbc-1kju7ke-Paragraph e1cc2ql70\" dir=\"ltr\"><span style=\"font-size: 14pt;\">Carvalho admitiu que o produto n\u00e3o protege contra a covid, sob o argumento de que nenhuma m\u00e1scara protege. A reportagem perguntou por que, ent\u00e3o, os consumidores compram o produto na pandemia.<\/span><\/p>\n<\/div>\n<div class=\"bbc-1unnq9o-GridComponent e57qer20\" dir=\"ltr\">\n<p class=\"bbc-1kju7ke-Paragraph e1cc2ql70\" dir=\"ltr\"><span style=\"font-size: 14pt;\"><em>&#8220;Porque \u00e9 uma imposi\u00e7\u00e3o da sociedade (usar m\u00e1scara). Voc\u00ea pode entrar num mercado sem m\u00e1scara? Ent\u00e3o a pessoa usa uma m\u00e1scara na qual vai se sentir melhor&#8221;<\/em>, respondeu.<\/span><\/p>\n<\/div>\n<div class=\"bbc-1unnq9o-GridComponent e57qer20\" dir=\"ltr\">\n<p class=\"bbc-1kju7ke-Paragraph e1cc2ql70\" dir=\"ltr\"><span style=\"font-size: 14pt;\">N\u00e3o \u00e9 correto afirmar que as m\u00e1scaras recomendadas pelos \u00f3rg\u00e3os de sa\u00fade n\u00e3o protejam contra o coronav\u00edrus, segundo cientistas e pesquisas. Eles apontam que o n\u00edvel de prote\u00e7\u00e3o varia, com os respiradores N95 e PFF2 com maiores n\u00edveis de filtragem, e refor\u00e7am que as m\u00e1scaras devem ser combinadas a outras medidas de prote\u00e7\u00e3o, como distanciamento e prefer\u00eancia por locais abertos.<\/span><\/p>\n<\/div>\n<div class=\"bbc-1unnq9o-GridComponent e57qer20\" dir=\"ltr\">\n<p class=\"bbc-1kju7ke-Paragraph e1cc2ql70\" dir=\"ltr\"><span style=\"font-size: 14pt;\">Se por um lado os vendedores argumentam que a m\u00e1scara n\u00e3o precisa de certifica\u00e7\u00e3o da Anvisa porque n\u00e3o \u00e9 para uso profissional, ao mesmo tempo dizem que boa parte das vendas \u00e9 para fonoaudi\u00f3logos.<\/span><\/p>\n<\/div>\n<div class=\"bbc-1unnq9o-GridComponent e57qer20\" dir=\"ltr\">\n<p class=\"bbc-1kju7ke-Paragraph e1cc2ql70\" dir=\"ltr\"><span style=\"font-size: 14pt;\">A BBC News Brasil procurou o Conselho Federal de Fonoaudiologia. A presidente da Comiss\u00e3o de Sa\u00fade do conselho, Andr\u00e9a Lopes, disse que o uso de m\u00e1scara cir\u00fargica ou respirador N95 \u00e9 obrigat\u00f3rio no atendimento.<\/span><\/p>\n<\/div>\n<div class=\"bbc-1unnq9o-GridComponent e57qer20\" dir=\"ltr\">\n<p class=\"bbc-1kju7ke-Paragraph e1cc2ql70\" dir=\"ltr\"><span style=\"font-size: 14pt;\"><em>&#8220;O conselho recomendou, por meio do manual de biosseguran\u00e7a e duas resolu\u00e7\u00f5es, que o uso da m\u00e1scara cir\u00fargica ou respirador N95 \u00e9 obrigat\u00f3rio no atendimento dos pacientes, porque \u00e9 nossa \u00fanica forma de prote\u00e7\u00e3o, do profissional e do paciente&#8221;,<\/em> disse.<\/span><\/p>\n<\/div>\n<div class=\"bbc-1unnq9o-GridComponent e57qer20\" dir=\"ltr\">\n<p class=\"bbc-1kju7ke-Paragraph e1cc2ql70\" dir=\"ltr\"><em><span style=\"font-size: 14pt;\">&#8220;Em casos excepcionais, na necessidade de mostrar algum padr\u00e3o para o paciente seguir, o profissional vai usar um face shield, manter o distanciamento e dar o modelo sem a m\u00e1scara.&#8221;<\/span><\/em><\/p>\n<\/div>\n<div class=\"bbc-1unnq9o-GridComponent e57qer20\" dir=\"ltr\">\n<h2 id=\"M\u00e1scaras-mais-potentes\" class=\"bbc-4qzrek-SubHeading e14hemmw0\" tabindex=\"-1\"><span style=\"font-size: 18pt;\">M\u00e1scaras mais potentes<\/span><\/h2>\n<\/div>\n<div class=\"bbc-1unnq9o-GridComponent e57qer20\" dir=\"ltr\">\n<p class=\"bbc-1kju7ke-Paragraph e1cc2ql70\" dir=\"ltr\"><span style=\"font-size: 14pt;\">Com o avan\u00e7o de novas variantes do coronav\u00edrus, alguns pa\u00edses europeus passaram a exigir o uso de m\u00e1scaras cir\u00fargicas ou de padr\u00e3o equivalente \u00e0 PFF2 e N95.<\/span><\/p>\n<\/div>\n<div class=\"bbc-1unnq9o-GridComponent e57qer20\" dir=\"ltr\">\n<div class=\"bbc-12snd3g e1lxseq90\" data-e2e=\"youtube-embed-https:\/\/www.youtube.com\/watch?v=JIQjCWedrRQ&amp;t\">\n<div class=\"lazyload-wrapper \">\n<div class=\"css-a2xa0g-Wrapper ewhrggl2\">\n<p class=\"bbc-1kju7ke-Paragraph e1cc2ql70\" dir=\"ltr\"><span style=\"font-size: 14pt;\">Embora as orienta\u00e7\u00f5es variem de pa\u00eds para pa\u00eds, cientistas e estudos apontam que as m\u00e1scaras N95, PFF2 ou equivalente oferecem um grau maior de prote\u00e7\u00e3o do que as cir\u00fargicas ou de tecido e devem ser priorizadas em situa\u00e7\u00f5es de maior risco. <a class=\"bbc-h9s9st-InlineLink e1cs6q200\" href=\"https:\/\/www.bbc.com\/portuguese\/geral-55794988\"> Veja aqui<\/a> a explica\u00e7\u00e3o sobre o funcionamento dessas m\u00e1scaras, al\u00e9m de dicas sobre como reutiliz\u00e1-las em ambientes n\u00e3o hospitalares.<\/span><\/p>\n<\/div>\n<\/div>\n<\/div>\n<\/div>\n<div class=\"bbc-1unnq9o-GridComponent e57qer20\" dir=\"ltr\">\n<p class=\"bbc-1kju7ke-Paragraph e1cc2ql70\" dir=\"ltr\"><span style=\"font-size: 14pt;\">No Brasil, a Anvisa mant\u00e9m a indica\u00e7\u00e3o de m\u00e1scaras de tecido, limpas e secas, para a popula\u00e7\u00e3o em geral, enquanto as m\u00e1scaras cir\u00fargicas e as N95, PFF2 e equivalentes devem ser usadas pelos profissionais que atendem pacientes com covid-19 nos servi\u00e7os de sa\u00fade.<\/span><\/p>\n<\/div>\n<div class=\"bbc-1unnq9o-GridComponent e57qer20\" dir=\"ltr\">\n<p class=\"bbc-1kju7ke-Paragraph e1cc2ql70\" dir=\"ltr\"><span style=\"font-size: 14pt;\">A OMS mant\u00e9m a recomenda\u00e7\u00e3o de uso de m\u00e1scaras de tecido para o p\u00fablico em geral.<\/span><\/p>\n<\/div>\n<div class=\"bbc-1unnq9o-GridComponent e57qer20\" dir=\"ltr\">\n<p class=\"bbc-1kju7ke-Paragraph e1cc2ql70\" dir=\"ltr\"><span style=\"font-size: 14pt;\">De forma geral, as entidades nacionais e internacionais pedem que as m\u00e1scaras tenham duas ou tr\u00eas camadas e cubram bem o rosto, desde a parte superior do nariz at\u00e9 o queixo. Elas devem ser feitas com algod\u00e3o ou poli\u00e9ster, com uma trama de tecido mais densa.<\/span><\/p>\n<\/div>\n<div class=\"bbc-1unnq9o-GridComponent e57qer20\" dir=\"ltr\">\n<p class=\"bbc-1kju7ke-Paragraph e1cc2ql70\" dir=\"ltr\"><span style=\"font-size: 14pt;\">Um <a class=\"bbc-h9s9st-InlineLink e1cs6q200\" href=\"https:\/\/advances.sciencemag.org\/content\/6\/36\/eabd3083\" aria-label=\" estudo divulgado na Science Advances, externo\"> estudo divulgado na Science Advances<\/a> em 2020 testou mais de 10 tipos de m\u00e1scara e apontou que a N95 apresentou maior grau de prote\u00e7\u00e3o. Depois dela, vers\u00f5es de m\u00e1scaras cir\u00fargica e de algod\u00e3o tiveram bom desempenho. Nos piores resultados, ficaram as bandanas e as golas de corredores usadas como m\u00e1scara.<\/span><\/p>\n<\/div>\n<div class=\"bbc-1unnq9o-GridComponent e57qer20\" dir=\"ltr\">\n<p class=\"bbc-1kju7ke-Paragraph e1cc2ql70\" dir=\"ltr\"><span style=\"font-size: 14pt;\">Esses testes s\u00e3o importantes, mas t\u00eam limita\u00e7\u00f5es. Especialistas dizem que \u00e9 importante lembrar que se trata de um exerc\u00edcio em um ambiente controlado (e n\u00e3o na &#8220;vida real&#8221;) e que as m\u00e1scaras t\u00eam diferentes n\u00edveis de prote\u00e7\u00e3o, dependendo do tecido e ades\u00e3o.<\/span><\/p>\n<\/div>\n<div class=\"bbc-1unnq9o-GridComponent e57qer20\" dir=\"ltr\">\n<p class=\"bbc-1kju7ke-Paragraph e1cc2ql70\" dir=\"ltr\"><span style=\"font-size: 14pt;\">A busca por formas de aumentar a ades\u00e3o das m\u00e1scaras ao rosto vem crescendo. Uma forma de fazer isso pode ser usar uma m\u00e1scara cir\u00fargica com uma de tecido por cima, segundo estudo divulgado pelo Centro de Controle e Preven\u00e7\u00e3o de Doen\u00e7as (CDC), \u00f3rg\u00e3o de sa\u00fade dos Estados Unidos. A l\u00f3gica \u00e9 que, se a m\u00e1scara (ou as m\u00e1scaras) est\u00e3o bem ajustadas ao rosto, isso impede que o ar entre ou saia pelas laterais sem passar por filtragem.<\/span><\/p>\n<\/div>\n<div class=\"bbc-1unnq9o-GridComponent e57qer20\" dir=\"ltr\">\n<p class=\"bbc-1kju7ke-Paragraph e1cc2ql70\" dir=\"ltr\"><span style=\"font-size: 14pt;\">Bandeira diz que tem orientado as pessoas a usarem os tr\u00eas tipos de m\u00e1scaras, analisando as condi\u00e7\u00f5es da ocasi\u00e3o em rela\u00e7\u00e3o \u00e0 proximidade com outras pessoas e tempos de exposi\u00e7\u00e3o.<\/span><\/p>\n<\/div>\n<div class=\"bbc-1unnq9o-GridComponent e57qer20\" dir=\"ltr\">\n<p class=\"bbc-1kju7ke-Paragraph e1cc2ql70\" dir=\"ltr\"><span style=\"font-size: 14pt;\">O infectologista diz que as de tecido devem ser usadas em locais mais abertos, em que a boa ventila\u00e7\u00e3o reduz riscos.<\/span><\/p>\n<\/div>\n<div class=\"bbc-1unnq9o-GridComponent e57qer20\" dir=\"ltr\">\n<p class=\"bbc-1kju7ke-Paragraph e1cc2ql70\" dir=\"ltr\"><span style=\"font-size: 14pt;\">Para ambientes fechados, como um trabalho em escrit\u00f3rio, ele recomenda a cir\u00fargica. Mas, se esse trabalho envolve reuni\u00f5es mais longas, com mais pessoas, em locais fechados, recomenda a N95 ou PFF2.<\/span><\/p>\n<\/div>\n<div class=\"bbc-1unnq9o-GridComponent e57qer20\" dir=\"ltr\">\n<p class=\"bbc-1kju7ke-Paragraph e1cc2ql70\" dir=\"ltr\"><span style=\"font-size: 14pt;\">Ele tamb\u00e9m recomenda os respiradores no transporte p\u00fablico, especialmente em viagens mais demoradas e \u00f4nibus mais lotados.<\/span><\/p>\n<\/div>\n<div class=\"bbc-1unnq9o-GridComponent e57qer20\" dir=\"ltr\">\n<p class=\"bbc-1kju7ke-Paragraph e1cc2ql70\" dir=\"ltr\"><span style=\"font-size: 14pt;\">\u00c9 importante sempre procurar modelos sem v\u00e1lvulas. Elas n\u00e3o s\u00e3o bem-vindas no contexto da pandemia, j\u00e1 que permitem sa\u00edda de ar sem filtragem.<\/span><\/p>\n<\/div>\n<div class=\"bbc-1unnq9o-GridComponent e57qer20\" dir=\"ltr\">\n<p class=\"bbc-1kju7ke-Paragraph e1cc2ql70\" dir=\"ltr\"><span style=\"font-size: 14pt;\">&#8220;<em>Mesmo tendo iniciado a vacina\u00e7\u00e3o no pa\u00eds, ainda vamos precisar n\u00e3o fomentar aglomera\u00e7\u00e3o, manter distanciamento, higienizar as m\u00e3os e usar m\u00e1scara correta e da forma correta durante todo este ano, no m\u00ednimo&#8221;<\/em>, diz Raquel Stucchi.<\/span><\/p>\n<\/div>\n<div class=\"bbc-1ufkmt5-GridComponent e57qer20\" dir=\"ltr\">\n<div class=\"lazyload-placeholder\" style=\"text-align: right;\"><strong><em>Fonte: BBC Brasil<\/em><\/strong><\/div>\n<\/div>\n<div>\n<div class=\"e1j2237y6 bbc-1amf61q-GridComponent e57qer20\" dir=\"ltr\">\n<div class=\"bbc-um5zo-Container e1c9i7u14\"><\/div>\n<\/div>\n<div class=\"bbc-1ufkmt5-GridComponent e57qer20\" dir=\"ltr\">\n<figure class=\"bbc-m91nxa-Figure e6bmn90\">\n<div class=\"bbc-1gx5b6l-GridComponent e57qer20\" dir=\"ltr\">\n<div class=\"bbc-1cx6mr7-GridComponent e57qer20\" dir=\"ltr\"><\/div>\n<\/div>\n<\/figure>\n<\/div>\n<\/div>\n<p><\/main><\/div>\n<\/div>\n<\/div>\n<\/div>\n<\/div>\n<\/figure>\n<\/div>\n<\/div>\n<\/div>\n<\/div>\n<\/div>\n<p class=\"wpf_wrapper\"><a class=\"print_link\" href=\"\" target=\"_blank\">Preparar para impress\u00e3o<\/a><\/p><!-- .wpf_wrapper -->","protected":false},"excerpt":{"rendered":"<p>Se voc\u00ea buscar o termo M85 no Google, talvez encontre um tipo de metralhadora. Ou imagem de uma gal\u00e1xia lenticular&hellip; <\/p>\n","protected":false},"author":4,"featured_media":14943,"comment_status":"closed","ping_status":"closed","sticky":false,"template":"","format":"standard","meta":{"footnotes":""},"categories":[7],"tags":[],"class_list":["post-14942","post","type-post","status-publish","format-standard","has-post-thumbnail","hentry","category-noticias"],"jetpack_featured_media_url":"https:\/\/sindesvdf.com.br\/news\/wp-content\/uploads\/2021\/03\/mascara-transp.jpg","_links":{"self":[{"href":"https:\/\/sindesvdf.com.br\/news\/wp-json\/wp\/v2\/posts\/14942","targetHints":{"allow":["GET"]}}],"collection":[{"href":"https:\/\/sindesvdf.com.br\/news\/wp-json\/wp\/v2\/posts"}],"about":[{"href":"https:\/\/sindesvdf.com.br\/news\/wp-json\/wp\/v2\/types\/post"}],"author":[{"embeddable":true,"href":"https:\/\/sindesvdf.com.br\/news\/wp-json\/wp\/v2\/users\/4"}],"replies":[{"embeddable":true,"href":"https:\/\/sindesvdf.com.br\/news\/wp-json\/wp\/v2\/comments?post=14942"}],"version-history":[{"count":7,"href":"https:\/\/sindesvdf.com.br\/news\/wp-json\/wp\/v2\/posts\/14942\/revisions"}],"predecessor-version":[{"id":14950,"href":"https:\/\/sindesvdf.com.br\/news\/wp-json\/wp\/v2\/posts\/14942\/revisions\/14950"}],"wp:featuredmedia":[{"embeddable":true,"href":"https:\/\/sindesvdf.com.br\/news\/wp-json\/wp\/v2\/media\/14943"}],"wp:attachment":[{"href":"https:\/\/sindesvdf.com.br\/news\/wp-json\/wp\/v2\/media?parent=14942"}],"wp:term":[{"taxonomy":"category","embeddable":true,"href":"https:\/\/sindesvdf.com.br\/news\/wp-json\/wp\/v2\/categories?post=14942"},{"taxonomy":"post_tag","embeddable":true,"href":"https:\/\/sindesvdf.com.br\/news\/wp-json\/wp\/v2\/tags?post=14942"}],"curies":[{"name":"wp","href":"https:\/\/api.w.org\/{rel}","templated":true}]}}