{"id":14963,"date":"2021-03-02T14:28:41","date_gmt":"2021-03-02T17:28:41","guid":{"rendered":"https:\/\/sindesvdf.com.br\/news\/?p=14963"},"modified":"2021-03-02T14:55:56","modified_gmt":"2021-03-02T17:55:56","slug":"stj-publica-acordao-admitindo-a-aposentadoria-especial-do-vigilante","status":"publish","type":"post","link":"https:\/\/sindesvdf.com.br\/news\/stj-publica-acordao-admitindo-a-aposentadoria-especial-do-vigilante\/","title":{"rendered":"STJ publica Acord\u00e3o admitindo a aposentadoria especial do vigilante"},"content":{"rendered":"<p><img loading=\"lazy\" decoding=\"async\" class=\"aligncenter size-full wp-image-14964\" src=\"https:\/\/sindesvdf.com.br\/news\/wp-content\/uploads\/2021\/03\/acordao.jpg\" alt=\"\" width=\"700\" height=\"400\" srcset=\"https:\/\/sindesvdf.com.br\/news\/wp-content\/uploads\/2021\/03\/acordao.jpg 700w, https:\/\/sindesvdf.com.br\/news\/wp-content\/uploads\/2021\/03\/acordao-300x171.jpg 300w\" sizes=\"auto, (max-width: 700px) 100vw, 700px\" \/><\/p>\n<p><span style=\"font-size: 14pt;\">Nesta ter\u00e7a-feira, 02 de mar\u00e7o de 2021, foi publicado o Ac\u00f3rd\u00e3o referente ao julgamento do tema 1.031 de relatoria do Ministro Napolea\u0303o Nunes Maia Filho da Primeira se\u00e7\u00e3o do Superior Tribunal de Justi\u00e7a (STJ), em que reconhece a possibilidade da atividade especial na fun\u00e7\u00e3o de vigilante, desde que, comprovada por qualquer meio de prova a exposi\u00e7\u00e3o do trabalhador a\u0300 atividade nociva, ou risco \u00e0 integridade f\u00edsica, independente do uso ou n\u00e3o de arma de fogo, ap\u00f3s a data de 05\/03\/1997, Decreto 2.172\/97. <\/span><\/p>\n<p><span style=\"font-size: 14pt;\">As comprova\u00e7\u00f5es por qualquer meio de prova s\u00e3o: <strong>PPP<\/strong> \u2013 Perfil Profissiogr\u00e1fico Previdenci\u00e1rio; <strong>declara\u00e7\u00e3o de carta de empresa falida<\/strong> emitida pelo Sindicato dos Vigilantes e <strong>LTCAT<\/strong> \u2013 laudo t\u00e9cnico de condi\u00e7\u00f5es de ambiente de trabalho. <\/span><\/p>\n<p><span style=\"font-size: 14pt;\">\u00c9 importante informar aos vigilantes que ap\u00f3s o julgamento do tema 1.031, os \u00f3rg\u00e3os do poder judici\u00e1rio dever\u00e3o seguir o entendimento do STJ, e os processos judiciais continuar\u00e3o a ter prosseguimento e ser\u00e3o julgados. <\/span><\/p>\n<p><span style=\"font-size: 14pt;\">Esta decis\u00e3o abre um precedente para o reconhecimento do tempo especial pelo risco \u00e0 integridade f\u00edsica, mesmo tendo sido retirado da reforma da previd\u00eancia, referente aos per\u00edodos trabalhados em atividade especial na fun\u00e7\u00e3o de vigilante ap\u00f3s a EC (Emenda Constitucional) n\u00ba 103\/2019.<\/span><\/p>\n<p><span style=\"font-size: 14pt;\">Este Ac\u00f3rd\u00e3o \u00e9 o resultado de uma grande luta da Confedera\u00e7\u00e3o Nacional dos Vigilantes e seus sindicatos filiados de todo o Brasil, dentre eles o SINDESV-DF, garantindo uma grande vit\u00f3ria para toda a categoria.<\/span><\/p>\n<p><em><strong><span style=\"font-size: 14pt;\">Confira o ac\u00f3rd\u00e3o na \u00edntegra:<\/span> <\/strong><\/em><a href=\"https:\/\/sindesvdf.com.br\/news\/wp-content\/uploads\/2021\/03\/ACORDAO-STJ-VIGILANTES.pdf\">AC\u00d3RD\u00c3O STJ VIGILANTES<\/a><\/p>\n<p class=\"wpf_wrapper\"><a class=\"print_link\" href=\"\" target=\"_blank\">Preparar para impress\u00e3o<\/a><\/p><!-- .wpf_wrapper -->","protected":false},"excerpt":{"rendered":"<p>Nesta ter\u00e7a-feira, 02 de mar\u00e7o de 2021, foi publicado o Ac\u00f3rd\u00e3o referente ao julgamento do tema 1.031 de relatoria do&hellip; <\/p>\n","protected":false},"author":4,"featured_media":14964,"comment_status":"closed","ping_status":"closed","sticky":false,"template":"","format":"standard","meta":{"footnotes":""},"categories":[7,101],"tags":[],"class_list":["post-14963","post","type-post","status-publish","format-standard","has-post-thumbnail","hentry","category-noticias","category-olho-vivo"],"jetpack_featured_media_url":"https:\/\/sindesvdf.com.br\/news\/wp-content\/uploads\/2021\/03\/acordao.jpg","_links":{"self":[{"href":"https:\/\/sindesvdf.com.br\/news\/wp-json\/wp\/v2\/posts\/14963","targetHints":{"allow":["GET"]}}],"collection":[{"href":"https:\/\/sindesvdf.com.br\/news\/wp-json\/wp\/v2\/posts"}],"about":[{"href":"https:\/\/sindesvdf.com.br\/news\/wp-json\/wp\/v2\/types\/post"}],"author":[{"embeddable":true,"href":"https:\/\/sindesvdf.com.br\/news\/wp-json\/wp\/v2\/users\/4"}],"replies":[{"embeddable":true,"href":"https:\/\/sindesvdf.com.br\/news\/wp-json\/wp\/v2\/comments?post=14963"}],"version-history":[{"count":3,"href":"https:\/\/sindesvdf.com.br\/news\/wp-json\/wp\/v2\/posts\/14963\/revisions"}],"predecessor-version":[{"id":14968,"href":"https:\/\/sindesvdf.com.br\/news\/wp-json\/wp\/v2\/posts\/14963\/revisions\/14968"}],"wp:featuredmedia":[{"embeddable":true,"href":"https:\/\/sindesvdf.com.br\/news\/wp-json\/wp\/v2\/media\/14964"}],"wp:attachment":[{"href":"https:\/\/sindesvdf.com.br\/news\/wp-json\/wp\/v2\/media?parent=14963"}],"wp:term":[{"taxonomy":"category","embeddable":true,"href":"https:\/\/sindesvdf.com.br\/news\/wp-json\/wp\/v2\/categories?post=14963"},{"taxonomy":"post_tag","embeddable":true,"href":"https:\/\/sindesvdf.com.br\/news\/wp-json\/wp\/v2\/tags?post=14963"}],"curies":[{"name":"wp","href":"https:\/\/api.w.org\/{rel}","templated":true}]}}