{"id":14983,"date":"2021-03-08T15:06:37","date_gmt":"2021-03-08T18:06:37","guid":{"rendered":"https:\/\/sindesvdf.com.br\/news\/?p=14983"},"modified":"2021-03-08T15:06:37","modified_gmt":"2021-03-08T18:06:37","slug":"atencao-vigilantes-da-visan-que-prestam-servico-no-hospital-de-base","status":"publish","type":"post","link":"https:\/\/sindesvdf.com.br\/news\/atencao-vigilantes-da-visan-que-prestam-servico-no-hospital-de-base\/","title":{"rendered":"Aten\u00e7\u00e3o Vigilantes da Visan que prestam servi\u00e7o no Hospital de Base"},"content":{"rendered":"<p style=\"text-align: center;\"><strong><span style=\"font-size: 14pt;\"> Se o pagamento n\u00e3o sair hoje, 08\/03\/2021, vamos paralisar as atividades a partir de ter\u00e7a-feira, 09\/03\/2021<\/span><\/strong><\/p>\n<p><img loading=\"lazy\" decoding=\"async\" class=\"aligncenter size-full wp-image-14985\" src=\"https:\/\/sindesvdf.com.br\/news\/wp-content\/uploads\/2021\/03\/VISAN_GREVE.jpg\" alt=\"\" width=\"700\" height=\"400\" srcset=\"https:\/\/sindesvdf.com.br\/news\/wp-content\/uploads\/2021\/03\/VISAN_GREVE.jpg 700w, https:\/\/sindesvdf.com.br\/news\/wp-content\/uploads\/2021\/03\/VISAN_GREVE-300x171.jpg 300w\" sizes=\"auto, (max-width: 700px) 100vw, 700px\" \/><\/p>\n<p>&nbsp;<\/p>\n<p><span style=\"font-size: 14pt;\">J\u00e1 passamos do quinto dia \u00fatil do m\u00eas e at\u00e9 a presente data, os vigilantes da empresa Visan, que prestam servi\u00e7o no Hospital de Base, no contrato do IGES, n\u00e3o receberam seus sal\u00e1rios. Mais uma situa\u00e7\u00e3o humilhante a que esses profissionais s\u00e3o submetidos, pois ficam com a renda comprometida, sem condi\u00e7\u00f5es at\u00e9 de levar o sustento para suas fam\u00edlias.<\/span><br \/>\n<span style=\"font-size: 14pt;\">\u00c9 inadmiss\u00edvel esta situa\u00e7\u00e3o. Por isso, vamos paralisar as atividades e s\u00f3 voltar ao trabalho com os sal\u00e1rios pagos.<\/span><\/p>\n<p style=\"text-align: left;\">\n<strong><span style=\"font-size: 14pt;\">CONCENTRA\u00c7\u00c3O VIGILANTES QUE PRESTAM SERVI\u00c7O NO HOSPITAL DE BASE PELA <em>EMPRESA VISAN<\/em><br \/>\n<\/span><\/strong><br \/>\n<strong><span style=\"font-size: 14pt;\">DIA: 09\/03\/2021 \u2013 TER\u00c7A-FEIRA, \u00c0S 07H EM FRENTE AO HOSPITAL DE BASE<\/span><\/strong><\/p>\n<p class=\"wpf_wrapper\"><a class=\"print_link\" href=\"\" target=\"_blank\">Preparar para impress\u00e3o<\/a><\/p><!-- .wpf_wrapper -->","protected":false},"excerpt":{"rendered":"<p>Se o pagamento n\u00e3o sair hoje, 08\/03\/2021, vamos paralisar as atividades a partir de ter\u00e7a-feira, 09\/03\/2021 &nbsp; J\u00e1 passamos do&hellip; <\/p>\n","protected":false},"author":4,"featured_media":14985,"comment_status":"closed","ping_status":"closed","sticky":false,"template":"","format":"standard","meta":{"footnotes":""},"categories":[7,101],"tags":[],"class_list":["post-14983","post","type-post","status-publish","format-standard","has-post-thumbnail","hentry","category-noticias","category-olho-vivo"],"jetpack_featured_media_url":"https:\/\/sindesvdf.com.br\/news\/wp-content\/uploads\/2021\/03\/VISAN_GREVE.jpg","_links":{"self":[{"href":"https:\/\/sindesvdf.com.br\/news\/wp-json\/wp\/v2\/posts\/14983","targetHints":{"allow":["GET"]}}],"collection":[{"href":"https:\/\/sindesvdf.com.br\/news\/wp-json\/wp\/v2\/posts"}],"about":[{"href":"https:\/\/sindesvdf.com.br\/news\/wp-json\/wp\/v2\/types\/post"}],"author":[{"embeddable":true,"href":"https:\/\/sindesvdf.com.br\/news\/wp-json\/wp\/v2\/users\/4"}],"replies":[{"embeddable":true,"href":"https:\/\/sindesvdf.com.br\/news\/wp-json\/wp\/v2\/comments?post=14983"}],"version-history":[{"count":5,"href":"https:\/\/sindesvdf.com.br\/news\/wp-json\/wp\/v2\/posts\/14983\/revisions"}],"predecessor-version":[{"id":14990,"href":"https:\/\/sindesvdf.com.br\/news\/wp-json\/wp\/v2\/posts\/14983\/revisions\/14990"}],"wp:featuredmedia":[{"embeddable":true,"href":"https:\/\/sindesvdf.com.br\/news\/wp-json\/wp\/v2\/media\/14985"}],"wp:attachment":[{"href":"https:\/\/sindesvdf.com.br\/news\/wp-json\/wp\/v2\/media?parent=14983"}],"wp:term":[{"taxonomy":"category","embeddable":true,"href":"https:\/\/sindesvdf.com.br\/news\/wp-json\/wp\/v2\/categories?post=14983"},{"taxonomy":"post_tag","embeddable":true,"href":"https:\/\/sindesvdf.com.br\/news\/wp-json\/wp\/v2\/tags?post=14983"}],"curies":[{"name":"wp","href":"https:\/\/api.w.org\/{rel}","templated":true}]}}