{"id":15014,"date":"2021-03-23T11:10:08","date_gmt":"2021-03-23T14:10:08","guid":{"rendered":"https:\/\/sindesvdf.com.br\/news\/?p=15014"},"modified":"2021-03-23T11:10:08","modified_gmt":"2021-03-23T14:10:08","slug":"calendario-de-saques-do-fgts-2021-ja-esta-disponivel","status":"publish","type":"post","link":"https:\/\/sindesvdf.com.br\/news\/calendario-de-saques-do-fgts-2021-ja-esta-disponivel\/","title":{"rendered":"Calend\u00e1rio de saques do FGTS 2021 j\u00e1 est\u00e1 dispon\u00edvel"},"content":{"rendered":"<p><img loading=\"lazy\" decoding=\"async\" class=\"aligncenter size-full wp-image-15015\" src=\"https:\/\/sindesvdf.com.br\/news\/wp-content\/uploads\/2021\/03\/FGTS_saque.jpg\" alt=\"\" width=\"700\" height=\"400\" srcset=\"https:\/\/sindesvdf.com.br\/news\/wp-content\/uploads\/2021\/03\/FGTS_saque.jpg 700w, https:\/\/sindesvdf.com.br\/news\/wp-content\/uploads\/2021\/03\/FGTS_saque-300x171.jpg 300w\" sizes=\"auto, (max-width: 700px) 100vw, 700px\" \/><\/p>\n<p><span style=\"font-size: 14pt;\">O calend\u00e1rio de saques do Fundo de Garantia do Tempo de Servi\u00e7o (FGTS) j\u00e1 est\u00e1 dispon\u00edvel para consulta. O calend\u00e1rio est\u00e1 dispon\u00edvel para a modalidade saque-anivers\u00e1rio e ser\u00e1 destinado a 9,7 milh\u00f5es de trabalhadores que aderiram ao programa.<\/span><\/p>\n<p><span style=\"font-size: 14pt;\">Vale lembrar que os benefici\u00e1rios do FGTS pela op\u00e7\u00e3o do saque-anivers\u00e1rio que possuam conta social digital da Caixa, poder\u00e3o receber seus saldos por meio do aplicativo Caixa Tem.<\/span><\/p>\n<p><strong><span style=\"font-size: 14pt;\">Calend\u00e1rio de recebimento<\/span><\/strong><\/p>\n<p><span style=\"font-size: 14pt;\">Confira \u00e0s datas liberadas para o resgate do saque anivers\u00e1rio<\/span><\/p>\n<p><img loading=\"lazy\" decoding=\"async\" class=\"aligncenter size-full wp-image-15016\" src=\"https:\/\/sindesvdf.com.br\/news\/wp-content\/uploads\/2021\/03\/calendario.jpg\" alt=\"\" width=\"718\" height=\"365\" srcset=\"https:\/\/sindesvdf.com.br\/news\/wp-content\/uploads\/2021\/03\/calendario.jpg 718w, https:\/\/sindesvdf.com.br\/news\/wp-content\/uploads\/2021\/03\/calendario-300x153.jpg 300w\" sizes=\"auto, (max-width: 718px) 100vw, 718px\" \/><\/p>\n<h2>Quem tem direito ao saque-anivers\u00e1rio?<\/h2>\n<p><span style=\"font-size: 14pt;\">O saque-anivers\u00e1rio permite que os trabalhadores possam resgatar todos os anos uma parte do saldo do Fundo de Garantia no m\u00eas do seu anivers\u00e1rio. A modalidade n\u00e3o \u00e9 obrigat\u00f3ria e o interessado precisa solicitar o interesse no saque.<\/span><\/p>\n<p><span style=\"font-size: 14pt;\">\u00c9 poss\u00edvel ainda tamb\u00e9m voltar atr\u00e1s e cancelar o pedido do saque-anivers\u00e1rio. Por\u00e9m isso n\u00e3o \u00e9 recomendado: se fizer isso, ficar\u00e1 dois anos impedido de sacar o FGTS pago pelo seu empregador.<\/span><\/p>\n<p data-fetch=\"true\"><span style=\"font-size: 14pt;\">Quando o cidad\u00e3o faz saques anuais, os pagamentos para quem for demitido ir\u00e3o ficar suspensos. O ac\u00famulo do saldo total do FGTS compromete quem pretende solicitar o financiamento de im\u00f3vel.<\/span><\/p>\n<p><span style=\"font-size: 14pt;\">Veja a seguir os valores dispon\u00edveis para resgate no saque anivers\u00e1rio, conforme o saldo em que voc\u00ea tenha dispon\u00edvel:<\/span><\/p>\n<p><img loading=\"lazy\" decoding=\"async\" class=\"aligncenter size-full wp-image-15017\" src=\"https:\/\/sindesvdf.com.br\/news\/wp-content\/uploads\/2021\/03\/calendario_valores.jpg\" alt=\"\" width=\"718\" height=\"196\" srcset=\"https:\/\/sindesvdf.com.br\/news\/wp-content\/uploads\/2021\/03\/calendario_valores.jpg 718w, https:\/\/sindesvdf.com.br\/news\/wp-content\/uploads\/2021\/03\/calendario_valores-300x82.jpg 300w\" sizes=\"auto, (max-width: 718px) 100vw, 718px\" \/><\/p>\n<p style=\"text-align: right;\"><em><strong>Fonte: Jornal Cont\u00e1bil<\/strong><\/em><\/p>\n<h1 class=\"entry-title\"><\/h1>\n<p class=\"wpf_wrapper\"><a class=\"print_link\" href=\"\" target=\"_blank\">Preparar para impress\u00e3o<\/a><\/p><!-- .wpf_wrapper -->","protected":false},"excerpt":{"rendered":"<p>O calend\u00e1rio de saques do Fundo de Garantia do Tempo de Servi\u00e7o (FGTS) j\u00e1 est\u00e1 dispon\u00edvel para consulta. O calend\u00e1rio&hellip; <\/p>\n","protected":false},"author":4,"featured_media":15015,"comment_status":"closed","ping_status":"closed","sticky":false,"template":"","format":"standard","meta":{"footnotes":""},"categories":[7],"tags":[],"class_list":["post-15014","post","type-post","status-publish","format-standard","has-post-thumbnail","hentry","category-noticias"],"jetpack_featured_media_url":"https:\/\/sindesvdf.com.br\/news\/wp-content\/uploads\/2021\/03\/FGTS_saque.jpg","_links":{"self":[{"href":"https:\/\/sindesvdf.com.br\/news\/wp-json\/wp\/v2\/posts\/15014","targetHints":{"allow":["GET"]}}],"collection":[{"href":"https:\/\/sindesvdf.com.br\/news\/wp-json\/wp\/v2\/posts"}],"about":[{"href":"https:\/\/sindesvdf.com.br\/news\/wp-json\/wp\/v2\/types\/post"}],"author":[{"embeddable":true,"href":"https:\/\/sindesvdf.com.br\/news\/wp-json\/wp\/v2\/users\/4"}],"replies":[{"embeddable":true,"href":"https:\/\/sindesvdf.com.br\/news\/wp-json\/wp\/v2\/comments?post=15014"}],"version-history":[{"count":1,"href":"https:\/\/sindesvdf.com.br\/news\/wp-json\/wp\/v2\/posts\/15014\/revisions"}],"predecessor-version":[{"id":15018,"href":"https:\/\/sindesvdf.com.br\/news\/wp-json\/wp\/v2\/posts\/15014\/revisions\/15018"}],"wp:featuredmedia":[{"embeddable":true,"href":"https:\/\/sindesvdf.com.br\/news\/wp-json\/wp\/v2\/media\/15015"}],"wp:attachment":[{"href":"https:\/\/sindesvdf.com.br\/news\/wp-json\/wp\/v2\/media?parent=15014"}],"wp:term":[{"taxonomy":"category","embeddable":true,"href":"https:\/\/sindesvdf.com.br\/news\/wp-json\/wp\/v2\/categories?post=15014"},{"taxonomy":"post_tag","embeddable":true,"href":"https:\/\/sindesvdf.com.br\/news\/wp-json\/wp\/v2\/tags?post=15014"}],"curies":[{"name":"wp","href":"https:\/\/api.w.org\/{rel}","templated":true}]}}