{"id":15061,"date":"2021-04-05T11:18:53","date_gmt":"2021-04-05T14:18:53","guid":{"rendered":"https:\/\/sindesvdf.com.br\/news\/?p=15061"},"modified":"2021-04-05T13:37:55","modified_gmt":"2021-04-05T16:37:55","slug":"o-antes-e-depois-da-luta-do-sindicato-dos-vigilantes-por-melhores-condicoes-de-trabalho","status":"publish","type":"post","link":"https:\/\/sindesvdf.com.br\/news\/o-antes-e-depois-da-luta-do-sindicato-dos-vigilantes-por-melhores-condicoes-de-trabalho\/","title":{"rendered":"O antes e depois da luta do Sindicato dos Vigilantes por melhores condi\u00e7\u00f5es de trabalho"},"content":{"rendered":"<p><img loading=\"lazy\" decoding=\"async\" class=\"aligncenter size-full wp-image-15062\" src=\"https:\/\/sindesvdf.com.br\/news\/wp-content\/uploads\/2021\/04\/antesedepois.jpg\" alt=\"\" width=\"700\" height=\"400\" srcset=\"https:\/\/sindesvdf.com.br\/news\/wp-content\/uploads\/2021\/04\/antesedepois.jpg 700w, https:\/\/sindesvdf.com.br\/news\/wp-content\/uploads\/2021\/04\/antesedepois-300x171.jpg 300w\" sizes=\"auto, (max-width: 700px) 100vw, 700px\" \/><\/p>\n<p><span style=\"font-size: 14pt;\">O SINDESV-DF constatou que uma guarita no estacionamento do Hospital de Base do Distrito Federal estava totalmente em desacordo com as condi\u00e7\u00f5es de trabalho que defendemos, em p\u00e9ssimas condi\u00e7\u00f5es e o vigilante trabalhando sob o sol ou chuva j\u00e1 que dentro da guarita a situa\u00e7\u00e3o n\u00e3o era salutar para o trabalhador permanecer no local. Diante disso, no dia 30 de mar\u00e7o, a dire\u00e7\u00e3o do Sindicato dos Vigilantes, atrav\u00e9s dos diretores Gilmar Rodrigues, Josenir, Luiz Valmir e Rog\u00e9rio Silva, se reuniram com representantes do IGES \u2013 Instituto de Gest\u00e3o Estrat\u00e9gica de Sa\u00fade do Distrito Federal para tratar dessa quest\u00e3o e pedir solu\u00e7\u00e3o o mais r\u00e1pido poss\u00edvel.<\/span><\/p>\n<p><span style=\"font-size: 14pt;\">Os diretores do SINDESV-DF foram recebidos pelos senhores Deivson de Oliveira, Analista de Seguran\u00e7a Institucional III, Se\u00e7\u00e3o de Seguran\u00e7a Patrimonial e Daniel Rabelo, Analista de Seguran\u00e7a Institucional III, Se\u00e7\u00e3o de Seguran\u00e7a Eletr\u00f4nica que se prontificaram em resolver o problema imediatamente e ainda se colocando \u00e0 disposi\u00e7\u00e3o do Sindicato para outras demandas que surgirem.<\/span><\/p>\n<p><span style=\"font-size: 14pt;\">A dire\u00e7\u00e3o do Sindicato agradece o empenho desses representantes do IGES, pois voltamos ao local alguns dias depois e eles j\u00e1 haviam providenciado uma nova guarita e com cobertura contra as intemp\u00e9ries.<\/span><\/p>\n<figure id=\"attachment_15063\" aria-describedby=\"caption-attachment-15063\" style=\"width: 1024px\" class=\"wp-caption aligncenter\"><img loading=\"lazy\" decoding=\"async\" class=\"wp-image-15063 size-large\" src=\"https:\/\/sindesvdf.com.br\/news\/wp-content\/uploads\/2021\/04\/diretoria-1024x768.jpg\" alt=\"\" width=\"1024\" height=\"768\" srcset=\"https:\/\/sindesvdf.com.br\/news\/wp-content\/uploads\/2021\/04\/diretoria-1024x768.jpg 1024w, https:\/\/sindesvdf.com.br\/news\/wp-content\/uploads\/2021\/04\/diretoria-300x225.jpg 300w, https:\/\/sindesvdf.com.br\/news\/wp-content\/uploads\/2021\/04\/diretoria-768x576.jpg 768w, https:\/\/sindesvdf.com.br\/news\/wp-content\/uploads\/2021\/04\/diretoria.jpg 1280w\" sizes=\"auto, (max-width: 1024px) 100vw, 1024px\" \/><figcaption id=\"caption-attachment-15063\" class=\"wp-caption-text\">Diretores do SINDESV-DF Gilmar Rodrigues, Josenir, Luiz Valmir e Rog\u00e9rio Silva com representantes do IGES-DF<\/figcaption><\/figure>\n<p class=\"wpf_wrapper\"><a class=\"print_link\" href=\"\" target=\"_blank\">Preparar para impress\u00e3o<\/a><\/p><!-- .wpf_wrapper -->","protected":false},"excerpt":{"rendered":"<p>O SINDESV-DF constatou que uma guarita no estacionamento do Hospital de Base do Distrito Federal estava totalmente em desacordo com&hellip; <\/p>\n","protected":false},"author":4,"featured_media":15062,"comment_status":"closed","ping_status":"closed","sticky":false,"template":"","format":"standard","meta":{"footnotes":""},"categories":[101],"tags":[],"class_list":["post-15061","post","type-post","status-publish","format-standard","has-post-thumbnail","hentry","category-olho-vivo"],"jetpack_featured_media_url":"https:\/\/sindesvdf.com.br\/news\/wp-content\/uploads\/2021\/04\/antesedepois.jpg","_links":{"self":[{"href":"https:\/\/sindesvdf.com.br\/news\/wp-json\/wp\/v2\/posts\/15061","targetHints":{"allow":["GET"]}}],"collection":[{"href":"https:\/\/sindesvdf.com.br\/news\/wp-json\/wp\/v2\/posts"}],"about":[{"href":"https:\/\/sindesvdf.com.br\/news\/wp-json\/wp\/v2\/types\/post"}],"author":[{"embeddable":true,"href":"https:\/\/sindesvdf.com.br\/news\/wp-json\/wp\/v2\/users\/4"}],"replies":[{"embeddable":true,"href":"https:\/\/sindesvdf.com.br\/news\/wp-json\/wp\/v2\/comments?post=15061"}],"version-history":[{"count":2,"href":"https:\/\/sindesvdf.com.br\/news\/wp-json\/wp\/v2\/posts\/15061\/revisions"}],"predecessor-version":[{"id":15065,"href":"https:\/\/sindesvdf.com.br\/news\/wp-json\/wp\/v2\/posts\/15061\/revisions\/15065"}],"wp:featuredmedia":[{"embeddable":true,"href":"https:\/\/sindesvdf.com.br\/news\/wp-json\/wp\/v2\/media\/15062"}],"wp:attachment":[{"href":"https:\/\/sindesvdf.com.br\/news\/wp-json\/wp\/v2\/media?parent=15061"}],"wp:term":[{"taxonomy":"category","embeddable":true,"href":"https:\/\/sindesvdf.com.br\/news\/wp-json\/wp\/v2\/categories?post=15061"},{"taxonomy":"post_tag","embeddable":true,"href":"https:\/\/sindesvdf.com.br\/news\/wp-json\/wp\/v2\/tags?post=15061"}],"curies":[{"name":"wp","href":"https:\/\/api.w.org\/{rel}","templated":true}]}}