{"id":15077,"date":"2021-04-13T10:23:50","date_gmt":"2021-04-13T13:23:50","guid":{"rendered":"https:\/\/sindesvdf.com.br\/news\/?p=15077"},"modified":"2021-04-13T10:23:50","modified_gmt":"2021-04-13T13:23:50","slug":"ir-2021-receita-federal-adia-para-31-de-maio-prazo-para-envio-da-declaracao","status":"publish","type":"post","link":"https:\/\/sindesvdf.com.br\/news\/ir-2021-receita-federal-adia-para-31-de-maio-prazo-para-envio-da-declaracao\/","title":{"rendered":"IR 2021: Receita Federal adia para 31 de maio prazo para envio da declara\u00e7\u00e3o"},"content":{"rendered":"<figure id=\"attachment_15078\" aria-describedby=\"caption-attachment-15078\" style=\"width: 700px\" class=\"wp-caption aligncenter\"><img loading=\"lazy\" decoding=\"async\" class=\"size-full wp-image-15078\" src=\"https:\/\/sindesvdf.com.br\/news\/wp-content\/uploads\/2021\/04\/Leao.jpg\" alt=\"\" width=\"700\" height=\"400\" srcset=\"https:\/\/sindesvdf.com.br\/news\/wp-content\/uploads\/2021\/04\/Leao.jpg 700w, https:\/\/sindesvdf.com.br\/news\/wp-content\/uploads\/2021\/04\/Leao-300x171.jpg 300w\" sizes=\"auto, (max-width: 700px) 100vw, 700px\" \/><figcaption id=\"caption-attachment-15078\" class=\"wp-caption-text\">Prazo anterior se encerrava no dia 30 de abril. Segundo o \u00f3rg\u00e3o, decis\u00e3o foi tomada para suavizar as dificuldades impostas pela pandemia do Coronav\u00edrus (Covid-19).<\/figcaption><\/figure>\n<p><span style=\"font-size: 14pt;\">A Secretaria da <a href=\"https:\/\/g1.globo.com\/tudo-sobre\/receita-federal\/\">Receita Federal <\/a>informou nesta segunda-feira (12) que foi alterado o prazo final de entrega da Declara\u00e7\u00e3o de Imposto de Renda das Pessoas F\u00edsica (IRPF) de 2021, referente ao ano calend\u00e1rio 2020, do dia 30 de abril para o dia 31 de maio de 2021. A mudan\u00e7a foi implementada por meio da instru\u00e7\u00e3o normativa 2.020, publicada no &#8220;Di\u00e1rio Oficial da Uni\u00e3o&#8221; desta segunda-feira (12).<\/span><\/p>\n<p data-track-category=\"Link no Texto\" data-track-links=\"\"><span style=\"font-size: 14pt;\">Na semana passada, o Senado Federal aprovou um <a href=\"https:\/\/g1.globo.com\/politica\/noticia\/2021\/04\/06\/senado-aprova-projeto-que-prorroga-ate-julho-prazo-de-entrega-do-imposto-de-renda-2021.ghtml\">projeto que prorroga o prazo de entrega at\u00e9 31 de julho deste ano<\/a>. O texto j\u00e1 foi aprovado pela C\u00e2mara, mas, por ter sido modificado, precisa ser novamente analisado pelos deputados. Caso seja aprovado, a proposta seguir\u00e1 para san\u00e7\u00e3o do presidente <a href=\"https:\/\/g1.globo.com\/politica\/politico\/jair-bolsonaro\/\">Jair Bolsonaro<\/a>.<\/span><\/p>\n<p><span style=\"font-size: 14pt;\">De acordo com a Receita Federal, <strong>tamb\u00e9m foram prorrogados para 31 de maio de 2021 os prazos de entrega da Declara\u00e7\u00e3o Final de Esp\u00f3lio e da Declara\u00e7\u00e3o de Sa\u00edda Definitiva do Pa\u00eds<\/strong>, assim como o vencimento do pagamento do imposto relativo \u00e0s declara\u00e7\u00f5es.<\/span><\/p>\n<p data-track-category=\"Link no Texto\" data-track-links=\"\"><span style=\"font-size: 14pt;\">Segundo o \u00f3rg\u00e3o, a extens\u00e3o dos prazos de entrega aconteceu para suavizar as dificuldades impostas pela pandemia do Coronav\u00edrus (Covid-19).<\/span><\/p>\n<p data-track-category=\"Link no Texto\" data-track-links=\"\"><span style=\"font-size: 14pt;\">&#8220;A medida visa proteger a sociedade, evitando que sejam formadas aglomera\u00e7\u00f5es nas unidades de atendimento e demais estabelecimentos procurados pelos cidad\u00e3os para obter documentos ou ajuda profissional. Assim, a Receita Federal contribui com os esfor\u00e7os do Governo Federal na manuten\u00e7\u00e3o do distanciamento social e diminui\u00e7\u00e3o da propaga\u00e7\u00e3o da doen\u00e7a&#8221;, informou.<\/span><\/p>\n<p data-track-category=\"Link no Texto\" data-track-links=\"\"><span style=\"font-size: 14pt;\">Em 2020, tamb\u00e9m por conta da pandemia do novo coronav\u00edrus, o prazo de entrega da declara\u00e7\u00e3o do Imposto de Renda foi postergado, <a href=\"https:\/\/g1.globo.com\/economia\/noticia\/2020\/04\/01\/receita-adia-para-30-de-junho-prazo-de-entrega-do-imposto-de-renda.ghtml\">mas para o dia 30 de junho<\/a><a href=\"https:\/\/admin.backstage.globoi.com\/apps\/multi-content\/g1\/multi-content\/edit\/83d58ad4-0590-4675-b757-4cf929cd1a3c\/\">.<\/a><\/span><\/p>\n<p data-track-category=\"Link no Texto\" data-track-links=\"\"><span style=\"font-size: 14pt;\">A Receita Federal tamb\u00e9m informou que <strong>o <\/strong><a href=\"https:\/\/g1.globo.com\/economia\/imposto-de-renda\/2021\/noticia\/2021\/02\/25\/ir-2021-veja-o-calendario-de-restituicao.ghtml\"><strong>cronograma de restitui\u00e7\u00e3o do Imposto de Renda foi mantido.<\/strong><\/a> Deste modo, o primeiro lote ser\u00e1 pago no dia 31 de maio, e o \u00faltimo em 30 de setembro.<\/span><\/p>\n<h2><span style=\"font-size: 14pt;\">Pagamento das cotas do IR<\/span><\/h2>\n<p data-track-category=\"Link no Texto\" data-track-links=\"\"><span style=\"font-size: 14pt;\">De acordo com a Receita Federal, o vencimento das cotas do Imposto de Renda tamb\u00e9m foi alterado. Para quem tem imposto a pagar, a primeira cota, ou a cota \u00fanica do IR, que antes venceria em abril, poder\u00e1 ser paga at\u00e9 o dia 10 de maio.<\/span><\/p>\n<p data-track-category=\"Link no Texto\" data-track-links=\"\"><span style=\"font-size: 14pt;\">Por conta disso, o \u00f3rg\u00e3o informou que o cidad\u00e3o que quiser pagar o imposto devido via d\u00e9bito autom\u00e1tico dever\u00e1 fazer a solicita\u00e7\u00e3o at\u00e9 10 de maio.<\/span><\/p>\n<p data-track-category=\"Link no Texto\" data-track-links=\"\"><span style=\"font-size: 14pt;\">&#8220;Quem enviar a declara\u00e7\u00e3o ap\u00f3s esta data dever\u00e1 pagar a 1\u00aa cota por meio de DARF, gerado pelo pr\u00f3prio programa, sem preju\u00edzo do d\u00e9bito autom\u00e1tico das demais cotas&#8221;, informou o \u00f3rg\u00e3o.<\/span><\/p>\n<p><span style=\"font-size: 14pt;\">No caso das demais cotas, segundo o Fisco, tamb\u00e9m houve mudan\u00e7a. A segunda cota, que deveria ser paga at\u00e9 o fim de maio, teve prazo prorrogado at\u00e9 o \u00faltimo dia \u00fatil de junho. A terceira, que venceria no fim de junho, passou para o final de julho, e as demais para o fechamento dos meses subsequentes. Assim, a oitava cota, que antes venceria no fim de novembro, passou para o \u00faltimo dia \u00fatil de dezembro.<\/span><\/p>\n<p data-track-category=\"Link no Texto\" data-track-links=\"\"><span style=\"font-size: 14pt;\">As cotas do IR s\u00e3o acrescidas da taxa Selic e de mais 1% sobre o valor da cota. O \u00f3rg\u00e3o lembra que nenhuma cota deve ser inferior a R$ 50,00, e que o imposto de valor inferior a R$ 100 deve ser pago em cota \u00fanica.<\/span><\/p>\n<p data-track-category=\"Link no Texto\" data-track-links=\"\"><span style=\"font-size: 14pt;\">Para aqueles que n\u00e3o optarem pelo d\u00e9bito autom\u00e1tico, o \u00f3rg\u00e3o informou que o os DARFs de todas as cotas poder\u00e3o ser emitidos pelo programa ou pelo Extrato da Declara\u00e7\u00e3o, dispon\u00edvel no Centro Virtual de Atendimento (e-CAC), acessado por meio do site da Receita Federal.<\/span><\/p>\n<h2><span style=\"font-size: 14pt;\">Declara\u00e7\u00f5es entregues<\/span><\/h2>\n<p data-track-category=\"Link no Texto\" data-track-links=\"\"><span style=\"font-size: 14pt;\">A Receita Federal recebeu at\u00e9 as 16h da \u00faltima sexta-feira (9), 11.952.904 declara\u00e7\u00f5es do Imposto de Renda da Pessoa F\u00edsica (IRPF) 2021, ano-base 2020, o equivalente a cerca de 36% das 32,6 milh\u00f5es de documentos esperados este ano.<\/span><\/p>\n<p data-track-category=\"Link no Texto\" data-track-links=\"\"><span style=\"font-size: 14pt;\">Quem atrasar a entrega ter\u00e1 de pagar multa de 1% sobre o imposto devido ao m\u00eas, com valor m\u00ednimo de R$ 165,74 e m\u00e1ximo de 20% do imposto devido.<\/span><\/p>\n<p data-track-category=\"Link no Texto\" data-track-links=\"\"><span style=\"font-size: 14pt;\">Os contribuintes que enviarem a declara\u00e7\u00e3o no in\u00edcio do prazo, sem erros, omiss\u00f5es ou inconsist\u00eancias, receber\u00e3o mais cedo as restitui\u00e7\u00f5es do Imposto de Renda, se tiverem direito a ela. Idosos, portadores de doen\u00e7a grave e deficientes f\u00edsicos ou mentais t\u00eam prioridade.<\/span><\/p>\n<h2><span style=\"font-size: 14pt;\">Quem deve declarar em 2021?<\/span><\/h2>\n<ul>\n<li><span style=\"font-size: 14pt;\">quem recebeu rendimentos tribut\u00e1veis acima de R$ 28.559,70 em 2020. O valor \u00e9 o mesmo da declara\u00e7\u00e3o do IR do ano passado.<\/span><\/li>\n<li><span style=\"font-size: 14pt;\">contribuintes que receberam rendimentos isentos, n\u00e3o-tribut\u00e1veis ou tributados exclusivamente na fonte, cuja soma tenha sido superior a R$ 40 mil no ano passado;<\/span><\/li>\n<li><span style=\"font-size: 14pt;\">quem obteve, em qualquer m\u00eas de 2020, ganho de capital na aliena\u00e7\u00e3o de bens ou direitos, sujeito \u00e0 incid\u00eancia do imposto, ou realizou opera\u00e7\u00f5es em bolsas de valores, de mercadorias, de futuros e assemelhadas;<\/span><\/li>\n<li><span style=\"font-size: 14pt;\">quem teve, em 2020, receita bruta em valor superior a R$ 142.798,50 em atividade rural;<\/span><\/li>\n<li><span style=\"font-size: 14pt;\">quem tinha, at\u00e9 31 de dezembro de 2020, a posse ou a propriedade de bens ou direitos, inclusive terra nua, de valor total superior a R$ 300 mil;<\/span><\/li>\n<li><span style=\"font-size: 14pt;\">quem passou para a condi\u00e7\u00e3o de residente no Brasil em qualquer m\u00eas e se encontrava nessa condi\u00e7\u00e3o at\u00e9 31 de dezembro de 2020;<\/span><\/li>\n<li><span style=\"font-size: 14pt;\">quem optou pela isen\u00e7\u00e3o do imposto incidente em valor obtido na venda de im\u00f3veis residenciais cujo produto da venda seja aplicado na aquisi\u00e7\u00e3o de im\u00f3veis residenciais localizados no pa\u00eds, no prazo de 180 dias, contado da celebra\u00e7\u00e3o do contrato de venda.<\/span><\/li>\n<\/ul>\n<p>&nbsp;<\/p>\n<p style=\"text-align: right;\"><em><strong>Fonte: G1<\/strong><\/em><\/p>\n<p class=\"wpf_wrapper\"><a class=\"print_link\" href=\"\" target=\"_blank\">Preparar para impress\u00e3o<\/a><\/p><!-- .wpf_wrapper -->","protected":false},"excerpt":{"rendered":"<p>A Secretaria da Receita Federal informou nesta segunda-feira (12) que foi alterado o prazo final de entrega da Declara\u00e7\u00e3o de&hellip; <\/p>\n","protected":false},"author":4,"featured_media":15078,"comment_status":"closed","ping_status":"closed","sticky":false,"template":"","format":"standard","meta":{"footnotes":""},"categories":[7],"tags":[],"class_list":["post-15077","post","type-post","status-publish","format-standard","has-post-thumbnail","hentry","category-noticias"],"jetpack_featured_media_url":"https:\/\/sindesvdf.com.br\/news\/wp-content\/uploads\/2021\/04\/Leao.jpg","_links":{"self":[{"href":"https:\/\/sindesvdf.com.br\/news\/wp-json\/wp\/v2\/posts\/15077","targetHints":{"allow":["GET"]}}],"collection":[{"href":"https:\/\/sindesvdf.com.br\/news\/wp-json\/wp\/v2\/posts"}],"about":[{"href":"https:\/\/sindesvdf.com.br\/news\/wp-json\/wp\/v2\/types\/post"}],"author":[{"embeddable":true,"href":"https:\/\/sindesvdf.com.br\/news\/wp-json\/wp\/v2\/users\/4"}],"replies":[{"embeddable":true,"href":"https:\/\/sindesvdf.com.br\/news\/wp-json\/wp\/v2\/comments?post=15077"}],"version-history":[{"count":1,"href":"https:\/\/sindesvdf.com.br\/news\/wp-json\/wp\/v2\/posts\/15077\/revisions"}],"predecessor-version":[{"id":15079,"href":"https:\/\/sindesvdf.com.br\/news\/wp-json\/wp\/v2\/posts\/15077\/revisions\/15079"}],"wp:featuredmedia":[{"embeddable":true,"href":"https:\/\/sindesvdf.com.br\/news\/wp-json\/wp\/v2\/media\/15078"}],"wp:attachment":[{"href":"https:\/\/sindesvdf.com.br\/news\/wp-json\/wp\/v2\/media?parent=15077"}],"wp:term":[{"taxonomy":"category","embeddable":true,"href":"https:\/\/sindesvdf.com.br\/news\/wp-json\/wp\/v2\/categories?post=15077"},{"taxonomy":"post_tag","embeddable":true,"href":"https:\/\/sindesvdf.com.br\/news\/wp-json\/wp\/v2\/tags?post=15077"}],"curies":[{"name":"wp","href":"https:\/\/api.w.org\/{rel}","templated":true}]}}