{"id":15080,"date":"2021-04-14T11:57:19","date_gmt":"2021-04-14T14:57:19","guid":{"rendered":"https:\/\/sindesvdf.com.br\/news\/?p=15080"},"modified":"2021-04-14T11:57:45","modified_gmt":"2021-04-14T14:57:45","slug":"nova-lei-de-transito-comeca-a-valer-veja-as-mudancas","status":"publish","type":"post","link":"https:\/\/sindesvdf.com.br\/news\/nova-lei-de-transito-comeca-a-valer-veja-as-mudancas\/","title":{"rendered":"Nova lei de tr\u00e2nsito come\u00e7a a valer; veja as mudan\u00e7as"},"content":{"rendered":"<figure id=\"attachment_15081\" aria-describedby=\"caption-attachment-15081\" style=\"width: 700px\" class=\"wp-caption aligncenter\"><img loading=\"lazy\" decoding=\"async\" class=\"size-full wp-image-15081\" src=\"https:\/\/sindesvdf.com.br\/news\/wp-content\/uploads\/2021\/04\/leidetransito.jpg\" alt=\"\" width=\"700\" height=\"400\" srcset=\"https:\/\/sindesvdf.com.br\/news\/wp-content\/uploads\/2021\/04\/leidetransito.jpg 700w, https:\/\/sindesvdf.com.br\/news\/wp-content\/uploads\/2021\/04\/leidetransito-300x171.jpg 300w\" sizes=\"auto, (max-width: 700px) 100vw, 700px\" \/><figcaption id=\"caption-attachment-15081\" class=\"wp-caption-text\">A nova lei foi sancionada pelo presidente Bolsonaro em outubro do ano passado.<\/figcaption><\/figure>\n<p><span style=\"font-size: 14pt;\">Nessa \u00faltima segunda-feira, 12, entrou em vigor a lei <a class=\"cite\" title=\"LEI N\u00ba 14.071, DE 13 DE OUTUBRO DE 2020.\" href=\"https:\/\/www.jusbrasil.com.br\/legislacao\/945328974\/lei-14071-20\" rel=\"352419946\">14.071<\/a>\/20, sancionada pelo presidente Jair Bolsonaro em outubro do ano passado, que determina as novas regras de tr\u00e2nsito. E n\u00e3o estamos falando de poucas altera\u00e7\u00f5es, mas de uma verdadeira reforma com mais de 50 novidades. Veja abaixo algumas compara\u00e7\u00f5es.<\/span><\/p>\n<p><span style=\"font-size: 14pt;\"><strong>Validade da CNH<\/strong><\/span><\/p>\n<p><span style=\"font-size: 14pt;\"><i>Como \u00e9:<\/i><\/span><\/p>\n<p><span style=\"font-size: 14pt;\">&#8211; Validade de 5 anos para condutores de at\u00e9 65 anos.<\/span><\/p>\n<p><span style=\"font-size: 14pt;\">&#8211; Validade de 3 anos para condutores com mais de 65 anos.<\/span><\/p>\n<p><span style=\"font-size: 14pt;\"><i>Como ficar\u00e1:<\/i><\/span><\/p>\n<p><span style=\"font-size: 14pt;\">&#8211; Validade de 10 anos para condutores com idade inferior a 50 anos.<\/span><\/p>\n<p><span style=\"font-size: 14pt;\">&#8211; Validade de 5 anos para condutores com idade igual ou superior a 50 anos e inferior a 70 anos.<\/span><\/p>\n<p><span style=\"font-size: 14pt;\">&#8211; Validade de 3 anos para condutores com idade igual ou superior a 70 anos.<\/span><\/p>\n<p><span style=\"font-size: 14pt;\"><em>***Essas regras sempre dependem de avalia\u00e7\u00e3o m\u00e9dica.<\/em><\/span><\/p>\n<p><span style=\"font-size: 14pt;\"><strong><picture><source srcset=\"https:\/\/thumbs.jusbr.com\/filters:format(webp)\/img2.migalhas.uol.com.br\/_MEDPROC_\/https__img1.migalhas.uol.com.br__SL__gf_base__SL__empresas__SL__MIGA__SL__imagens__SL__2021__SL__03__SL__30__SL__89019cab-3b7d-4a90-9fcd-12d3f98016f4.png._PROC_CP75.png\" type=\"image\/webp\" \/><\/picture><\/strong><\/span><\/p>\n<p><span style=\"font-size: 14pt;\"><strong>Pontua\u00e7\u00e3o<\/strong><\/span><\/p>\n<p><span style=\"font-size: 14pt;\"><i>Como \u00e9:<\/i><\/span><\/p>\n<p><span style=\"font-size: 14pt;\">&#8211; 20 pontos no per\u00edodo de 12 meses, independente da gravidade das infra\u00e7\u00f5es.<\/span><\/p>\n<p><span style=\"font-size: 14pt;\"><i>Como ficar\u00e1:<\/i><\/span><\/p>\n<p><span style=\"font-size: 14pt;\">&#8211; 20 pontos, no per\u00edodo de 12 meses, caso haja duas ou mais infra\u00e7\u00f5es grav\u00edssimas.<\/span><\/p>\n<p><span style=\"font-size: 14pt;\">&#8211; 30 pontos, no per\u00edodo de 12 meses, caso haja uma infra\u00e7\u00e3o grav\u00edssima.<\/span><\/p>\n<p><span style=\"font-size: 14pt;\">&#8211; 40 pontos, no per\u00edodo de 12 meses, caso n\u00e3o conste nenhuma infra\u00e7\u00e3o grav\u00edssima.<\/span><\/p>\n<p><span style=\"font-size: 14pt;\">Motoristas profissionais: quem exerce atividade remunerada (EAR) pode cometer infra\u00e7\u00f5es, de qualquer gravidade, at\u00e9 o limite de 40 pontos em 12 meses.<\/span><\/p>\n<p><span style=\"font-size: 14pt;\"><strong><picture><source srcset=\"https:\/\/thumbs.jusbr.com\/filters:format(webp)\/img2.migalhas.uol.com.br\/_MEDPROC_\/https__img1.migalhas.uol.com.br__SL__gf_base__SL__empresas__SL__MIGA__SL__imagens__SL__2021__SL__03__SL__30__SL__ac646760-db32-4e63-b285-d64c9562c07e.png._PROC_CP75.png\" type=\"image\/webp\" \/><\/picture><\/strong><\/span><\/p>\n<p><span style=\"font-size: 14pt;\"><strong>Porte do documento<\/strong><\/span><\/p>\n<p><span style=\"font-size: 14pt;\"><i>Como \u00e9:<\/i><\/span><\/p>\n<p><span style=\"font-size: 14pt;\">&#8211; A lei obriga o porte do documento quando o condutor estiver \u00e0 dire\u00e7\u00e3o do ve\u00edculo. Desde 2018, \u00e9 permitida tamb\u00e9m a vers\u00e3o digital da CNH.<\/span><\/p>\n<p><span style=\"font-size: 14pt;\"><i>Como ficar\u00e1:<\/i><\/span><\/p>\n<p><span style=\"font-size: 14pt;\">&#8211; O porte do documento ser\u00e1 dispensado quando, no momento da fiscaliza\u00e7\u00e3o, for poss\u00edvel ter acesso ao sistema informatizado para verificar se o condutor est\u00e1 habilitado.<\/span><\/p>\n<p><span style=\"font-size: 14pt;\"><strong><picture><source srcset=\"https:\/\/thumbs.jusbr.com\/filters:format(webp)\/img2.migalhas.uol.com.br\/_MEDPROC_\/https__img1.migalhas.uol.com.br__SL__gf_base__SL__empresas__SL__MIGA__SL__imagens__SL__2021__SL__03__SL__30__SL__44696f04-58a7-4882-8762-4c840c31ada0.png._PROC_CP75.png\" type=\"image\/webp\" \/><\/picture><\/strong><\/span><\/p>\n<p><span style=\"font-size: 14pt;\"><strong>Uso da cadeirinha<\/strong><\/span><\/p>\n<p><span style=\"font-size: 14pt;\"><i>Como \u00e9:<\/i><\/span><\/p>\n<p><span style=\"font-size: 14pt;\">&#8211; Crian\u00e7as de at\u00e9 7 anos precisam estar na cadeirinha pr\u00f3pria para transporte.<\/span><\/p>\n<p><span style=\"font-size: 14pt;\"><i>Como ficar\u00e1:<\/i><\/span><\/p>\n<p><span style=\"font-size: 14pt;\">&#8211; A cadeirinha ou assento de eleva\u00e7\u00e3o passa a ser obrigat\u00f3ria para crian\u00e7as de at\u00e9 10 anos ou que n\u00e3o tenham atingido a altura m\u00ednima de 1,45m. Al\u00e9m disso, apenas crian\u00e7as com mais de 10 anos poder\u00e3o ser carregadas em motocicletas, e a multa para essa infra\u00e7\u00e3o \u00e9 grav\u00edssima.<\/span><\/p>\n<p><span style=\"font-size: 14pt;\"><strong><picture><source srcset=\"https:\/\/thumbs.jusbr.com\/filters:format(webp)\/img2.migalhas.uol.com.br\/_MEDPROC_\/https__img1.migalhas.uol.com.br__SL__gf_base__SL__empresas__SL__MIGA__SL__imagens__SL__2021__SL__03__SL__30__SL__1cc8175c-af4d-4832-8888-bcd163fd884b.png._PROC_CP75.png\" type=\"image\/webp\" \/><\/picture><\/strong><\/span><\/p>\n<p><span style=\"font-size: 14pt;\"><strong>Aulas noturnas na forma\u00e7\u00e3o de condutores<\/strong><\/span><\/p>\n<p><span style=\"font-size: 14pt;\"><i>Como \u00e9:<\/i><\/span><\/p>\n<p><span style=\"font-size: 14pt;\">&#8211; Durante o curso pr\u00e1tico dos CFCs, tanto para a categoria A quanto para a B, \u00e9 exigido o m\u00ednimo de 1 hora\/aula no per\u00edodo noturno.<\/span><\/p>\n<p><span style=\"font-size: 14pt;\"><i>Como ficar\u00e1:<\/i><\/span><\/p>\n<p><span style=\"font-size: 14pt;\">&#8211; A nova lei revoga o artigo que disp\u00f5e sobre essa obrigatoriedade.<\/span><\/p>\n<p><span style=\"font-size: 14pt;\"><strong><picture><source srcset=\"https:\/\/thumbs.jusbr.com\/filters:format(webp)\/img2.migalhas.uol.com.br\/_MEDPROC_\/https__img1.migalhas.uol.com.br__SL__gf_base__SL__empresas__SL__MIGA__SL__imagens__SL__2021__SL__03__SL__30__SL__5207172b-f254-459f-8578-f6556eba2a11.png._PROC_CP75.png\" type=\"image\/webp\" \/><\/picture><\/strong><\/span><\/p>\n<p><span style=\"font-size: 14pt;\"><strong>Uso da luz baixa em rodovias<\/strong><\/span><\/p>\n<p><span style=\"font-size: 14pt;\"><i>Como \u00e9:<\/i><\/span><\/p>\n<p><span style=\"font-size: 14pt;\">&#8211; O condutor deve manter os far\u00f3is do ve\u00edculo acesos, utilizando a luz baixa, durante o dia e durante a noite.<\/span><\/p>\n<p><span style=\"font-size: 14pt;\"><i>Como ficar\u00e1:<\/i><\/span><\/p>\n<p><span style=\"font-size: 14pt;\">&#8211; O condutor manter\u00e1 acesos os far\u00f3is do ve\u00edculo, por meio da utiliza\u00e7\u00e3o da luz baixa, \u00e0 noite; mesmo durante o dia, em t\u00faneis e sob chuva, neblina ou cerra\u00e7\u00e3o.<\/span><\/p>\n<p><span style=\"font-size: 14pt;\"><strong><picture><source srcset=\"https:\/\/thumbs.jusbr.com\/filters:format(webp)\/img2.migalhas.uol.com.br\/_MEDPROC_\/https__img1.migalhas.uol.com.br__SL__gf_base__SL__empresas__SL__MIGA__SL__imagens__SL__2021__SL__03__SL__30__SL__1e7a2473-43c0-4d38-b5ce-269997aef1ef.png._PROC_CP75.png\" type=\"image\/webp\" \/><\/picture><\/strong><\/span><\/p>\n<p><span style=\"font-size: 14pt;\"><strong>Advert\u00eancia por escrito<\/strong><\/span><\/p>\n<p><span style=\"font-size: 14pt;\"><i>Como \u00e9:<\/i><\/span><\/p>\n<p><span style=\"font-size: 14pt;\">&#8211; Penalidade \u00e9 imposta aos condutores que cometerem infra\u00e7\u00e3o leve ou m\u00e9dia, desde que n\u00e3o sejam reincidentes na mesma infra\u00e7\u00e3o nos \u00faltimos 12 meses. Al\u00e9m disso, a penalidade pode ser imposta se a autoridade de tr\u00e2nsito entender cab\u00edvel.<\/span><\/p>\n<p><span style=\"font-size: 14pt;\"><i>Como ficar\u00e1:<\/i><\/span><\/p>\n<p><span style=\"font-size: 14pt;\">&#8211; Fica obrigado que multas leves e m\u00e9dias sejam convertidas em advert\u00eancia para motoristas que n\u00e3o tenham cometido nenhuma infra\u00e7\u00e3o nos \u00faltimos 12 meses.<\/span><\/p>\n<p><span style=\"font-size: 14pt;\"><strong><picture><source srcset=\"https:\/\/thumbs.jusbr.com\/filters:format(webp)\/img2.migalhas.uol.com.br\/_MEDPROC_\/https__img1.migalhas.uol.com.br__SL__gf_base__SL__empresas__SL__MIGA__SL__imagens__SL__2021__SL__03__SL__30__SL__4c30b49c-8839-4c2a-bba4-0eb5c012ffdc.png._PROC_CP75.png\" type=\"image\/webp\" \/><\/picture><\/strong><\/span><\/p>\n<p><span style=\"font-size: 14pt;\"><strong>Identifica\u00e7\u00e3o do condutor infrator<\/strong><\/span><\/p>\n<p><span style=\"font-size: 14pt;\"><i>Como \u00e9:<\/i><\/span><\/p>\n<p><span style=\"font-size: 14pt;\">&#8211; Quando o infrator n\u00e3o for identificado imediatamente, o principal condutor ou o propriet\u00e1rio do ve\u00edculo tem 15 dias, contado da notifica\u00e7\u00e3o da autua\u00e7\u00e3o, para apresent\u00e1-lo.<\/span><\/p>\n<p><span style=\"font-size: 14pt;\"><i>Como ficar\u00e1:<\/i><\/span><\/p>\n<p><span style=\"font-size: 14pt;\">&#8211; O prazo passar\u00e1 de 15 dias para 30 dias.<\/span><\/p>\n<p><span style=\"font-size: 14pt;\"><strong><picture><source srcset=\"https:\/\/thumbs.jusbr.com\/filters:format(webp)\/img2.migalhas.uol.com.br\/_MEDPROC_\/https__img1.migalhas.uol.com.br__SL__gf_base__SL__empresas__SL__MIGA__SL__imagens__SL__2021__SL__03__SL__30__SL__f93409b3-0775-4a57-8569-e746513c1f7f.png._PROC_CP75.png\" type=\"image\/webp\" \/><\/picture><\/strong><\/span><\/p>\n<p><span style=\"font-size: 14pt;\"><strong>B\u00f4nus &#8211; Boa conduta<\/strong><\/span><\/p>\n<p><span style=\"font-size: 14pt;\">Com as novas regras, ser\u00e1 criado o RNPC &#8211; Registro Nacional Positivo de Condutores, para cadastrar os motoristas que n\u00e3o cometeram infra\u00e7\u00e3o de tr\u00e2nsito nos \u00faltimos 12 meses. A abertura de cadastro requer autoriza\u00e7\u00e3o pr\u00e9via e expressa do potencial cadastrado. O RNPC poder\u00e1 ser utilizado para conceder benef\u00edcios fiscais ou tarif\u00e1rios aos condutores cadastrados, na forma da legisla\u00e7\u00e3o espec\u00edfica de cada ente da federa\u00e7\u00e3o.<\/span><\/p>\n<p style=\"text-align: right;\"><strong><em>F<strong>o<\/strong>nte: JusBrasil<\/em><\/strong><\/p>\n<p>&nbsp;<\/p>\n<p class=\"wpf_wrapper\"><a class=\"print_link\" href=\"\" target=\"_blank\">Preparar para impress\u00e3o<\/a><\/p><!-- .wpf_wrapper -->","protected":false},"excerpt":{"rendered":"<p>Nessa \u00faltima segunda-feira, 12, entrou em vigor a lei 14.071\/20, sancionada pelo presidente Jair Bolsonaro em outubro do ano passado,&hellip; <\/p>\n","protected":false},"author":4,"featured_media":15081,"comment_status":"closed","ping_status":"closed","sticky":false,"template":"","format":"standard","meta":{"footnotes":""},"categories":[7],"tags":[],"class_list":["post-15080","post","type-post","status-publish","format-standard","has-post-thumbnail","hentry","category-noticias"],"jetpack_featured_media_url":"https:\/\/sindesvdf.com.br\/news\/wp-content\/uploads\/2021\/04\/leidetransito.jpg","_links":{"self":[{"href":"https:\/\/sindesvdf.com.br\/news\/wp-json\/wp\/v2\/posts\/15080","targetHints":{"allow":["GET"]}}],"collection":[{"href":"https:\/\/sindesvdf.com.br\/news\/wp-json\/wp\/v2\/posts"}],"about":[{"href":"https:\/\/sindesvdf.com.br\/news\/wp-json\/wp\/v2\/types\/post"}],"author":[{"embeddable":true,"href":"https:\/\/sindesvdf.com.br\/news\/wp-json\/wp\/v2\/users\/4"}],"replies":[{"embeddable":true,"href":"https:\/\/sindesvdf.com.br\/news\/wp-json\/wp\/v2\/comments?post=15080"}],"version-history":[{"count":5,"href":"https:\/\/sindesvdf.com.br\/news\/wp-json\/wp\/v2\/posts\/15080\/revisions"}],"predecessor-version":[{"id":15086,"href":"https:\/\/sindesvdf.com.br\/news\/wp-json\/wp\/v2\/posts\/15080\/revisions\/15086"}],"wp:featuredmedia":[{"embeddable":true,"href":"https:\/\/sindesvdf.com.br\/news\/wp-json\/wp\/v2\/media\/15081"}],"wp:attachment":[{"href":"https:\/\/sindesvdf.com.br\/news\/wp-json\/wp\/v2\/media?parent=15080"}],"wp:term":[{"taxonomy":"category","embeddable":true,"href":"https:\/\/sindesvdf.com.br\/news\/wp-json\/wp\/v2\/categories?post=15080"},{"taxonomy":"post_tag","embeddable":true,"href":"https:\/\/sindesvdf.com.br\/news\/wp-json\/wp\/v2\/tags?post=15080"}],"curies":[{"name":"wp","href":"https:\/\/api.w.org\/{rel}","templated":true}]}}