{"id":15087,"date":"2021-04-14T15:45:47","date_gmt":"2021-04-14T18:45:47","guid":{"rendered":"https:\/\/sindesvdf.com.br\/news\/?p=15087"},"modified":"2021-04-14T15:45:47","modified_gmt":"2021-04-14T18:45:47","slug":"atencao-vigilantes-da-confederal-secretaria-de-educacao-que-estao-no-processo-no-0000742-78-2020-5-10-0015-abaixo-relacionados","status":"publish","type":"post","link":"https:\/\/sindesvdf.com.br\/news\/atencao-vigilantes-da-confederal-secretaria-de-educacao-que-estao-no-processo-no-0000742-78-2020-5-10-0015-abaixo-relacionados\/","title":{"rendered":"Aten\u00e7\u00e3o vigilantes da Confederal\/Secretaria de Educa\u00e7\u00e3o que est\u00e3o no Processo n\u00ba 0000742-78.2020.5.10.0015 abaixo relacionados"},"content":{"rendered":"<p style=\"text-align: center;\"><span style=\"font-size: 14pt;\">\u00a0<\/span><\/p>\n<p><img loading=\"lazy\" decoding=\"async\" class=\"aligncenter size-full wp-image-15089\" src=\"https:\/\/sindesvdf.com.br\/news\/wp-content\/uploads\/2021\/04\/chequevigilantes.jpg\" alt=\"\" width=\"700\" height=\"400\" srcset=\"https:\/\/sindesvdf.com.br\/news\/wp-content\/uploads\/2021\/04\/chequevigilantes.jpg 700w, https:\/\/sindesvdf.com.br\/news\/wp-content\/uploads\/2021\/04\/chequevigilantes-300x171.jpg 300w\" sizes=\"auto, (max-width: 700px) 100vw, 700px\" \/><span style=\"font-size: 14pt;\">O Sindicato convoca os vigilantes <span class=\"d2edcug0 hpfvmrgz qv66sw1b c1et5uql lr9zc1uh a8c37x1j keod5gw0 nxhoafnm aigsh9s9 d3f4x2em fe6kdd0r mau55g9w c8b282yb iv3no6db jq4qci2q a3bd9o3v knj5qynh oo9gr5id hzawbc8m\" dir=\"auto\">da Confederal\/Secretaria de Educa\u00e7\u00e3o relacionados abaixo que ainda n\u00e3o vieram receber o seu cheque referente ao Processo n\u00ba 0000742-78.2020.5.10.0015, para que compare\u00e7am na Tesouraria do SINDESV-DF para receber o mesmo. Hor\u00e1rio de atendimento: de 7h as 17h.<\/span><\/span><\/p>\n<p>&nbsp;<\/p>\n<p>&nbsp;<\/p>\n<p class=\"wpf_wrapper\"><a class=\"print_link\" href=\"\" target=\"_blank\">Preparar para impress\u00e3o<\/a><\/p><!-- .wpf_wrapper -->","protected":false},"excerpt":{"rendered":"<p>\u00a0 O Sindicato convoca os vigilantes da Confederal\/Secretaria de Educa\u00e7\u00e3o relacionados abaixo que ainda n\u00e3o vieram receber o seu cheque&hellip; <\/p>\n","protected":false},"author":4,"featured_media":15089,"comment_status":"closed","ping_status":"closed","sticky":false,"template":"","format":"standard","meta":{"footnotes":""},"categories":[101],"tags":[],"class_list":["post-15087","post","type-post","status-publish","format-standard","has-post-thumbnail","hentry","category-olho-vivo"],"jetpack_featured_media_url":"https:\/\/sindesvdf.com.br\/news\/wp-content\/uploads\/2021\/04\/chequevigilantes.jpg","_links":{"self":[{"href":"https:\/\/sindesvdf.com.br\/news\/wp-json\/wp\/v2\/posts\/15087","targetHints":{"allow":["GET"]}}],"collection":[{"href":"https:\/\/sindesvdf.com.br\/news\/wp-json\/wp\/v2\/posts"}],"about":[{"href":"https:\/\/sindesvdf.com.br\/news\/wp-json\/wp\/v2\/types\/post"}],"author":[{"embeddable":true,"href":"https:\/\/sindesvdf.com.br\/news\/wp-json\/wp\/v2\/users\/4"}],"replies":[{"embeddable":true,"href":"https:\/\/sindesvdf.com.br\/news\/wp-json\/wp\/v2\/comments?post=15087"}],"version-history":[{"count":1,"href":"https:\/\/sindesvdf.com.br\/news\/wp-json\/wp\/v2\/posts\/15087\/revisions"}],"predecessor-version":[{"id":15090,"href":"https:\/\/sindesvdf.com.br\/news\/wp-json\/wp\/v2\/posts\/15087\/revisions\/15090"}],"wp:featuredmedia":[{"embeddable":true,"href":"https:\/\/sindesvdf.com.br\/news\/wp-json\/wp\/v2\/media\/15089"}],"wp:attachment":[{"href":"https:\/\/sindesvdf.com.br\/news\/wp-json\/wp\/v2\/media?parent=15087"}],"wp:term":[{"taxonomy":"category","embeddable":true,"href":"https:\/\/sindesvdf.com.br\/news\/wp-json\/wp\/v2\/categories?post=15087"},{"taxonomy":"post_tag","embeddable":true,"href":"https:\/\/sindesvdf.com.br\/news\/wp-json\/wp\/v2\/tags?post=15087"}],"curies":[{"name":"wp","href":"https:\/\/api.w.org\/{rel}","templated":true}]}}