{"id":15095,"date":"2021-04-22T09:28:07","date_gmt":"2021-04-22T12:28:07","guid":{"rendered":"https:\/\/sindesvdf.com.br\/news\/?p=15095"},"modified":"2021-04-22T09:28:07","modified_gmt":"2021-04-22T12:28:07","slug":"apos-47-vigilantes-mortos-distrital-apela-por-vacinacao-da-categoria","status":"publish","type":"post","link":"https:\/\/sindesvdf.com.br\/news\/apos-47-vigilantes-mortos-distrital-apela-por-vacinacao-da-categoria\/","title":{"rendered":"Ap\u00f3s 47 vigilantes mortos, distrital apela por vacina\u00e7\u00e3o da categoria"},"content":{"rendered":"<figure id=\"attachment_15096\" aria-describedby=\"caption-attachment-15096\" style=\"width: 700px\" class=\"wp-caption aligncenter\"><img loading=\"lazy\" decoding=\"async\" class=\"wp-image-15096 size-full\" src=\"https:\/\/sindesvdf.com.br\/news\/wp-content\/uploads\/2021\/04\/Chico_metropoles.jpg\" alt=\"\" width=\"700\" height=\"400\" srcset=\"https:\/\/sindesvdf.com.br\/news\/wp-content\/uploads\/2021\/04\/Chico_metropoles.jpg 700w, https:\/\/sindesvdf.com.br\/news\/wp-content\/uploads\/2021\/04\/Chico_metropoles-300x171.jpg 300w\" sizes=\"auto, (max-width: 700px) 100vw, 700px\" \/><figcaption id=\"caption-attachment-15096\" class=\"wp-caption-text\">Segundo levantamento de sindicato, o novo coronav\u00edrus infectou 2.359 profissionais de vigil\u00e2ncia em Bras\u00edlia<\/figcaption><\/figure>\n<p>&nbsp;<\/p>\n<p><span style=\"font-size: 14pt;\">Ap\u00f3s 47 <a href=\"https:\/\/www.metropoles.com\/tag\/vigilantes\" target=\"_blank\" rel=\"noopener\">vigilantes<\/a> mortos pela Covid-19, o deputado distrital <a href=\"https:\/\/www.metropoles.com\/tag\/chico-vigilante\" target=\"_blank\" rel=\"noopener\">Chico Vigilante<\/a> (PT) intensificou a cobran\u00e7a pela vacina\u00e7\u00e3o da categoria no Distrito Federal.<\/span><\/p>\n<p><span style=\"font-size: 14pt;\">Segundo levantamento do <a href=\"https:\/\/sindesvdf.com.br\/news\/\" target=\"_blank\" rel=\"noopener\">Sindicato dos Vigilantes do DF (Sindesv-DF)<\/a>, at\u00e9 ter\u00e7a-feira (20\/4), 2.359 profissionais foram infectados. Deste total, a doen\u00e7a matou 47.<\/span><\/p>\n<p><span style=\"font-size: 14pt;\">\u201c<em>Desses 47, 10 trabalhavam em escolas p\u00fablicas do DF. Os col\u00e9gios est\u00e3o fechados, mas as merendeiras est\u00e3o indo, o pessoal da manuten\u00e7\u00e3o tamb\u00e9m, assim como os diretores<\/em>\u201d, ressaltou o parlamentar.<\/span><\/p>\n<p><span style=\"font-size: 14pt;\">Para o distrital, estes profissionais precisam ser vacinados contra a <a href=\"https:\/\/www.metropoles.com\/tag\/covid-19\" target=\"_blank\" rel=\"noopener\">Covid-19<\/a>. \u201c<em>N\u00e3o d\u00e1 para abrir as escolas do DF sem a <a href=\"https:\/\/www.metropoles.com\/distrito-federal\/professores-do-df-fazem-carreata-para-pedir-vacina-contra-covid-19\" target=\"_blank\" rel=\"noopener\">vacina\u00e7\u00e3o completa de todos os trabalhadores do sistema de ensino p\u00fablico e do privado<\/a><\/em>\u201c, pontuou.<\/span><\/p>\n<p style=\"text-align: right;\"><em><strong>Fonte: Metr\u00f3poles<\/strong><\/em><\/p>\n<p class=\"wpf_wrapper\"><a class=\"print_link\" href=\"\" target=\"_blank\">Preparar para impress\u00e3o<\/a><\/p><!-- .wpf_wrapper -->","protected":false},"excerpt":{"rendered":"<p>&nbsp; Ap\u00f3s 47 vigilantes mortos pela Covid-19, o deputado distrital Chico Vigilante (PT) intensificou a cobran\u00e7a pela vacina\u00e7\u00e3o da categoria&hellip; <\/p>\n","protected":false},"author":4,"featured_media":15096,"comment_status":"closed","ping_status":"closed","sticky":false,"template":"","format":"standard","meta":{"footnotes":""},"categories":[7],"tags":[],"class_list":["post-15095","post","type-post","status-publish","format-standard","has-post-thumbnail","hentry","category-noticias"],"jetpack_featured_media_url":"https:\/\/sindesvdf.com.br\/news\/wp-content\/uploads\/2021\/04\/Chico_metropoles.jpg","_links":{"self":[{"href":"https:\/\/sindesvdf.com.br\/news\/wp-json\/wp\/v2\/posts\/15095","targetHints":{"allow":["GET"]}}],"collection":[{"href":"https:\/\/sindesvdf.com.br\/news\/wp-json\/wp\/v2\/posts"}],"about":[{"href":"https:\/\/sindesvdf.com.br\/news\/wp-json\/wp\/v2\/types\/post"}],"author":[{"embeddable":true,"href":"https:\/\/sindesvdf.com.br\/news\/wp-json\/wp\/v2\/users\/4"}],"replies":[{"embeddable":true,"href":"https:\/\/sindesvdf.com.br\/news\/wp-json\/wp\/v2\/comments?post=15095"}],"version-history":[{"count":1,"href":"https:\/\/sindesvdf.com.br\/news\/wp-json\/wp\/v2\/posts\/15095\/revisions"}],"predecessor-version":[{"id":15097,"href":"https:\/\/sindesvdf.com.br\/news\/wp-json\/wp\/v2\/posts\/15095\/revisions\/15097"}],"wp:featuredmedia":[{"embeddable":true,"href":"https:\/\/sindesvdf.com.br\/news\/wp-json\/wp\/v2\/media\/15096"}],"wp:attachment":[{"href":"https:\/\/sindesvdf.com.br\/news\/wp-json\/wp\/v2\/media?parent=15095"}],"wp:term":[{"taxonomy":"category","embeddable":true,"href":"https:\/\/sindesvdf.com.br\/news\/wp-json\/wp\/v2\/categories?post=15095"},{"taxonomy":"post_tag","embeddable":true,"href":"https:\/\/sindesvdf.com.br\/news\/wp-json\/wp\/v2\/tags?post=15095"}],"curies":[{"name":"wp","href":"https:\/\/api.w.org\/{rel}","templated":true}]}}