{"id":15109,"date":"2021-04-26T10:28:58","date_gmt":"2021-04-26T13:28:58","guid":{"rendered":"https:\/\/sindesvdf.com.br\/news\/?p=15109"},"modified":"2021-04-26T10:37:33","modified_gmt":"2021-04-26T13:37:33","slug":"sindicato-revela-preocupacao-com-vigilantes-do-df-que-recusam-vacina","status":"publish","type":"post","link":"https:\/\/sindesvdf.com.br\/news\/sindicato-revela-preocupacao-com-vigilantes-do-df-que-recusam-vacina\/","title":{"rendered":"Sindicato revela preocupa\u00e7\u00e3o com vigilantes do DF que recusam vacina"},"content":{"rendered":"<p><img loading=\"lazy\" decoding=\"async\" class=\"aligncenter size-full wp-image-15110\" src=\"https:\/\/sindesvdf.com.br\/news\/wp-content\/uploads\/2021\/04\/vacina_metropoles.jpg\" alt=\"\" width=\"700\" height=\"400\" srcset=\"https:\/\/sindesvdf.com.br\/news\/wp-content\/uploads\/2021\/04\/vacina_metropoles.jpg 700w, https:\/\/sindesvdf.com.br\/news\/wp-content\/uploads\/2021\/04\/vacina_metropoles-300x171.jpg 300w\" sizes=\"auto, (max-width: 700px) 100vw, 700px\" \/><\/p>\n<p><span style=\"font-size: 14pt;\">Pelo menos seis vigilantes que atuam em hospitais p\u00fablicos do Distrito Federal j\u00e1 se negaram a receber a vacina contra a <a href=\"https:\/\/www.metropoles.com\/tag\/covid-19\" target=\"_blank\" rel=\"noopener\">Covid-19<\/a> por motiva\u00e7\u00f5es pol\u00edtico-ideol\u00f3gicas ou mesmo religiosas. Segundo o Sindicato das Empresas de Seguran\u00e7a Privada (Sindesp-DF), eles tiveram que assinar um termo de responsabilidade ap\u00f3s optarem por n\u00e3o receber o imunizante.<\/span><\/p>\n<p><span style=\"font-size: 14pt;\">\u201c<em>A gente n\u00e3o pode obrigar o funcion\u00e1rio e receber a vacina. O que podemos fazer, talvez, \u00e9 tirar dos hospitais da <a href=\"http:\/\/www.saude.df.gov.br\/\" target=\"_blank\" rel=\"noopener\">Secretaria de Sa\u00fade<\/a>, onde h\u00e1 muito contato com o v\u00edrus, e colocar em algum outro posto que tenha menos risco<\/em>\u201d, explica o presidente do Sindesp, Luis Gustavo Barra.<\/span><\/p>\n<p><span style=\"font-size: 14pt;\">At\u00e9 agora, n\u00e3o \u00e9 toda a categoria que est\u00e1 apta a receber doses do imunizante contra o novo coronav\u00edrus. Apenas aqueles que trabalham em hospitais e est\u00e3o em contato di\u00e1rio com poss\u00edveis infectados que podem receber a vacina, independentemente da idade do profissional.<\/span><\/p>\n<p><span style=\"font-size: 14pt;\">A atitude dos vigilantes que recusaram a imuniza\u00e7\u00e3o preocupa tamb\u00e9m o sindicato que representa os trabalhadores, o <a href=\"https:\/\/sindesvdf.com.br\/news\/\" target=\"_blank\" rel=\"noopener\">Sindesv-DF<\/a>. De acordo com a entidade, 48 vigilantes j\u00e1 morreram em decorr\u00eancia da Covid-19.<em>\u201cInfelizmente a gente tem visto alguma resist\u00eancia contra algo que estamos batalhando muito para conseguir. Hoje j\u00e1 tivemos a confirma\u00e7\u00e3o de mais um \u00f3bito, contagem que n\u00e3o para<\/em>\u201d, comenta Gilmar Rodrigues, diretor do Sindesv.<\/span><\/p>\n<p><span style=\"font-size: 14pt;\">Para ele, ainda h\u00e1 muita desinforma\u00e7\u00e3o, o que pode acabar custando o emprego ou a vida desses trabalhadores. \u201cA gente tem visto muitos morrendo de infarto tamb\u00e9m. M\u00eas passado, eu vi um que morreu no posto de trabalho e estava com o kit-Covid junto dele. Estava passando mal e decidiu tomar aqueles rem\u00e9dios todos\u201d, lamenta.<\/span><\/p>\n<p><span style=\"font-size: 14pt;\">Nas contas do sindicato, pelo menos 2.359 vigilantes, em diversas \u00e1reas de atua\u00e7\u00e3o, j\u00e1 foram contaminados pela doen\u00e7a.<\/span><\/p>\n<h6><span style=\"font-size: 14pt;\">O que diz a Secretaria de Sa\u00fade<\/span><\/h6>\n<p><span style=\"font-size: 14pt;\">Procurada, a Secretaria de Sa\u00fade n\u00e3o se pronunciou com rela\u00e7\u00e3o \u00e0 recusa de vigilantes em tomar a vacina contra a Covid-19. O espa\u00e7o permanece aberto para eventuais manifesta\u00e7\u00f5es.<\/span><\/p>\n<p style=\"text-align: right;\"><strong>Fonte: Metr\u00f3poles<\/strong><\/p>\n<p class=\"wpf_wrapper\"><a class=\"print_link\" href=\"\" target=\"_blank\">Preparar para impress\u00e3o<\/a><\/p><!-- .wpf_wrapper -->","protected":false},"excerpt":{"rendered":"<p>Pelo menos seis vigilantes que atuam em hospitais p\u00fablicos do Distrito Federal j\u00e1 se negaram a receber a vacina contra&hellip; <\/p>\n","protected":false},"author":4,"featured_media":15110,"comment_status":"closed","ping_status":"closed","sticky":false,"template":"","format":"standard","meta":{"footnotes":""},"categories":[7],"tags":[],"class_list":["post-15109","post","type-post","status-publish","format-standard","has-post-thumbnail","hentry","category-noticias"],"jetpack_featured_media_url":"https:\/\/sindesvdf.com.br\/news\/wp-content\/uploads\/2021\/04\/vacina_metropoles.jpg","_links":{"self":[{"href":"https:\/\/sindesvdf.com.br\/news\/wp-json\/wp\/v2\/posts\/15109","targetHints":{"allow":["GET"]}}],"collection":[{"href":"https:\/\/sindesvdf.com.br\/news\/wp-json\/wp\/v2\/posts"}],"about":[{"href":"https:\/\/sindesvdf.com.br\/news\/wp-json\/wp\/v2\/types\/post"}],"author":[{"embeddable":true,"href":"https:\/\/sindesvdf.com.br\/news\/wp-json\/wp\/v2\/users\/4"}],"replies":[{"embeddable":true,"href":"https:\/\/sindesvdf.com.br\/news\/wp-json\/wp\/v2\/comments?post=15109"}],"version-history":[{"count":3,"href":"https:\/\/sindesvdf.com.br\/news\/wp-json\/wp\/v2\/posts\/15109\/revisions"}],"predecessor-version":[{"id":15112,"href":"https:\/\/sindesvdf.com.br\/news\/wp-json\/wp\/v2\/posts\/15109\/revisions\/15112"}],"wp:featuredmedia":[{"embeddable":true,"href":"https:\/\/sindesvdf.com.br\/news\/wp-json\/wp\/v2\/media\/15110"}],"wp:attachment":[{"href":"https:\/\/sindesvdf.com.br\/news\/wp-json\/wp\/v2\/media?parent=15109"}],"wp:term":[{"taxonomy":"category","embeddable":true,"href":"https:\/\/sindesvdf.com.br\/news\/wp-json\/wp\/v2\/categories?post=15109"},{"taxonomy":"post_tag","embeddable":true,"href":"https:\/\/sindesvdf.com.br\/news\/wp-json\/wp\/v2\/tags?post=15109"}],"curies":[{"name":"wp","href":"https:\/\/api.w.org\/{rel}","templated":true}]}}