{"id":15158,"date":"2021-05-18T11:07:03","date_gmt":"2021-05-18T14:07:03","guid":{"rendered":"https:\/\/sindesvdf.com.br\/news\/?p=15158"},"modified":"2021-05-18T11:07:03","modified_gmt":"2021-05-18T14:07:03","slug":"recusa-a-se-vacinar-pode-resultar-em-dispensa-por-justa-causa","status":"publish","type":"post","link":"https:\/\/sindesvdf.com.br\/news\/recusa-a-se-vacinar-pode-resultar-em-dispensa-por-justa-causa\/","title":{"rendered":"Recusa a se vacinar pode resultar em dispensa por justa causa"},"content":{"rendered":"<p><img loading=\"lazy\" decoding=\"async\" class=\"aligncenter size-full wp-image-15159\" src=\"https:\/\/sindesvdf.com.br\/news\/wp-content\/uploads\/2021\/05\/vacina_demissao.jpg\" alt=\"\" width=\"700\" height=\"400\" srcset=\"https:\/\/sindesvdf.com.br\/news\/wp-content\/uploads\/2021\/05\/vacina_demissao.jpg 700w, https:\/\/sindesvdf.com.br\/news\/wp-content\/uploads\/2021\/05\/vacina_demissao-300x171.jpg 300w\" sizes=\"auto, (max-width: 700px) 100vw, 700px\" \/><\/p>\n<p><span style=\"font-size: 14pt;\">A necessidade de prote\u00e7\u00e3o da sa\u00fade de todos os trabalhadores e pacientes de hospital deve se sobrepor ao direito individual de se abster da imuniza\u00e7\u00e3o. Com esse entendimento, a 2\u00aa Vara do Trabalho de S\u00e3o Caetano do Sul (SP) validou a dispensa por justa causa de uma auxiliar de limpeza de hospital que se negou a tomar a vacina contra a Covid-19.<\/span><\/p>\n<p><span style=\"font-size: 14pt;\">A autora alegava que o fato de n\u00e3o ter comparecido no dia da vacina\u00e7\u00e3o n\u00e3o seria suficiente para configurar justa causa, j\u00e1 que n\u00e3o haveria lei que obrigasse o empregado a ser vacinado. Ela pedia a convers\u00e3o para dispensa injusta e o pagamento de verbas rescis\u00f3rias, multa de 40% sobre o saldo do FGTS e indeniza\u00e7\u00e3o por danos morais.<\/span><\/p>\n<p><span style=\"font-size: 14pt;\">A empregadora assinalava que a trabalhadora teria se recusado a tomar a vacina por duas vezes. Segundo a defesa, uma funcion\u00e1ria de hospital n\u00e3o imunizada que est\u00e1 na linha de frente da Covid-19 representa risco para si e para a sociedade.<\/span><\/p>\n<p><span style=\"font-size: 14pt;\">A ju\u00edza Isabela Parelli Haddad Flaitt fundamentou sua decis\u00e3o em precedentes do Supremo Tribunal Federal, em <b><a href=\"https:\/\/mpt.mp.br\/pgt\/noticias\/estudo_tecnico_de_vacinacao_gt_covid_19_versao_final_28_de_janeiro-sem-marca-dagua-2.pdf\" target=\"_blank\" rel=\"nofollow noopener\">guia t\u00e9cnico<\/a><\/b> do Minist\u00e9rio P\u00fablico do Trabalho e no artigo <a class=\"cite notIndex\" title=\"Artigo 3 da Lei n\u00ba 13.979 de 06 de Fevereiro de 2020\" href=\"https:\/\/www.jusbrasil.com.br\/topicos\/264320160\/artigo-3-da-lei-n-13979-de-06-de-fevereiro-de-2020\" rel=\"264320160\">3\u00ba<\/a> da <b><a href=\"http:\/\/www.planalto.gov.br\/ccivil_03\/_ato2019-2022\/2020\/lei\/l13979.htm\" target=\"_blank\" rel=\"nofollow noopener\">Lei <\/a><a class=\"cite\" title=\"LEI N\u00ba 13.979, DE 6 DE FEVEREIRO DE 2020\" href=\"https:\/\/www.jusbrasil.com.br\/legislacao\/853088824\/lei-13979-20\" rel=\"263160918\">13.979<\/a>\/2020<\/b>, que prev\u00ea possibilidade de vacina\u00e7\u00e3o compuls\u00f3ria.<\/span><\/p>\n<p><span style=\"font-size: 14pt;\">&#8220;A conduta da autora de se recusar a ser vacinada, laborando em um ambiente hospitalar e sem apresentar explica\u00e7\u00f5es m\u00e9dicas para uma poss\u00edvel absten\u00e7\u00e3o, configura ato de insubordina\u00e7\u00e3o pass\u00edvel de demiss\u00e3o por justa causa&#8221;, ressaltou a magistrada. Assim, os pedidos foram julgados totalmente improcedentes.<\/span><\/p>\n<p><span style=\"font-size: 14pt;\"><b>Clique <a href=\"https:\/\/www.conjur.com.br\/dl\/trabalhadora-negou-vacina-dispensada.pdf\" target=\"_blank\" rel=\"nofollow noopener\">aqui<\/a> para ler a decis\u00e3o<\/b><b><a class=\"entity-cite\" href=\"https:\/\/www.jusbrasil.com.br\/processos\/380288363\/processo-n-1000122-2420215020472-do-trt-2\" rel=\"TOPICOS_380288363\">1000122-24.2021.5.02.0472<\/a><\/b><\/span><b><\/b><\/p>\n<p style=\"text-align: right;\"><b><\/p>\n<p><em><span style=\"font-size: 14pt;\"><span style=\"font-size: 12pt;\">Fonte: Conjur \/ Por Jos\u00e9 Hig\u00eddio \/ Via JusBrasil<\/span><\/span><\/em><br \/>\n<\/b><\/p>\n<p class=\"wpf_wrapper\"><a class=\"print_link\" href=\"\" target=\"_blank\">Preparar para impress\u00e3o<\/a><\/p><!-- .wpf_wrapper -->","protected":false},"excerpt":{"rendered":"<p>A necessidade de prote\u00e7\u00e3o da sa\u00fade de todos os trabalhadores e pacientes de hospital deve se sobrepor ao direito individual&hellip; <\/p>\n","protected":false},"author":4,"featured_media":15159,"comment_status":"closed","ping_status":"closed","sticky":false,"template":"","format":"standard","meta":{"footnotes":""},"categories":[7],"tags":[],"class_list":["post-15158","post","type-post","status-publish","format-standard","has-post-thumbnail","hentry","category-noticias"],"jetpack_featured_media_url":"https:\/\/sindesvdf.com.br\/news\/wp-content\/uploads\/2021\/05\/vacina_demissao.jpg","_links":{"self":[{"href":"https:\/\/sindesvdf.com.br\/news\/wp-json\/wp\/v2\/posts\/15158","targetHints":{"allow":["GET"]}}],"collection":[{"href":"https:\/\/sindesvdf.com.br\/news\/wp-json\/wp\/v2\/posts"}],"about":[{"href":"https:\/\/sindesvdf.com.br\/news\/wp-json\/wp\/v2\/types\/post"}],"author":[{"embeddable":true,"href":"https:\/\/sindesvdf.com.br\/news\/wp-json\/wp\/v2\/users\/4"}],"replies":[{"embeddable":true,"href":"https:\/\/sindesvdf.com.br\/news\/wp-json\/wp\/v2\/comments?post=15158"}],"version-history":[{"count":2,"href":"https:\/\/sindesvdf.com.br\/news\/wp-json\/wp\/v2\/posts\/15158\/revisions"}],"predecessor-version":[{"id":15161,"href":"https:\/\/sindesvdf.com.br\/news\/wp-json\/wp\/v2\/posts\/15158\/revisions\/15161"}],"wp:featuredmedia":[{"embeddable":true,"href":"https:\/\/sindesvdf.com.br\/news\/wp-json\/wp\/v2\/media\/15159"}],"wp:attachment":[{"href":"https:\/\/sindesvdf.com.br\/news\/wp-json\/wp\/v2\/media?parent=15158"}],"wp:term":[{"taxonomy":"category","embeddable":true,"href":"https:\/\/sindesvdf.com.br\/news\/wp-json\/wp\/v2\/categories?post=15158"},{"taxonomy":"post_tag","embeddable":true,"href":"https:\/\/sindesvdf.com.br\/news\/wp-json\/wp\/v2\/tags?post=15158"}],"curies":[{"name":"wp","href":"https:\/\/api.w.org\/{rel}","templated":true}]}}