{"id":15168,"date":"2021-05-21T08:51:55","date_gmt":"2021-05-21T11:51:55","guid":{"rendered":"https:\/\/sindesvdf.com.br\/news\/?p=15168"},"modified":"2021-05-21T08:52:15","modified_gmt":"2021-05-21T11:52:15","slug":"df-mortes-por-covid-entre-30-e-39-anos-tiveram-alta-de-504-desde-inicio-da-pandemia","status":"publish","type":"post","link":"https:\/\/sindesvdf.com.br\/news\/df-mortes-por-covid-entre-30-e-39-anos-tiveram-alta-de-504-desde-inicio-da-pandemia\/","title":{"rendered":"DF: mortes por Covid entre 30 e 39 anos tiveram alta de 504% desde in\u00edcio da pandemia"},"content":{"rendered":"<figure id=\"attachment_15169\" aria-describedby=\"caption-attachment-15169\" style=\"width: 700px\" class=\"wp-caption aligncenter\"><img loading=\"lazy\" decoding=\"async\" class=\"wp-image-15169 size-full\" src=\"https:\/\/sindesvdf.com.br\/news\/wp-content\/uploads\/2021\/05\/obito.jpg\" alt=\"\" width=\"700\" height=\"400\" srcset=\"https:\/\/sindesvdf.com.br\/news\/wp-content\/uploads\/2021\/05\/obito.jpg 700w, https:\/\/sindesvdf.com.br\/news\/wp-content\/uploads\/2021\/05\/obito-300x171.jpg 300w\" sizes=\"auto, (max-width: 700px) 100vw, 700px\" \/><figcaption id=\"caption-attachment-15169\" class=\"wp-caption-text\">foto: Vin\u00edcius Schmidt\/Metr\u00f3poles<\/figcaption><\/figure>\n<p><span style=\"font-size: 14pt;\">Cart\u00f3rios do Distrito Federal registraram aumento de 504% em abril deste ano no n\u00famero de <a href=\"https:\/\/www.metropoles.com\/distrito-federal\/registros-de-mortes-de-pessoas-com-30-anos-por-covid-crescem-39-no-df\" target=\"_blank\" rel=\"noopener\">\u00f3bitos por Covid-19 da popula\u00e7\u00e3o na faixa et\u00e1ria de 30 a 39 anos<\/a> em compara\u00e7\u00e3o com a m\u00e9dia de mortes de pessoas desde que a pandemia come\u00e7ou, em mar\u00e7o de 2020.<\/span><\/p>\n<p><span style=\"font-size: 14pt;\">Em n\u00fameros absolutos, apenas na compara\u00e7\u00e3o com o m\u00eas anterior, a alta na quantidade de \u00f3bitos em abril \u00e9 de 55,35%. Os registros passaram de 56 mortes em mar\u00e7o para 87 no \u00faltimo m\u00eas.<\/span><\/p>\n<p><span style=\"font-size: 14pt;\">Os dados constam no <a href=\"https:\/\/transparencia.registrocivil.org.br\/inicio\" target=\"_blank\" rel=\"noopener\">Portal da Transpar\u00eancia do Registro Civil<\/a>, base de dados abastecida em tempo real pelos atos de nascimentos, casamentos e \u00f3bitos praticados pelos Cart\u00f3rios de Registro Civil do Pa\u00eds, administrada pela <a href=\"https:\/\/www.arpensp.org.br\/\" target=\"_blank\" rel=\"noopener\">Associa\u00e7\u00e3o Nacional dos Registradores de Pessoas Naturais (Arpen)<\/a>, cruzados com os dados hist\u00f3ricos do estudo Estat\u00edsticas do Registro Civil, promovido pelo <a href=\"https:\/\/www.ibge.gov.br\/\" target=\"_blank\" rel=\"noopener\">Instituto Brasileiro de Geografia e Estat\u00edstica (IBGE)<\/a>, com base nos dados dos pr\u00f3prios cart\u00f3rios brasileiros.<\/span><\/p>\n<p><span style=\"font-size: 14pt;\">No DF, a faixa et\u00e1ria que registrou o maior percentual de aumento em rela\u00e7\u00e3o \u00e0 m\u00e9dia desde o in\u00edcio da pandemia foi a da popula\u00e7\u00e3o entre 30 e 39 anos. Na sequ\u00eancia, mortes de pessoas com idades de 40 a 49 anos cresceram 471% em rela\u00e7\u00e3o \u00e0 m\u00e9dia para esta faixa et\u00e1ria desde o in\u00edcio da pandemia. O aumento tamb\u00e9m se deu nos n\u00fameros absolutos em rela\u00e7\u00e3o a mar\u00e7o, passando de 131 para 206 \u2014 alta de 57,25%.<\/span><\/p>\n<p><span style=\"font-size: 14pt;\">Um destes jovens que morreu em decorr\u00eancia da Covid-19 \u00e9 Valderez Alves da Silva, 38 anos. Vigilante, ele sa\u00eda de casa apenas para trabalhar. Ao retornar, tirava a roupa que vestia na rua ainda na \u00e1rea e tomava banho. Mesmo assim, acabou contaminado e n\u00e3o resistiu. \u201cEu e as crian\u00e7as mesmo n\u00e3o sa\u00edamos de casa. Tom\u00e1vamos muito cuidado mesmo. Infelizmente, isso aconteceu\u201d, lamenta M\u00e1rcia Rodrigues, 32, vi\u00fava da v\u00edtima.<\/span><\/p>\n<p><span style=\"font-size: 14pt;\">Foram 17 dias internado at\u00e9 o falecimento. Apesar de Valderez ter comorbidades, a esposa lembra que isso n\u00e3o foi fator principal para o \u00f3bito. \u201cOs m\u00e9dicos disseram que conseguiram controlar a press\u00e3o dele. O problema mesmo foi atacar o pulm\u00e3o\u201d, explica.<\/span><\/p>\n<p><span style=\"font-size: 14pt;\">Revivendo o sofrimento, ela diz que se sente indignada ao ver pessoas sem tomar os cuidados necess\u00e1rios. \u201cO sentimento de entrar num hospital e ver aquele tanto de gente intubada e ter que reconhecer meu marido n\u00e3o tem explica\u00e7\u00e3o. As pessoas precisam de ter mais consci\u00eancia e n\u00e3o esperar que ocorra com ela pr\u00f3pria ou algu\u00e9m da fam\u00edlia para fazer algo\u201d, defende.<\/span><\/p>\n<p><img loading=\"lazy\" decoding=\"async\" class=\"aligncenter size-full wp-image-15170\" src=\"https:\/\/sindesvdf.com.br\/news\/wp-content\/uploads\/2021\/05\/Valderez.jpg\" alt=\"\" width=\"378\" height=\"655\" srcset=\"https:\/\/sindesvdf.com.br\/news\/wp-content\/uploads\/2021\/05\/Valderez.jpg 378w, https:\/\/sindesvdf.com.br\/news\/wp-content\/uploads\/2021\/05\/Valderez-173x300.jpg 173w\" sizes=\"auto, (max-width: 378px) 100vw, 378px\" \/><\/p>\n<p><span style=\"font-size: 14pt;\">Em abril, o <strong>Metr\u00f3poles<\/strong> noticiou <a href=\"https:\/\/www.metropoles.com\/distrito-federal\/gerente-de-restaurantes-do-df-pega-covid-19-no-parto-e-morre\" target=\"_blank\" rel=\"noopener\">outro caso no DF de uma jovem gerente de restaurante, de 39 anos<\/a>, que faleceu ap\u00f3s contrair a Covid-19.<\/span><\/p>\n<p><span style=\"font-size: 14pt;\">A analista de qualidade Helen Carvalho da Silva, 32 anos, teve mais sorte. Come\u00e7ou a sentir os primeiros sintomas da Covid-19 no dia 3 de abril e no dia 15 testou positivo para a doen\u00e7a. \u201cChorei bastante, pois a gente sempre pensa o pior, que podemos morrer com essa doen\u00e7a. Fiquei muito abalada\u201d, conta Helen. No dia 19\/5, com a piora dos sintomas, realizou novos exames no Hospital Santa L\u00facia e apresentou 15% de comprometimento do pulm\u00e3o, com pneumonia leve.<\/span><\/p>\n<p><span style=\"font-size: 14pt;\">Com o agravamento do caso, foi parar na UTI. \u201c\u00c9 uma doen\u00e7a muito solit\u00e1ria, as vezes eu n\u00e3o tinha for\u00e7as nem de dar not\u00edcias aos meus familiares pelo meu celular, mas os m\u00e9dicos os tranquilizavam e davam as informa\u00e7\u00f5es por mim\u201d.<\/span><\/p>\n<p><span style=\"font-size: 14pt;\">A paciente n\u00e3o chegou a ser intubada, e ap\u00f3s 10 dias de interna\u00e7\u00e3o com a melhora do quadro, foi transferida para a semi-UTI. Com a melhora do quadro, Helen gravou alguns v\u00eddeos na internet comemorando e com dicas para seus amigos se cuidarem e evitarem a doen\u00e7a.<\/span><\/p>\n<h6><span style=\"font-size: 14pt;\">Diminui\u00e7\u00e3o entre idosos<\/span><\/h6>\n<p><span style=\"font-size: 14pt;\">Por outro lado, idosos acima de 70 anos v\u00eam representando queda significativa. Embora, em compara\u00e7\u00e3o com a m\u00e9dia desde o in\u00edcio da pandemia ainda tenha observado alta, os n\u00fameros s\u00e3o menores que o pico da primeira onda, ocorrido em agosto, quando ainda n\u00e3o havia vacina dispon\u00edvel.<\/span><\/p>\n<p><span style=\"font-size: 14pt;\">Na faixa entre 80 e 89 anos, por exemplo, foram 96 mortes em abril, enquanto que entre junho e outubro de 2020, foram registradas mais de 110 \u00f3bitos mensais. \u201cA vacina\u00e7\u00e3o tem sido extremamente efetiva. Ela n\u00e3o diminui o risco de contamina\u00e7\u00e3o, mas evita muito \u00f3bitos\u201d, comenta o epidemiologista e coordenador da Sala de Situa\u00e7\u00e3o da Universidade de Bras\u00edlia (UnB), Jonas Brant.<\/span><\/p>\n<p><span style=\"font-size: 14pt;\">Segundo ele, no entanto, essa redu\u00e7\u00e3o tem dado uma falsa sensa\u00e7\u00e3o de seguran\u00e7a na popula\u00e7\u00e3o, que aos poucos volta a perder os cuidados b\u00e1sicos. \u201cDiminuiu esse m\u00eas? Sim, mas ainda s\u00e3o quase mil casos confirmados por dia. Est\u00e1 longe de ser uma situa\u00e7\u00e3o boa\u201d, afirma.<\/span><\/p>\n<p><span style=\"font-size: 14pt;\">Jonas critica a reabertura do com\u00e9rcio, uma vez que isso deixa mais pessoas expostas ao v\u00edrus. \u201cA partir da\u00ed temos a doen\u00e7a circulando em mais pessoas e a possibilidade de muta\u00e7\u00e3o aumenta. N\u00e3o d\u00e1 para saber se a vacina eficaz hoje ser\u00e1 eficaz numa terceira onda\u201d, explica.<\/span><\/p>\n<p><span style=\"font-size: 14pt;\">Para ele, \u00e9 momento de controlar a pandemia, n\u00e3o se precaver com novos leitos. \u201c\u00c9 importante sim ter UTI, mas tamb\u00e9m \u00e9 preciso ter medidas para controlar o cont\u00e1gio, o que n\u00e3o tem sido feito\u201d, destaca.<\/span><\/p>\n<div>\n<div id=\"denakop-ad-291725330455889\" data-google-query-id=\"CKSm7pzZ2vACFTEyuQYd5lMDQw\">\n<div id=\"google_ads_iframe_\/21715141650\/desktop_intext_1__container__\"><\/div>\n<\/div>\n<\/div>\n<p style=\"text-align: right;\"><em><strong>Fonte: Metr\u00f3poles<\/strong><\/em><\/p>\n<p class=\"wpf_wrapper\"><a class=\"print_link\" href=\"\" target=\"_blank\">Preparar para impress\u00e3o<\/a><\/p><!-- .wpf_wrapper -->","protected":false},"excerpt":{"rendered":"<p>Cart\u00f3rios do Distrito Federal registraram aumento de 504% em abril deste ano no n\u00famero de \u00f3bitos por Covid-19 da popula\u00e7\u00e3o&hellip; <\/p>\n","protected":false},"author":4,"featured_media":15169,"comment_status":"closed","ping_status":"closed","sticky":false,"template":"","format":"standard","meta":{"footnotes":""},"categories":[7],"tags":[],"class_list":["post-15168","post","type-post","status-publish","format-standard","has-post-thumbnail","hentry","category-noticias"],"jetpack_featured_media_url":"https:\/\/sindesvdf.com.br\/news\/wp-content\/uploads\/2021\/05\/obito.jpg","_links":{"self":[{"href":"https:\/\/sindesvdf.com.br\/news\/wp-json\/wp\/v2\/posts\/15168","targetHints":{"allow":["GET"]}}],"collection":[{"href":"https:\/\/sindesvdf.com.br\/news\/wp-json\/wp\/v2\/posts"}],"about":[{"href":"https:\/\/sindesvdf.com.br\/news\/wp-json\/wp\/v2\/types\/post"}],"author":[{"embeddable":true,"href":"https:\/\/sindesvdf.com.br\/news\/wp-json\/wp\/v2\/users\/4"}],"replies":[{"embeddable":true,"href":"https:\/\/sindesvdf.com.br\/news\/wp-json\/wp\/v2\/comments?post=15168"}],"version-history":[{"count":2,"href":"https:\/\/sindesvdf.com.br\/news\/wp-json\/wp\/v2\/posts\/15168\/revisions"}],"predecessor-version":[{"id":15172,"href":"https:\/\/sindesvdf.com.br\/news\/wp-json\/wp\/v2\/posts\/15168\/revisions\/15172"}],"wp:featuredmedia":[{"embeddable":true,"href":"https:\/\/sindesvdf.com.br\/news\/wp-json\/wp\/v2\/media\/15169"}],"wp:attachment":[{"href":"https:\/\/sindesvdf.com.br\/news\/wp-json\/wp\/v2\/media?parent=15168"}],"wp:term":[{"taxonomy":"category","embeddable":true,"href":"https:\/\/sindesvdf.com.br\/news\/wp-json\/wp\/v2\/categories?post=15168"},{"taxonomy":"post_tag","embeddable":true,"href":"https:\/\/sindesvdf.com.br\/news\/wp-json\/wp\/v2\/tags?post=15168"}],"curies":[{"name":"wp","href":"https:\/\/api.w.org\/{rel}","templated":true}]}}