{"id":15245,"date":"2021-06-20T09:04:30","date_gmt":"2021-06-20T12:04:30","guid":{"rendered":"https:\/\/sindesvdf.com.br\/news\/?p=15245"},"modified":"2021-06-18T09:41:20","modified_gmt":"2021-06-18T12:41:20","slug":"20-de-junho-e-o-dia-do-vigilante","status":"publish","type":"post","link":"https:\/\/sindesvdf.com.br\/news\/20-de-junho-e-o-dia-do-vigilante\/","title":{"rendered":"20 de junho \u00e9 o dia do Vigilante"},"content":{"rendered":"<p><img loading=\"lazy\" decoding=\"async\" class=\"aligncenter size-full wp-image-15246\" src=\"https:\/\/sindesvdf.com.br\/news\/wp-content\/uploads\/2021\/06\/DiadoVigilante.jpg\" alt=\"\" width=\"700\" height=\"400\" srcset=\"https:\/\/sindesvdf.com.br\/news\/wp-content\/uploads\/2021\/06\/DiadoVigilante.jpg 700w, https:\/\/sindesvdf.com.br\/news\/wp-content\/uploads\/2021\/06\/DiadoVigilante-300x171.jpg 300w\" sizes=\"auto, (max-width: 700px) 100vw, 700px\" \/><\/p>\n<p><span style=\"font-size: 14pt;\">Ser vigilante \u00e9 uma grande responsabilidade, pois a prote\u00e7\u00e3o de vidas e patrim\u00f4nios est\u00e1 em suas m\u00e3os. No entanto, a sua vida, no exerc\u00edcio da atividade, est\u00e1 sempre em risco.<\/span><\/p>\n<p><span style=\"font-size: 14pt;\">Ao adentrar em um banco, hospital, \u00f3rg\u00e3os p\u00fablicos e privados, escolas, dentre tantos lugares, a primeira pessoa a ser vista \u00e9 o vigilante, que est\u00e1 ali para garantir a seguran\u00e7a desses locais.<\/span><\/p>\n<p><span style=\"font-size: 14pt;\">Somos uma na\u00e7\u00e3o de homens e mulheres orgulhosos da profiss\u00e3o, com grandes conquistas alcan\u00e7adas atrav\u00e9s da luta, e com tantas reivindica\u00e7\u00f5es ainda a serem contempladas e jamais desistiremos de chegar no topo e mostrar \u00e0 sociedade a import\u00e2ncia de ser vigilante, estar vigilante e viver vigilante todos os dias, seja nas madrugadas frias, no sol, na chuva, sempre estaremos l\u00e1, por voc\u00ea, por todos.<\/span><\/p>\n<p><span style=\"font-size: 14pt;\">Somos considerados atividade essencial, bancos n\u00e3o abrem sem o vigilante, tampouco os hospitais funcionam sem a nossa presen\u00e7a. Por isso, neste 20 de junho, temos algo a dizer: Respeitem o vigilante, respeitem esta categoria composta de pessoas com sonhos, ideais e acima de tudo, compromissada com a vida.<\/span><\/p>\n<p><span style=\"font-size: 14pt;\">Durante toda esta pandemia, estivemos presentes e trabalhando cotidianamente para garantir a seguran\u00e7a, arriscando nossas vidas, mais uma vez. A orienta\u00e7\u00e3o: \u201cfique em casa\u201d n\u00e3o coube ao vigilante e fomos para as ruas enfrentar o v\u00edrus, pois o nosso sustento e de nossas fam\u00edlias tamb\u00e9m era, e \u00e9, essencial.<\/span><\/p>\n<p><span style=\"font-size: 14pt;\">Que Deus abrace os mais de 58 vigilantes que perdemos para a COVID-19 e nosso Senhor Jesus Cristo conforte suas fam\u00edlias, amigos e colegas de trabalho.<\/span><\/p>\n<p><span style=\"font-size: 14pt;\">Parab\u00e9ns vigilantes pelo seu dia, 20 de junho. Mas consideramos, dada a import\u00e2ncia do que voc\u00ea faz diariamente, que todo dia \u00e9 dia do vigilante.<\/span><\/p>\n<p>&nbsp;<\/p>\n<div style=\"width: 720px;\" class=\"wp-video\"><video class=\"wp-video-shortcode\" id=\"video-15245-1\" width=\"720\" height=\"720\" preload=\"metadata\" controls=\"controls\"><source type=\"video\/mp4\" src=\"https:\/\/sindesvdf.com.br\/news\/wp-content\/uploads\/2021\/06\/dia-do-vigilante_RenderOKOK.mp4?_=1\" \/><a href=\"https:\/\/sindesvdf.com.br\/news\/wp-content\/uploads\/2021\/06\/dia-do-vigilante_RenderOKOK.mp4\">https:\/\/sindesvdf.com.br\/news\/wp-content\/uploads\/2021\/06\/dia-do-vigilante_RenderOKOK.mp4<\/a><\/video><\/div>\n<p class=\"wpf_wrapper\"><a class=\"print_link\" href=\"\" target=\"_blank\">Preparar para impress\u00e3o<\/a><\/p><!-- .wpf_wrapper -->","protected":false},"excerpt":{"rendered":"<p>Ser vigilante \u00e9 uma grande responsabilidade, pois a prote\u00e7\u00e3o de vidas e patrim\u00f4nios est\u00e1 em suas m\u00e3os. No entanto, a&hellip; <\/p>\n","protected":false},"author":4,"featured_media":15246,"comment_status":"closed","ping_status":"closed","sticky":false,"template":"","format":"standard","meta":{"footnotes":""},"categories":[7],"tags":[],"class_list":["post-15245","post","type-post","status-publish","format-standard","has-post-thumbnail","hentry","category-noticias"],"jetpack_featured_media_url":"https:\/\/sindesvdf.com.br\/news\/wp-content\/uploads\/2021\/06\/DiadoVigilante.jpg","_links":{"self":[{"href":"https:\/\/sindesvdf.com.br\/news\/wp-json\/wp\/v2\/posts\/15245","targetHints":{"allow":["GET"]}}],"collection":[{"href":"https:\/\/sindesvdf.com.br\/news\/wp-json\/wp\/v2\/posts"}],"about":[{"href":"https:\/\/sindesvdf.com.br\/news\/wp-json\/wp\/v2\/types\/post"}],"author":[{"embeddable":true,"href":"https:\/\/sindesvdf.com.br\/news\/wp-json\/wp\/v2\/users\/4"}],"replies":[{"embeddable":true,"href":"https:\/\/sindesvdf.com.br\/news\/wp-json\/wp\/v2\/comments?post=15245"}],"version-history":[{"count":2,"href":"https:\/\/sindesvdf.com.br\/news\/wp-json\/wp\/v2\/posts\/15245\/revisions"}],"predecessor-version":[{"id":15249,"href":"https:\/\/sindesvdf.com.br\/news\/wp-json\/wp\/v2\/posts\/15245\/revisions\/15249"}],"wp:featuredmedia":[{"embeddable":true,"href":"https:\/\/sindesvdf.com.br\/news\/wp-json\/wp\/v2\/media\/15246"}],"wp:attachment":[{"href":"https:\/\/sindesvdf.com.br\/news\/wp-json\/wp\/v2\/media?parent=15245"}],"wp:term":[{"taxonomy":"category","embeddable":true,"href":"https:\/\/sindesvdf.com.br\/news\/wp-json\/wp\/v2\/categories?post=15245"},{"taxonomy":"post_tag","embeddable":true,"href":"https:\/\/sindesvdf.com.br\/news\/wp-json\/wp\/v2\/tags?post=15245"}],"curies":[{"name":"wp","href":"https:\/\/api.w.org\/{rel}","templated":true}]}}