{"id":15264,"date":"2021-06-22T08:11:50","date_gmt":"2021-06-22T11:11:50","guid":{"rendered":"https:\/\/sindesvdf.com.br\/news\/?p=15264"},"modified":"2021-06-22T08:11:50","modified_gmt":"2021-06-22T11:11:50","slug":"numero-de-vigilantes-mortos-pela-covid-19-no-df-chega-a-59","status":"publish","type":"post","link":"https:\/\/sindesvdf.com.br\/news\/numero-de-vigilantes-mortos-pela-covid-19-no-df-chega-a-59\/","title":{"rendered":"N\u00famero de vigilantes mortos pela Covid-19 no DF chega a 59"},"content":{"rendered":"<figure id=\"attachment_15265\" aria-describedby=\"caption-attachment-15265\" style=\"width: 700px\" class=\"wp-caption aligncenter\"><img loading=\"lazy\" decoding=\"async\" class=\"size-full wp-image-15265\" src=\"https:\/\/sindesvdf.com.br\/news\/wp-content\/uploads\/2021\/06\/pesar_metropoles.jpg\" alt=\"\" width=\"700\" height=\"400\" srcset=\"https:\/\/sindesvdf.com.br\/news\/wp-content\/uploads\/2021\/06\/pesar_metropoles.jpg 700w, https:\/\/sindesvdf.com.br\/news\/wp-content\/uploads\/2021\/06\/pesar_metropoles-300x171.jpg 300w\" sizes=\"auto, (max-width: 700px) 100vw, 700px\" \/><figcaption id=\"caption-attachment-15265\" class=\"wp-caption-text\">GDF retomou a vacina\u00e7\u00e3o de um grupo de profissionais, mas categoria cobra imuniza\u00e7\u00e3o em massa<\/figcaption><\/figure>\n<p><span style=\"font-size: 14pt;\">O n\u00famero de <a href=\"https:\/\/www.metropoles.com\/tag\/vigilantes\" target=\"_blank\" rel=\"noopener\">vigilantes<\/a> mortos pela <a href=\"https:\/\/www.metropoles.com\/tag\/covid-19\" target=\"_blank\" rel=\"noopener\">Covid-19<\/a> no Distrito Federal subiu para 59. Nesta segunda-feira (21\/6), o <a href=\"https:\/\/sindesvdf.com.br\/news\/\" target=\"_blank\" rel=\"noopener\">Sindicato dos Vigilantes do DF (Sindesv-DF)<\/a> comunicou o falecimento de Cleiton Agapito de Oliveira (<em>foto em destaque<\/em>), 50 anos.<\/span><\/p>\n<p><span style=\"font-size: 14pt;\">Cleiton trabalhava na empresa \u00c1gil e, atualmente, estava escalado na <a href=\"https:\/\/www.gov.br\/ana\/pt-br\" target=\"_blank\" rel=\"noopener\">Ag\u00eancia Nacional de \u00c1guas (Ana)<\/a>. Pelas contas da entidade, a doen\u00e7a infectou 2.743 profissionais. Diante da morte de Cleiton, o sindicato refor\u00e7ou o pedido de vacina\u00e7\u00e3o ampla da categoria. A institui\u00e7\u00e3o defende a inclus\u00e3o oficial dos profissionais de vigil\u00e2ncia no grupo priorit\u00e1rio de vacina\u00e7\u00e3o contra o novo coronav\u00edrus.<\/span><\/p>\n<p><span style=\"font-size: 14pt;\">Na semana passada, o <a href=\"http:\/\/www.df.gov.br\/\" target=\"_blank\" rel=\"noopener\">Governo do Distrito Federal (GDF)<\/a> decidiu vacinar os vigilantes de escolas e bancos junto com professores das escolas p\u00fablicas e banc\u00e1rios.<\/span><\/p>\n<p><span style=\"font-size: 14pt;\">O governo tamb\u00e9m prometeu reservar 3 mil doses de vacina para os vigilantes a cada remessa enviada pelo Minist\u00e9rio da Sa\u00fade. O sindicato enviou lista com profissionais ainda n\u00e3o imunizados ao Pal\u00e1cio do Buriti.<\/span><\/p>\n<div class=\"m-banner-wrap m-banner-rectangle m-publicity-content-middle\">\n<div id=\"div-gpt-ad-distrito-federal-quadrado-2\" class=\"ad-quadrado\" data-google-query-id=\"CMHCsd6Lq_ECFTQ0uQYdMzILmw\">\n<div id=\"google_ads_iframe_\/123935210\/distrito-federal-quadrado-2_0__container__\"><span style=\"font-size: 14pt;\">No DF, por enquanto, foram vacinados, pontualmente, apenas os vigilantes da Sa\u00fade e escalados para atividades aeroportu\u00e1rias.<\/span><\/div>\n<div><\/div>\n<\/div>\n<div style=\"text-align: right;\"><strong><em>Fonte: Metr\u00f3poles<\/em><\/strong><\/div>\n<\/div>\n<p class=\"wpf_wrapper\"><a class=\"print_link\" href=\"\" target=\"_blank\">Preparar para impress\u00e3o<\/a><\/p><!-- .wpf_wrapper -->","protected":false},"excerpt":{"rendered":"<p>O n\u00famero de vigilantes mortos pela Covid-19 no Distrito Federal subiu para 59. Nesta segunda-feira (21\/6), o Sindicato dos Vigilantes&hellip; <\/p>\n","protected":false},"author":4,"featured_media":15265,"comment_status":"closed","ping_status":"closed","sticky":false,"template":"","format":"standard","meta":{"footnotes":""},"categories":[7],"tags":[],"class_list":["post-15264","post","type-post","status-publish","format-standard","has-post-thumbnail","hentry","category-noticias"],"jetpack_featured_media_url":"https:\/\/sindesvdf.com.br\/news\/wp-content\/uploads\/2021\/06\/pesar_metropoles.jpg","_links":{"self":[{"href":"https:\/\/sindesvdf.com.br\/news\/wp-json\/wp\/v2\/posts\/15264","targetHints":{"allow":["GET"]}}],"collection":[{"href":"https:\/\/sindesvdf.com.br\/news\/wp-json\/wp\/v2\/posts"}],"about":[{"href":"https:\/\/sindesvdf.com.br\/news\/wp-json\/wp\/v2\/types\/post"}],"author":[{"embeddable":true,"href":"https:\/\/sindesvdf.com.br\/news\/wp-json\/wp\/v2\/users\/4"}],"replies":[{"embeddable":true,"href":"https:\/\/sindesvdf.com.br\/news\/wp-json\/wp\/v2\/comments?post=15264"}],"version-history":[{"count":2,"href":"https:\/\/sindesvdf.com.br\/news\/wp-json\/wp\/v2\/posts\/15264\/revisions"}],"predecessor-version":[{"id":15267,"href":"https:\/\/sindesvdf.com.br\/news\/wp-json\/wp\/v2\/posts\/15264\/revisions\/15267"}],"wp:featuredmedia":[{"embeddable":true,"href":"https:\/\/sindesvdf.com.br\/news\/wp-json\/wp\/v2\/media\/15265"}],"wp:attachment":[{"href":"https:\/\/sindesvdf.com.br\/news\/wp-json\/wp\/v2\/media?parent=15264"}],"wp:term":[{"taxonomy":"category","embeddable":true,"href":"https:\/\/sindesvdf.com.br\/news\/wp-json\/wp\/v2\/categories?post=15264"},{"taxonomy":"post_tag","embeddable":true,"href":"https:\/\/sindesvdf.com.br\/news\/wp-json\/wp\/v2\/tags?post=15264"}],"curies":[{"name":"wp","href":"https:\/\/api.w.org\/{rel}","templated":true}]}}