{"id":15283,"date":"2021-07-05T11:42:18","date_gmt":"2021-07-05T14:42:18","guid":{"rendered":"https:\/\/sindesvdf.com.br\/news\/?p=15283"},"modified":"2021-07-05T11:42:52","modified_gmt":"2021-07-05T14:42:52","slug":"gdf-abre-vacinacao-contra-gripe-para-toda-populacao","status":"publish","type":"post","link":"https:\/\/sindesvdf.com.br\/news\/gdf-abre-vacinacao-contra-gripe-para-toda-populacao\/","title":{"rendered":"GDF abre vacina\u00e7\u00e3o contra gripe para toda popula\u00e7\u00e3o"},"content":{"rendered":"<p>&nbsp;<\/p>\n<p><img loading=\"lazy\" decoding=\"async\" class=\"aligncenter size-full wp-image-15289\" src=\"https:\/\/sindesvdf.com.br\/news\/wp-content\/uploads\/2021\/07\/vacina_gripe.jpg\" alt=\"\" width=\"700\" height=\"400\" srcset=\"https:\/\/sindesvdf.com.br\/news\/wp-content\/uploads\/2021\/07\/vacina_gripe.jpg 700w, https:\/\/sindesvdf.com.br\/news\/wp-content\/uploads\/2021\/07\/vacina_gripe-300x171.jpg 300w\" sizes=\"auto, (max-width: 700px) 100vw, 700px\" \/><\/p>\n<p><span style=\"font-size: 14pt;\">A Secretaria de Sa\u00fade anunciou a <a href=\"https:\/\/www.metropoles.com\/brasil\/saude-amplia-vacinacao-contra-a-gripe-para-toda-a-populacao\" target=\"_blank\" rel=\"noopener\">abertura da vacina\u00e7\u00e3o contra a gripe para toda a popula\u00e7\u00e3o<\/a> do Distrito Federal acima de 6 meses de idade a partir desta segunda-feira (5\/7). At\u00e9 ent\u00e3o, apenas grupos priorit\u00e1rios estavam sendo convocados para a imuniza\u00e7\u00e3o contra a Influenza.<\/span><\/p>\n<p><span style=\"font-size: 14pt;\">A decis\u00e3o do governo local ocorreu ap\u00f3s o <a href=\"https:\/\/www.metropoles.com\/brasil\/saude-amplia-vacinacao-contra-a-gripe-para-toda-a-populacao\" target=\"_blank\" rel=\"noopener\">Minist\u00e9rio da Sa\u00fade ter orientado estados e munic\u00edpios a ampliar<\/a> a campanha para toda a popula\u00e7\u00e3o brasileira acima dos seis meses de idade.<\/span><\/p>\n<p><span style=\"font-size: 14pt;\">\u201cA partir de segunda-feira , a vacina contra Influenza estar\u00e1 liberada nas cem UBSs [Unidades B\u00e1sicas de Sa\u00fade] que aplicam o imunizante para toda a popula\u00e7\u00e3o do DF\u201d.<span class=\"im\"><br \/>\n<\/span><\/span><\/p>\n<p><span style=\"font-size: 14pt;\">A <a href=\"https:\/\/www.metropoles.com\/brasil\/governo-faz-apelo-para-populacao-se-vacinar-contra-a-gripe\" target=\"_blank\" rel=\"noopener\">campanha<\/a> nacional conta com mais de 80 milh\u00f5es de doses de vacinas Influenza produzidas pelo Instituto Butantan. Cerca de 79 milh\u00f5es de brasileiros fazem parte do p\u00fablico alvo, que foi contemplado em tr\u00eas etapas, e \u00e9 importante refor\u00e7ar que ainda d\u00e1 tempo de se vacinar.<\/span><\/p>\n<blockquote><p><span style=\"font-size: 14pt;\">\u201cCampanhas de imuniza\u00e7\u00e3o s\u00e3o prioridade do Minist\u00e9rio da Sa\u00fade e resolvemos ampliar a vacina\u00e7\u00e3o contra a Influenza para todos os grupos. O nosso objetivo \u00e9 reduzir os casos graves de gripe que tamb\u00e9m pressionam o nosso sistema de sa\u00fade\u201d, afirmou o ministro da Sa\u00fade, Marcelo Queiroga.<\/span><\/p><\/blockquote>\n<p><span style=\"font-size: 14pt;\">At\u00e9 agora, 34,2 milh\u00f5es de pessoas est\u00e3o imunizadas, o que representa cerca de 42% dos grupos priorit\u00e1rios. De acordo com a Secretaria de Sa\u00fade, a campanha de vacina\u00e7\u00e3o contra Influenza no DF come\u00e7ou em abril e, em quase tr\u00eas meses, n\u00e3o atingiu ao menos 50% da popula\u00e7\u00e3o prevista para ser vacinada. A meta \u00e9 imunizar 90% de um p\u00fablico estimado em 1.117.656 indiv\u00edduos, por\u00e9m at\u00e9 o momento 522.182 procuraram os pontos de vacina\u00e7\u00e3o e receberam a dose de prote\u00e7\u00e3o.<\/span><\/p>\n<p><span style=\"font-size: 14pt;\">Para ser vacinado, basta procurar a <a href=\"http:\/\/www.saude.df.gov.br\/wp-conteudo\/uploads\/2021\/04\/Postos-de-vacinacao_-Influenza-2021-3.pdf\" target=\"_blank\" rel=\"noopener\">sala de vacina<\/a> mais pr\u00f3xima do local de resid\u00eancia. As unidades funcionam de segunda a sexta-feira.<\/span><\/p>\n<h6><span style=\"font-size: 14pt;\">Influenza<\/span><\/h6>\n<p><span style=\"font-size: 14pt;\">Segundo o governo local, \u00e9 no inverno que ocorre maior dissemina\u00e7\u00e3o das doen\u00e7as respirat\u00f3rias, que podem se complicar com doen\u00e7as bacterianas como amigdalites, sinusites, otites, pneumonias e at\u00e9 meningites. A Influenza \u00e9 mais comum nesse per\u00edodo.<\/span><\/p>\n<p><span style=\"font-size: 14pt;\">A Influenza \u00e9 uma infec\u00e7\u00e3o respirat\u00f3ria aguda, causada por agentes virais dos tipos A, B, C e D. O tipo A est\u00e1 associado a epidemias e pandemias, tem comportamento sazonal e apresenta aumento no n\u00famero de casos entre as esta\u00e7\u00f5es clim\u00e1ticas mais frias. A vacina\u00e7\u00e3o anual contra a Influenza previne casos graves e mortes pela doen\u00e7a.<\/span><\/p>\n<p><span style=\"font-size: 14pt;\">Caso seja do grupo de risco e recebeu a vacina contra a Covid-19, \u00e9 necess\u00e1rio aguardar um intervalo de 14 dias para se vacinar. O prazo tamb\u00e9m vale no caso de ter recebido a dose contra Influenza e se tiver chegado a vez de se vacinar contra a Covid-19. Quem recebeu a vacina CoronaVac deve aguardar 14 dias ap\u00f3s completar o esquema vacinal, uma vez que o intervalo entre as doses desse imunizante \u00e9 curto, de at\u00e9 28 dias.<\/span><\/p>\n<p>&nbsp;<\/p>\n<p style=\"text-align: right;\"><strong><em>Fonte: Metr\u00f3poles<\/em><\/strong><\/p>\n<p class=\"wpf_wrapper\"><a class=\"print_link\" href=\"\" target=\"_blank\">Preparar para impress\u00e3o<\/a><\/p><!-- .wpf_wrapper -->","protected":false},"excerpt":{"rendered":"<p>&nbsp; A Secretaria de Sa\u00fade anunciou a abertura da vacina\u00e7\u00e3o contra a gripe para toda a popula\u00e7\u00e3o do Distrito Federal&hellip; <\/p>\n","protected":false},"author":4,"featured_media":15289,"comment_status":"closed","ping_status":"closed","sticky":false,"template":"","format":"standard","meta":{"footnotes":""},"categories":[7],"tags":[],"class_list":["post-15283","post","type-post","status-publish","format-standard","has-post-thumbnail","hentry","category-noticias"],"jetpack_featured_media_url":"https:\/\/sindesvdf.com.br\/news\/wp-content\/uploads\/2021\/07\/vacina_gripe.jpg","_links":{"self":[{"href":"https:\/\/sindesvdf.com.br\/news\/wp-json\/wp\/v2\/posts\/15283","targetHints":{"allow":["GET"]}}],"collection":[{"href":"https:\/\/sindesvdf.com.br\/news\/wp-json\/wp\/v2\/posts"}],"about":[{"href":"https:\/\/sindesvdf.com.br\/news\/wp-json\/wp\/v2\/types\/post"}],"author":[{"embeddable":true,"href":"https:\/\/sindesvdf.com.br\/news\/wp-json\/wp\/v2\/users\/4"}],"replies":[{"embeddable":true,"href":"https:\/\/sindesvdf.com.br\/news\/wp-json\/wp\/v2\/comments?post=15283"}],"version-history":[{"count":3,"href":"https:\/\/sindesvdf.com.br\/news\/wp-json\/wp\/v2\/posts\/15283\/revisions"}],"predecessor-version":[{"id":15291,"href":"https:\/\/sindesvdf.com.br\/news\/wp-json\/wp\/v2\/posts\/15283\/revisions\/15291"}],"wp:featuredmedia":[{"embeddable":true,"href":"https:\/\/sindesvdf.com.br\/news\/wp-json\/wp\/v2\/media\/15289"}],"wp:attachment":[{"href":"https:\/\/sindesvdf.com.br\/news\/wp-json\/wp\/v2\/media?parent=15283"}],"wp:term":[{"taxonomy":"category","embeddable":true,"href":"https:\/\/sindesvdf.com.br\/news\/wp-json\/wp\/v2\/categories?post=15283"},{"taxonomy":"post_tag","embeddable":true,"href":"https:\/\/sindesvdf.com.br\/news\/wp-json\/wp\/v2\/tags?post=15283"}],"curies":[{"name":"wp","href":"https:\/\/api.w.org\/{rel}","templated":true}]}}