{"id":15511,"date":"2021-09-10T15:37:30","date_gmt":"2021-09-10T18:37:30","guid":{"rendered":"https:\/\/sindesvdf.com.br\/news\/?p=15511"},"modified":"2021-09-10T15:37:30","modified_gmt":"2021-09-10T18:37:30","slug":"por-atraso-de-salario-vigilantes-de-hospitais-publicos-do-df-ameacam-greve","status":"publish","type":"post","link":"https:\/\/sindesvdf.com.br\/news\/por-atraso-de-salario-vigilantes-de-hospitais-publicos-do-df-ameacam-greve\/","title":{"rendered":"Por atraso de sal\u00e1rio, vigilantes de hospitais p\u00fablicos do DF amea\u00e7am greve"},"content":{"rendered":"<figure id=\"attachment_15512\" aria-describedby=\"caption-attachment-15512\" style=\"width: 700px\" class=\"wp-caption aligncenter\"><img loading=\"lazy\" decoding=\"async\" class=\"wp-image-15512 size-full\" src=\"https:\/\/sindesvdf.com.br\/news\/wp-content\/uploads\/2021\/09\/materiaSAude.jpg\" alt=\"\" width=\"700\" height=\"400\" srcset=\"https:\/\/sindesvdf.com.br\/news\/wp-content\/uploads\/2021\/09\/materiaSAude.jpg 700w, https:\/\/sindesvdf.com.br\/news\/wp-content\/uploads\/2021\/09\/materiaSAude-300x171.jpg 300w\" sizes=\"auto, (max-width: 700px) 100vw, 700px\" \/><figcaption id=\"caption-attachment-15512\" class=\"wp-caption-text\">Vigilantes n\u00e3o receberam o pagamento de setembro. Sindicato amea\u00e7a paralisa\u00e7\u00e3o.<\/figcaption><\/figure>\n<p><span style=\"font-size: 14pt;\">Respons\u00e1veis pela prote\u00e7\u00e3o nos hospitais p\u00fablicos do Distrito Federal, <a href=\"https:\/\/www.metropoles.com\/distrito-federal\/greve-de-vigilantes-deixa-ubss-de-13-cidades-do-df-sem-seguranca-na-4a\" target=\"_blank\" rel=\"noopener\">cerca de 2,8 mil vigilantes est\u00e3o com sal\u00e1rios deste m\u00eas atrasados<\/a>. Os trabalhadores s\u00e3o terceirizados das empresas Aval, Ipanema, Bras\u00edlia e Visan. Elas s\u00e3o respons\u00e1veis por prestar servi\u00e7os \u00e0 <a href=\"https:\/\/www.metropoles.com\/distrito-federal\/covid-adolescentes-de-16-anos-encaram-fila-para-receber-vacina-no-df\" target=\"_blank\" rel=\"noopener\">Secretaria de Sa\u00fade<\/a>.<\/span><\/p>\n<p><span style=\"font-size: 14pt;\">Segundo o Sindicato dos Vigilantes do Distrito Federal (<a href=\"https:\/\/www.metropoles.com\/tag\/sindesv-df\" target=\"_blank\" rel=\"noopener\">Sindesv-DF<\/a>), uma greve pode ser anunciada a qualquer momento, caso n\u00e3o sejam depositados os sal\u00e1rios.<\/span><\/p>\n<p><span style=\"font-size: 14pt;\">\u201cPlanejamos, sim [paralisa\u00e7\u00e3o], se esse pagamento n\u00e3o sair. J\u00e1 enviamos um of\u00edcio para o secret\u00e1rio de Sa\u00fade, pendido que resolva esse problema\u201d, revela o presidente do Sindesv-DF, Paulo Quadros. \u201c<em>Vamos parar por tempo indeterminado, a qualquer momento estamos paralisando<\/em>\u201d.<\/span><\/p>\n<p><span style=\"font-size: 14pt;\">Na \u00faltima greve da categoria, em maio, Unidades B\u00e1sicas de Sa\u00fade (UBSs) de 13 cidades e a maior parte das Unidades de Pronto Atendimento (UPAs) ficaram sem o servi\u00e7o dos vigilantes.<\/span><\/p>\n<p><span style=\"font-size: 14pt;\">O <strong>Metr\u00f3poles<\/strong> entrou em contato com a Secretaria de Sa\u00fade, mas ainda n\u00e3o obteve retorno. A reportagem tamb\u00e9m tenta contato com as empresas respons\u00e1veis pelo pagamento. O espa\u00e7o segue aberto para eventuais manifesta\u00e7\u00f5es.<\/span><\/p>\n<p>&nbsp;<\/p>\n<p style=\"text-align: right;\"><em><strong>Fonte: Metr\u00f3poles<\/strong><\/em><\/p>\n<p>&nbsp;<\/p>\n<p class=\"wpf_wrapper\"><a class=\"print_link\" href=\"\" target=\"_blank\">Preparar para impress\u00e3o<\/a><\/p><!-- .wpf_wrapper -->","protected":false},"excerpt":{"rendered":"<p>Respons\u00e1veis pela prote\u00e7\u00e3o nos hospitais p\u00fablicos do Distrito Federal, cerca de 2,8 mil vigilantes est\u00e3o com sal\u00e1rios deste m\u00eas atrasados.&hellip; <\/p>\n","protected":false},"author":4,"featured_media":15512,"comment_status":"closed","ping_status":"closed","sticky":false,"template":"","format":"standard","meta":{"footnotes":""},"categories":[7],"tags":[],"class_list":["post-15511","post","type-post","status-publish","format-standard","has-post-thumbnail","hentry","category-noticias"],"jetpack_featured_media_url":"https:\/\/sindesvdf.com.br\/news\/wp-content\/uploads\/2021\/09\/materiaSAude.jpg","_links":{"self":[{"href":"https:\/\/sindesvdf.com.br\/news\/wp-json\/wp\/v2\/posts\/15511","targetHints":{"allow":["GET"]}}],"collection":[{"href":"https:\/\/sindesvdf.com.br\/news\/wp-json\/wp\/v2\/posts"}],"about":[{"href":"https:\/\/sindesvdf.com.br\/news\/wp-json\/wp\/v2\/types\/post"}],"author":[{"embeddable":true,"href":"https:\/\/sindesvdf.com.br\/news\/wp-json\/wp\/v2\/users\/4"}],"replies":[{"embeddable":true,"href":"https:\/\/sindesvdf.com.br\/news\/wp-json\/wp\/v2\/comments?post=15511"}],"version-history":[{"count":2,"href":"https:\/\/sindesvdf.com.br\/news\/wp-json\/wp\/v2\/posts\/15511\/revisions"}],"predecessor-version":[{"id":15516,"href":"https:\/\/sindesvdf.com.br\/news\/wp-json\/wp\/v2\/posts\/15511\/revisions\/15516"}],"wp:featuredmedia":[{"embeddable":true,"href":"https:\/\/sindesvdf.com.br\/news\/wp-json\/wp\/v2\/media\/15512"}],"wp:attachment":[{"href":"https:\/\/sindesvdf.com.br\/news\/wp-json\/wp\/v2\/media?parent=15511"}],"wp:term":[{"taxonomy":"category","embeddable":true,"href":"https:\/\/sindesvdf.com.br\/news\/wp-json\/wp\/v2\/categories?post=15511"},{"taxonomy":"post_tag","embeddable":true,"href":"https:\/\/sindesvdf.com.br\/news\/wp-json\/wp\/v2\/tags?post=15511"}],"curies":[{"name":"wp","href":"https:\/\/api.w.org\/{rel}","templated":true}]}}