{"id":15629,"date":"2021-10-29T16:39:32","date_gmt":"2021-10-29T19:39:32","guid":{"rendered":"https:\/\/sindesvdf.com.br\/news\/?p=15629"},"modified":"2021-11-08T09:45:56","modified_gmt":"2021-11-08T12:45:56","slug":"sindesv-df-inaugura-um-novo-espaco-para-a-assessoria-juridica","status":"publish","type":"post","link":"https:\/\/sindesvdf.com.br\/news\/sindesv-df-inaugura-um-novo-espaco-para-a-assessoria-juridica\/","title":{"rendered":"SINDESV-DF inaugura um novo espa\u00e7o para a assessoria jur\u00eddica"},"content":{"rendered":"<p><img loading=\"lazy\" decoding=\"async\" class=\"aligncenter size-full wp-image-15630\" src=\"https:\/\/sindesvdf.com.br\/news\/wp-content\/uploads\/2021\/10\/Juridico.jpg\" alt=\"\" width=\"700\" height=\"400\" srcset=\"https:\/\/sindesvdf.com.br\/news\/wp-content\/uploads\/2021\/10\/Juridico.jpg 700w, https:\/\/sindesvdf.com.br\/news\/wp-content\/uploads\/2021\/10\/Juridico-300x171.jpg 300w\" sizes=\"auto, (max-width: 700px) 100vw, 700px\" \/><\/p>\n<p><span style=\"font-size: 14pt;\">O que era bom, vai ficar ainda melhor com o novo espa\u00e7o que o Sindicato dos Vigilantes inaugurou para melhor atender os associados que procuram a nossa assessoria jur\u00eddica para as suas demandas. <\/span><\/p>\n<p><span style=\"font-size: 14pt;\">Um ambiente totalmente transformado com sala de audi\u00eancia remota, salas para os advogados das \u00e1reas trabalhista, previdenci\u00e1ria e criminal para um atendimento personalizado e com privacidade.<\/span><\/p>\n<p><span style=\"font-size: 14pt;\">Um local mais amplo e adequado aos novos tempos que estamos vivendo, com isolamento nas mesas para a prote\u00e7\u00e3o contra a COVID-19 durante o atendimento.<\/span><\/p>\n<p><span style=\"font-size: 14pt;\">Mais advogados e novos espa\u00e7os de atendimento para otimizar o tempo do associado e uma recep\u00e7\u00e3o para direcionar o vigilante para a \u00e1rea da qual ele necessita de assessoria jur\u00eddica.<\/span><\/p>\n<p>&nbsp;<\/p>\n<p><strong><span style=\"font-size: 14pt;\">Confira!<\/span><\/strong><\/p>\n<div style=\"width: 1110px;\" class=\"wp-video\"><video class=\"wp-video-shortcode\" id=\"video-15629-1\" width=\"1110\" height=\"624\" preload=\"metadata\" controls=\"controls\"><source type=\"video\/mp4\" src=\"https:\/\/sindesvdf.com.br\/news\/wp-content\/uploads\/2021\/10\/Paulo_site.mp4?_=1\" \/><a href=\"https:\/\/sindesvdf.com.br\/news\/wp-content\/uploads\/2021\/10\/Paulo_site.mp4\">https:\/\/sindesvdf.com.br\/news\/wp-content\/uploads\/2021\/10\/Paulo_site.mp4<\/a><\/video><\/div>\n<p>&nbsp;<\/p>\n<div style=\"width: 1110px;\" class=\"wp-video\"><video class=\"wp-video-shortcode\" id=\"video-15629-2\" width=\"1110\" height=\"624\" preload=\"metadata\" controls=\"controls\"><source type=\"video\/mp4\" src=\"https:\/\/sindesvdf.com.br\/news\/wp-content\/uploads\/2021\/10\/Ze-Maria-SIte.mp4?_=2\" \/><a href=\"https:\/\/sindesvdf.com.br\/news\/wp-content\/uploads\/2021\/10\/Ze-Maria-SIte.mp4\">https:\/\/sindesvdf.com.br\/news\/wp-content\/uploads\/2021\/10\/Ze-Maria-SIte.mp4<\/a><\/video><\/div>\n<p>&nbsp;<\/p>\n<p class=\"wpf_wrapper\"><a class=\"print_link\" href=\"\" target=\"_blank\">Preparar para impress\u00e3o<\/a><\/p><!-- .wpf_wrapper -->","protected":false},"excerpt":{"rendered":"<p>O que era bom, vai ficar ainda melhor com o novo espa\u00e7o que o Sindicato dos Vigilantes inaugurou para melhor&hellip; <\/p>\n","protected":false},"author":4,"featured_media":15630,"comment_status":"closed","ping_status":"closed","sticky":false,"template":"","format":"standard","meta":{"footnotes":""},"categories":[7],"tags":[],"class_list":["post-15629","post","type-post","status-publish","format-standard","has-post-thumbnail","hentry","category-noticias"],"jetpack_featured_media_url":"https:\/\/sindesvdf.com.br\/news\/wp-content\/uploads\/2021\/10\/Juridico.jpg","_links":{"self":[{"href":"https:\/\/sindesvdf.com.br\/news\/wp-json\/wp\/v2\/posts\/15629","targetHints":{"allow":["GET"]}}],"collection":[{"href":"https:\/\/sindesvdf.com.br\/news\/wp-json\/wp\/v2\/posts"}],"about":[{"href":"https:\/\/sindesvdf.com.br\/news\/wp-json\/wp\/v2\/types\/post"}],"author":[{"embeddable":true,"href":"https:\/\/sindesvdf.com.br\/news\/wp-json\/wp\/v2\/users\/4"}],"replies":[{"embeddable":true,"href":"https:\/\/sindesvdf.com.br\/news\/wp-json\/wp\/v2\/comments?post=15629"}],"version-history":[{"count":5,"href":"https:\/\/sindesvdf.com.br\/news\/wp-json\/wp\/v2\/posts\/15629\/revisions"}],"predecessor-version":[{"id":15636,"href":"https:\/\/sindesvdf.com.br\/news\/wp-json\/wp\/v2\/posts\/15629\/revisions\/15636"}],"wp:featuredmedia":[{"embeddable":true,"href":"https:\/\/sindesvdf.com.br\/news\/wp-json\/wp\/v2\/media\/15630"}],"wp:attachment":[{"href":"https:\/\/sindesvdf.com.br\/news\/wp-json\/wp\/v2\/media?parent=15629"}],"wp:term":[{"taxonomy":"category","embeddable":true,"href":"https:\/\/sindesvdf.com.br\/news\/wp-json\/wp\/v2\/categories?post=15629"},{"taxonomy":"post_tag","embeddable":true,"href":"https:\/\/sindesvdf.com.br\/news\/wp-json\/wp\/v2\/tags?post=15629"}],"curies":[{"name":"wp","href":"https:\/\/api.w.org\/{rel}","templated":true}]}}