{"id":15878,"date":"2022-02-11T16:39:58","date_gmt":"2022-02-11T19:39:58","guid":{"rendered":"https:\/\/sindesvdf.com.br\/news\/?p=15878"},"modified":"2022-02-11T16:39:58","modified_gmt":"2022-02-11T19:39:58","slug":"em-assembleia-vigilantes-do-df-acolhem-proposta-do-trt-10-e-do-mpt","status":"publish","type":"post","link":"https:\/\/sindesvdf.com.br\/news\/em-assembleia-vigilantes-do-df-acolhem-proposta-do-trt-10-e-do-mpt\/","title":{"rendered":"Em assembleia, vigilantes do DF acolhem proposta do TRT-10 e do MPT"},"content":{"rendered":"<p><img loading=\"lazy\" decoding=\"async\" class=\"aligncenter wp-image-15879 size-full\" src=\"https:\/\/sindesvdf.com.br\/news\/wp-content\/uploads\/2022\/02\/JB.jpg\" alt=\"\" width=\"700\" height=\"400\" srcset=\"https:\/\/sindesvdf.com.br\/news\/wp-content\/uploads\/2022\/02\/JB.jpg 700w, https:\/\/sindesvdf.com.br\/news\/wp-content\/uploads\/2022\/02\/JB-300x171.jpg 300w\" sizes=\"auto, (max-width: 700px) 100vw, 700px\" \/><\/p>\n<p><span style=\"font-size: 14pt;\">Categoria, que estava em mobiliza\u00e7\u00e3o, decidiu na noite de ontem por reajuste salarial de 8,5%<\/span><\/p>\n<p><span style=\"font-size: 14pt;\">Reunidos em assembleia na noite desta quinta-feira (10), os vigilantes do Distrito Federal decidiram aceitar proposta definida durante reuni\u00e3o de concilia\u00e7\u00e3o entre a categoria e o patronato pelo Tribunal Regional do Trabalho da 10a Regi\u00e3o e o Minist\u00e9rio P\u00fablico do Trabalho.<\/span><\/p>\n<p style=\"font-weight: inherit;\"><span style=\"font-size: 14pt;\">Ficou acertado reajuste de 8,5%, retroativo ao dia 1o de janeiro. O valor do ticket refei\u00e7\u00e3o na jornada 12\u00d736 ficou em R$ 639,45 e o valor subsidiado do plano de sa\u00fade em R$ 151,90. Com isso, o sal\u00e1rio total destes profissionais sobe para R$ 3.185,50.<\/span><\/p>\n<p style=\"font-weight: inherit;\"><span style=\"font-size: 14pt;\">O deputado distrital Chico Vigilante (PT), que h\u00e1 mais de 40 anos atua em defesa da categoria, destacou que este n\u00e3o \u00e9 o reajuste desejado, mas foi o melhor negociado com o interm\u00e9dio do TRT e do MPT.<\/span><\/p>\n<p style=\"font-weight: inherit;\"><span style=\"font-size: 14pt;\">\u201c<em>Tivemos perdas massacrantes no direito dos trabalhadores com a reforma trabalhista e precisamos nos movimentar para mudar essa situa\u00e7\u00e3o este ano. Os vigilantes n\u00e3o s\u00e3o banqueiros, nem latifundi\u00e1rios e nem empres\u00e1rios. Por isso, n\u00e3o podemos apoiar o capit\u00e3o Jair Bolsonaro nas pr\u00f3ximas elei\u00e7\u00f5es<\/em>\u201d.<\/span><\/p>\n<p style=\"font-weight: inherit;\"><span style=\"font-size: 14pt;\">O acordo tamb\u00e9m permitiu o aumento do fundo de indeniza\u00e7\u00e3o de R$ 30.800,00 para R$ 33.418,22. E o valor do aux\u00edlio funeral passa a ser de R$ 5.425,00.<\/span><\/p>\n<p style=\"text-align: right;\"><em><strong>Fonte: Jornal de Bras\u00edlia<\/strong><\/em><\/p>\n<p>&nbsp;<\/p>\n<p class=\"wpf_wrapper\"><a class=\"print_link\" href=\"\" target=\"_blank\">Preparar para impress\u00e3o<\/a><\/p><!-- .wpf_wrapper -->","protected":false},"excerpt":{"rendered":"<p>Categoria, que estava em mobiliza\u00e7\u00e3o, decidiu na noite de ontem por reajuste salarial de 8,5% Reunidos em assembleia na noite&hellip; <\/p>\n","protected":false},"author":4,"featured_media":15879,"comment_status":"closed","ping_status":"closed","sticky":false,"template":"","format":"standard","meta":{"footnotes":""},"categories":[7],"tags":[],"class_list":["post-15878","post","type-post","status-publish","format-standard","has-post-thumbnail","hentry","category-noticias"],"jetpack_featured_media_url":"https:\/\/sindesvdf.com.br\/news\/wp-content\/uploads\/2022\/02\/JB.jpg","_links":{"self":[{"href":"https:\/\/sindesvdf.com.br\/news\/wp-json\/wp\/v2\/posts\/15878","targetHints":{"allow":["GET"]}}],"collection":[{"href":"https:\/\/sindesvdf.com.br\/news\/wp-json\/wp\/v2\/posts"}],"about":[{"href":"https:\/\/sindesvdf.com.br\/news\/wp-json\/wp\/v2\/types\/post"}],"author":[{"embeddable":true,"href":"https:\/\/sindesvdf.com.br\/news\/wp-json\/wp\/v2\/users\/4"}],"replies":[{"embeddable":true,"href":"https:\/\/sindesvdf.com.br\/news\/wp-json\/wp\/v2\/comments?post=15878"}],"version-history":[{"count":1,"href":"https:\/\/sindesvdf.com.br\/news\/wp-json\/wp\/v2\/posts\/15878\/revisions"}],"predecessor-version":[{"id":15880,"href":"https:\/\/sindesvdf.com.br\/news\/wp-json\/wp\/v2\/posts\/15878\/revisions\/15880"}],"wp:featuredmedia":[{"embeddable":true,"href":"https:\/\/sindesvdf.com.br\/news\/wp-json\/wp\/v2\/media\/15879"}],"wp:attachment":[{"href":"https:\/\/sindesvdf.com.br\/news\/wp-json\/wp\/v2\/media?parent=15878"}],"wp:term":[{"taxonomy":"category","embeddable":true,"href":"https:\/\/sindesvdf.com.br\/news\/wp-json\/wp\/v2\/categories?post=15878"},{"taxonomy":"post_tag","embeddable":true,"href":"https:\/\/sindesvdf.com.br\/news\/wp-json\/wp\/v2\/tags?post=15878"}],"curies":[{"name":"wp","href":"https:\/\/api.w.org\/{rel}","templated":true}]}}