{"id":16062,"date":"2022-06-20T13:55:59","date_gmt":"2022-06-20T16:55:59","guid":{"rendered":"https:\/\/sindesvdf.com.br\/news\/?p=16062"},"modified":"2022-06-20T13:55:59","modified_gmt":"2022-06-20T16:55:59","slug":"em-reuniao-secretaria-de-saude-promete-punir-empresas-que-atrasam-o-pagamento-dos-vigilantes-e-demais-terceirizados","status":"publish","type":"post","link":"https:\/\/sindesvdf.com.br\/news\/em-reuniao-secretaria-de-saude-promete-punir-empresas-que-atrasam-o-pagamento-dos-vigilantes-e-demais-terceirizados\/","title":{"rendered":"Em reuni\u00e3o, secret\u00e1ria de sa\u00fade promete punir empresas que atrasam o pagamento dos vigilantes e demais terceirizados"},"content":{"rendered":"<p><img loading=\"lazy\" decoding=\"async\" class=\"aligncenter size-full wp-image-16063\" src=\"https:\/\/sindesvdf.com.br\/news\/wp-content\/uploads\/2022\/06\/saude.jpg\" alt=\"\" width=\"700\" height=\"400\" srcset=\"https:\/\/sindesvdf.com.br\/news\/wp-content\/uploads\/2022\/06\/saude.jpg 700w, https:\/\/sindesvdf.com.br\/news\/wp-content\/uploads\/2022\/06\/saude-300x171.jpg 300w\" sizes=\"auto, (max-width: 700px) 100vw, 700px\" \/><\/p>\n<p><span style=\"font-size: 14pt;\">Diante dos constantes atrasos no pagamento dos sal\u00e1rios e demais benef\u00edcios dos vigilantes e demais terceirizados que prestam servi\u00e7o em hospitais e demais unidades de sa\u00fade do DF, com a intermedia\u00e7\u00e3o do deputado Distrital Chico Vigilante, os presidentes do Sindicato dos Vigilantes do DF e do SINDSERVI\u00c7OS se reuniram, dia 15\/06, quarta-feira com a Secret\u00e1ria de Sa\u00fade do DF, Lucilene Maria Flor\u00eancio de Queiroz.<\/span><\/p>\n<p><span style=\"font-size: 14pt;\">Paulo Quadros, presidente do SINDESV-DF e Maria Isabel Caetano, presidenta do SINDSERVI\u00c7OS expuseram para a Secret\u00e1ria de Sa\u00fade rec\u00e9m empossada a situa\u00e7\u00e3o insustent\u00e1vel diante do atraso do pagamento de sal\u00e1rios e benef\u00edcios e que se repetem todos os meses, obrigando as entidades a paralisarem atividades, al\u00e9m de den\u00fancias para que os trabalhadores recebam seus pagamentos.<\/span><\/p>\n<p><span style=\"font-size: 14pt;\">Na reuni\u00e3o estavam presentes o deputado Chico Vigilante, Paulo Quadros, Isabel Caetano, diretores dos dois sindicatos e equipe t\u00e9cnica da Secretaria de Sa\u00fade do DF.<\/span><\/p>\n<p><span style=\"font-size: 14pt;\">A equipe t\u00e9cnica da Secretaria de Sa\u00fade esclareceu que tem mantido o pagamento das parcelas contratuais com as empresas em dia. Tamb\u00e9m esclareceu que, se h\u00e1 falta de atualiza\u00e7\u00e3o nos repasses referentes \u00e0s repactua\u00e7\u00f5es, deve-se especialmente as empresas que est\u00e3o inadimplentes com documentos comprobat\u00f3rios exigidos pela legisla\u00e7\u00e3o tribut\u00e1ria.<\/span><\/p>\n<p><span style=\"font-size: 14pt;\">Tamb\u00e9m foram enf\u00e1ticos ao esclarecer que as empresas s\u00e3o obrigadas a garantir os vencimentos dos seus empregados em dia, mesmo que as parcelas contratuais estejam atrasadas por at\u00e9 tr\u00eas meses.<\/span><\/p>\n<p><span style=\"font-size: 14pt;\">A secret\u00e1ria de Sa\u00fade se comprometeu com o parlamentar e os sindicalistas que vai fiscalizar e punir com rigor as empresas prestadoras de servi\u00e7os que n\u00e3o cumprirem com as suas obriga\u00e7\u00f5es trabalhistas e com a pontualidade no pagamento dos seus empregados.<\/span><\/p>\n<p><strong><span style=\"font-size: 14pt;\">Edital de licita\u00e7\u00e3o<\/span><\/strong><\/p>\n<p><span style=\"font-size: 14pt;\">Na \u00faltima parte da reuni\u00e3o, a equipe da Secretaria de Sa\u00fade informou que os dez lotes do edital de licita\u00e7\u00e3o, para a contrata\u00e7\u00e3o das empresas prestadoras de servi\u00e7os, est\u00e3o na fase de an\u00e1lise minuciosa das propostas que atenderam aos requisitos e at\u00e9 meados de agosto deste ano estar\u00e1 definido.<\/span><\/p>\n<p><span style=\"font-size: 14pt;\">Por fim, o deputado Chico Vigilante fortaleceu a import\u00e2ncia e rigor da utiliza\u00e7\u00e3o da Lei da Conta Vinculada (Lei Distrital 4.636\/2011 de sua autoria), que assegura o Fundo de Garantia Por Tempo de Servi\u00e7o (FGTS), o 13\u00b0 sal\u00e1rio, as f\u00e9rias e as verbas rescis\u00f3rias das trabalhadoras e trabalhadores terceirizados.<\/span><\/p>\n<p class=\"wpf_wrapper\"><a class=\"print_link\" href=\"\" target=\"_blank\">Preparar para impress\u00e3o<\/a><\/p><!-- .wpf_wrapper -->","protected":false},"excerpt":{"rendered":"<p>Diante dos constantes atrasos no pagamento dos sal\u00e1rios e demais benef\u00edcios dos vigilantes e demais terceirizados que prestam servi\u00e7o em&hellip; <\/p>\n","protected":false},"author":4,"featured_media":16063,"comment_status":"closed","ping_status":"closed","sticky":false,"template":"","format":"standard","meta":{"footnotes":""},"categories":[101],"tags":[],"class_list":["post-16062","post","type-post","status-publish","format-standard","has-post-thumbnail","hentry","category-olho-vivo"],"jetpack_featured_media_url":"https:\/\/sindesvdf.com.br\/news\/wp-content\/uploads\/2022\/06\/saude.jpg","_links":{"self":[{"href":"https:\/\/sindesvdf.com.br\/news\/wp-json\/wp\/v2\/posts\/16062","targetHints":{"allow":["GET"]}}],"collection":[{"href":"https:\/\/sindesvdf.com.br\/news\/wp-json\/wp\/v2\/posts"}],"about":[{"href":"https:\/\/sindesvdf.com.br\/news\/wp-json\/wp\/v2\/types\/post"}],"author":[{"embeddable":true,"href":"https:\/\/sindesvdf.com.br\/news\/wp-json\/wp\/v2\/users\/4"}],"replies":[{"embeddable":true,"href":"https:\/\/sindesvdf.com.br\/news\/wp-json\/wp\/v2\/comments?post=16062"}],"version-history":[{"count":1,"href":"https:\/\/sindesvdf.com.br\/news\/wp-json\/wp\/v2\/posts\/16062\/revisions"}],"predecessor-version":[{"id":16064,"href":"https:\/\/sindesvdf.com.br\/news\/wp-json\/wp\/v2\/posts\/16062\/revisions\/16064"}],"wp:featuredmedia":[{"embeddable":true,"href":"https:\/\/sindesvdf.com.br\/news\/wp-json\/wp\/v2\/media\/16063"}],"wp:attachment":[{"href":"https:\/\/sindesvdf.com.br\/news\/wp-json\/wp\/v2\/media?parent=16062"}],"wp:term":[{"taxonomy":"category","embeddable":true,"href":"https:\/\/sindesvdf.com.br\/news\/wp-json\/wp\/v2\/categories?post=16062"},{"taxonomy":"post_tag","embeddable":true,"href":"https:\/\/sindesvdf.com.br\/news\/wp-json\/wp\/v2\/tags?post=16062"}],"curies":[{"name":"wp","href":"https:\/\/api.w.org\/{rel}","templated":true}]}}